{"id":5431,"date":"2022-05-12T07:53:42","date_gmt":"2022-05-12T10:53:42","guid":{"rendered":"https:\/\/www.mpal.mp.br\/?p=5431"},"modified":"2022-05-16T07:53:50","modified_gmt":"2022-05-16T10:53:50","slug":"em-reuniao-mpal-assume-o-compromisso-de-aderir-ao-plano-estadual-da-politica-nacional-de-trabalho-do-preso-e-egresso-do-sistema-prisional","status":"publish","type":"post","link":"https:\/\/www.mpal.mp.br\/?p=5431","title":{"rendered":"Em reuni\u00e3o, MPAL assume o compromisso de aderir ao Plano Estadual da Pol\u00edtica Nacional de Trabalho do Preso e Egresso do Sistema Prisional"},"content":{"rendered":"<div class=\"fusion-fullwidth fullwidth-box fusion-builder-row-1 nonhundred-percent-fullwidth non-hundred-percent-height-scrolling\"  style='background-color: #ffffff;background-position: center center;background-repeat: no-repeat;padding-top:0px;padding-right:0px;padding-bottom:0px;padding-left:0px;'><div class=\"fusion-builder-row fusion-row \"><div  class=\"fusion-layout-column fusion_builder_column fusion_builder_column_1_1 fusion-builder-column-1 fusion-one-full fusion-column-first fusion-column-last 1_1\"  style='margin-top:0px;margin-bottom:20px;'>\n\t\t\t\t\t<div class=\"fusion-column-wrapper\" style=\"padding: 0px 0px 0px 0px;background-position:left top;background-repeat:no-repeat;-webkit-background-size:cover;-moz-background-size:cover;-o-background-size:cover;background-size:cover;\"   data-bg-url=\"\">\n\t\t\t\t\t\t<div class=\"fusion-text\"><p style=\"text-align: justify;\" align=\"justify\" data-raofz=\"14\"><span style=\"font-size: 14pt;\" data-raofz=\"13\">Ap\u00f3s uma reuni\u00e3o ocorrida na manh\u00e3 desta quinta-feira (12), o Minist\u00e9rio P\u00fablico do Estado de Alagoas resolveu aderir ao Plano Estadual da Pol\u00edtica Nacional de Trabalho do Preso e Egresso do Sistema Prisional. As tratativas aconteceram durante uma reuni\u00e3o entre o procurador-geral de Justi\u00e7a, M\u00e1rcio Roberto Ten\u00f3rio de Albuquerque, e o procurador-chefe da Procuradoria Regional do Trabalho da 19\u00aa Regi\u00e3o, Rafael Gazzan\u00e9o J\u00fanior.<\/span><\/p>\n<p style=\"text-align: justify;\" align=\"justify\" data-raofz=\"14\"><span style=\"font-size: 14pt;\" data-raofz=\"13\">No encontro, os chefes das duas institui\u00e7\u00f5es conversaram sobre a Recomenda\u00e7\u00e3o n\u00ba 86\/21 do Conselho Nacional do Minist\u00e9rio P\u00fablico que, em seu texto, orienta os ramos e as unidades do MP brasileiro a adotarem medidas estruturantes para a melhoria das condi\u00e7\u00f5es ambientais e de acesso ao trabalho no \u00e2mbito do sistema prisional.<\/span><\/p>\n<p style=\"text-align: justify;\" align=\"justify\" data-raofz=\"14\"><span style=\"font-size: 14pt;\" data-raofz=\"13\">No acordo de coopera\u00e7\u00e3o t\u00e9cnica, que dever\u00e1 tamb\u00e9m contar com a parceria do Poder Executivo estadual \u2013 os chefes dos dois MPs cuidar\u00e3o dessa agenda com o governador, a finalidade conjunta ser\u00e1 de cunhos educativo e produtivo, por meio da organiza\u00e7\u00e3o e m\u00e9todos de trabalho que sigam precau\u00e7\u00f5es relativas \u00e0 sa\u00fade e \u00e0 higiene e que sirvam de instrumento de ressocializa\u00e7\u00e3o.<\/span><\/p>\n<p style=\"text-align: justify;\" align=\"justify\" data-raofz=\"14\"><span style=\"font-size: 14pt;\" data-raofz=\"13\">\u201cSer\u00e1 uma iniciativa constru\u00edda a muitas m\u00e3os, com todos imbu\u00eddos do prop\u00f3sito de oferecer mais dignidade humana ao preso, fortalecendo, assim, o conceito do valor social do trabalho. Iremos nos basear na Pol\u00edtica Nacional de Trabalho no \u00e2mbito do Sistema Prisional, que foi institu\u00edda pelo Decreto n\u00ba 9.450\/18, que \u00e9 voltada \u00e0 amplia\u00e7\u00e3o e qualifica\u00e7\u00e3o da oferta de vagas de trabalho, ao empreendedorismo e \u00e0 forma\u00e7\u00e3o profissional das pessoas presas e egressas do sistema\u201d, afirmou M\u00e1rcio Roberto Ten\u00f3rio de Albuquerque.<\/span><\/p>\n<p style=\"text-align: justify;\" align=\"justify\" data-raofz=\"14\"><span style=\"font-size: 14pt;\" data-raofz=\"13\">Para Rafael Gazzan\u00e9o J\u00fanior, \u00e9 preciso se intensificar as parcerias, de modo a se buscar a ressocializa\u00e7\u00e3o dos custodiados. \u201c\u00c9 de fundamental import\u00e2ncia a amplia\u00e7\u00e3o dessa rede de coopera\u00e7\u00e3o, envolvendo os setores p\u00fablico e privado e a sociedade civil organizada, em prol da capacita\u00e7\u00e3o de condenados a penas privativas de liberdade, bem como dos recuperandos e egressos do sistema prisional\u201d, disse ele.<\/span><\/p>\n<p style=\"text-align: justify;\" align=\"justify\" data-raofz=\"14\"><span style=\"font-size: 14pt;\" data-raofz=\"13\">Tamb\u00e9m participaram da reuni\u00e3o o chefe de gabinete do MPAL, promotor de Justi\u00e7a Humberto Bulh\u00f5es, o promotor de Justi\u00e7a Luiz Vasconcelos, e o procurador do MPT Luiz Felipe dos Anjos.\u00a0<\/span><\/p>\n<\/div><div class=\"fusion-clearfix\"><\/div>\n\n\t\t\t\t\t<\/div>\n\t\t\t\t<\/div><\/div><\/div>\n","protected":false},"excerpt":{"rendered":"","protected":false},"author":2,"featured_media":5432,"comment_status":"open","ping_status":"open","sticky":false,"template":"","format":"standard","meta":{"om_disable_all_campaigns":false,"_monsterinsights_skip_tracking":false,"_monsterinsights_sitenote_active":false,"_monsterinsights_sitenote_note":"","_monsterinsights_sitenote_category":0,"_uf_show_specific_survey":0,"_uf_disable_surveys":false,"footnotes":""},"categories":[2],"tags":[],"class_list":["post-5431","post","type-post","status-publish","format-standard","has-post-thumbnail","hentry","category-not_mpal"],"aioseo_notices":[],"_links":{"self":[{"href":"https:\/\/www.mpal.mp.br\/index.php?rest_route=\/wp\/v2\/posts\/5431","targetHints":{"allow":["GET"]}}],"collection":[{"href":"https:\/\/www.mpal.mp.br\/index.php?rest_route=\/wp\/v2\/posts"}],"about":[{"href":"https:\/\/www.mpal.mp.br\/index.php?rest_route=\/wp\/v2\/types\/post"}],"author":[{"embeddable":true,"href":"https:\/\/www.mpal.mp.br\/index.php?rest_route=\/wp\/v2\/users\/2"}],"replies":[{"embeddable":true,"href":"https:\/\/www.mpal.mp.br\/index.php?rest_route=%2Fwp%2Fv2%2Fcomments&post=5431"}],"version-history":[{"count":2,"href":"https:\/\/www.mpal.mp.br\/index.php?rest_route=\/wp\/v2\/posts\/5431\/revisions"}],"predecessor-version":[{"id":5434,"href":"https:\/\/www.mpal.mp.br\/index.php?rest_route=\/wp\/v2\/posts\/5431\/revisions\/5434"}],"wp:featuredmedia":[{"embeddable":true,"href":"https:\/\/www.mpal.mp.br\/index.php?rest_route=\/wp\/v2\/media\/5432"}],"wp:attachment":[{"href":"https:\/\/www.mpal.mp.br\/index.php?rest_route=%2Fwp%2Fv2%2Fmedia&parent=5431"}],"wp:term":[{"taxonomy":"category","embeddable":true,"href":"https:\/\/www.mpal.mp.br\/index.php?rest_route=%2Fwp%2Fv2%2Fcategories&post=5431"},{"taxonomy":"post_tag","embeddable":true,"href":"https:\/\/www.mpal.mp.br\/index.php?rest_route=%2Fwp%2Fv2%2Ftags&post=5431"}],"curies":[{"name":"wp","href":"https:\/\/api.w.org\/{rel}","templated":true}]}}