{"id":5423,"date":"2022-05-13T07:49:47","date_gmt":"2022-05-13T10:49:47","guid":{"rendered":"https:\/\/www.mpal.mp.br\/?p=5423"},"modified":"2022-05-16T07:50:37","modified_gmt":"2022-05-16T10:50:37","slug":"mpal-fiscaliza-a-inclusao-da-disciplina-historia-e-cultura-afro-brasileira-e-indigena-nas-escolas-de-uniao-e-mundau","status":"publish","type":"post","link":"https:\/\/www.mpal.mp.br\/?p=5423","title":{"rendered":"MPAL fiscaliza a inclus\u00e3o da disciplina Hist\u00f3ria e Cultura Afro-Brasileira e Ind\u00edgena nas escolas de Uni\u00e3o e Munda\u00fa"},"content":{"rendered":"<div class=\"fusion-fullwidth fullwidth-box fusion-builder-row-1 nonhundred-percent-fullwidth non-hundred-percent-height-scrolling\"  style='background-color: #ffffff;background-position: center center;background-repeat: no-repeat;padding-top:0px;padding-right:0px;padding-bottom:0px;padding-left:0px;'><div class=\"fusion-builder-row fusion-row \"><div  class=\"fusion-layout-column fusion_builder_column fusion_builder_column_1_1 fusion-builder-column-1 fusion-one-full fusion-column-first fusion-column-last 1_1\"  style='margin-top:0px;margin-bottom:20px;'>\n\t\t\t\t\t<div class=\"fusion-column-wrapper\" style=\"padding: 0px 0px 0px 0px;background-position:left top;background-repeat:no-repeat;-webkit-background-size:cover;-moz-background-size:cover;-o-background-size:cover;background-size:cover;\"   data-bg-url=\"\">\n\t\t\t\t\t\t<div class=\"fusion-text\"><p style=\"text-align: justify;\" data-raofz=\"14\"><span style=\"font-size: 14pt;\" data-raofz=\"13\">No Dia da Aboli\u00e7\u00e3o da Escravatura, 13 de maio, o Minist\u00e9rio P\u00fablico do Estado de Alagoas aguarda repostas da Secretaria de Estado da Educa\u00e7\u00e3o e das Prefeituras de Uni\u00e3o dos Palmares e Santana do Munda\u00fa a respeito da inclus\u00e3o da disciplina Hist\u00f3ria e Cultura Afro-Brasileira e Ind\u00edgena nos estabelecimentos de ensino fundamental e m\u00e9dio, p\u00fablicos e privados, daquele munic\u00edpio. No procedimento administrativo n\u00ba 09.2022.00000298-0, instaurado h\u00e1 uma semana, o MPAL quer garantir que o direito \u00e0 educa\u00e7\u00e3o para os alunos da cidade contemple o acesso \u00e0 \u201ccultura nacional\u201d e ajude a combater o racismo nas unidades de ensino.<\/span><\/p>\n<p style=\"text-align: justify;\" data-raofz=\"14\"><span style=\"font-size: 14pt;\" data-raofz=\"13\">De iniciativa do promotor de Justi\u00e7a de Uni\u00e3o dos Palmares, Lucas Sachsida, e do promotor de Justi\u00e7a do N\u00facleo de Defesa da Educa\u00e7\u00e3o \u2013 vinculado ao Centro de Apoio Operacional \u00e0s Promotorias de Justi\u00e7a (Caop), Kleber Valadares, o procedimento alerta que existem legisla\u00e7\u00f5es espec\u00edficas que tratam do assunto, fazendo alus\u00e3o, inicialmente, a Constitui\u00e7\u00e3o Federal que, em seu artigo 215, garante a todos \u201co pleno exerc\u00edcio dos direitos culturais e acesso \u00e0s fontes da cultura nacional, dispondo, expressamente, em seu par\u00e1grafo primeiro, que ao Estado incumbir\u00e1 a prote\u00e7\u00e3o das manifesta\u00e7\u00f5es das culturas populares, ind\u00edgenas e afro-brasileiras\u201d.<\/span><\/p>\n<p style=\"text-align: justify;\" data-raofz=\"14\"><span style=\"font-size: 14pt;\" data-raofz=\"13\">O MPAL tamb\u00e9m cita a Lei n\u00b0 12.288\/2010 (Estatuto da Igualdade Racial), que determina aos estabelecimentos de ensino fundamental e m\u00e9dio, p\u00fablicos e privados, a obrigatoriedade do estudo da hist\u00f3ria geral da \u00c1frica e da popula\u00e7\u00e3o negra no Brasil, cabendo ao Poder Executivo fomentar a forma\u00e7\u00e3o inicial e continuada de professores e a elabora\u00e7\u00e3o de material did\u00e1tico espec\u00edfico para o cumprimento da norma.<\/span><\/p>\n<p style=\"text-align: justify;\" data-raofz=\"14\"><span style=\"font-size: 14pt;\" data-raofz=\"13\">Os promotores de Justi\u00e7a explicaram ainda que a Lei de Diretrizes e Base da Educa\u00e7\u00e3o Nacional (LDB) e a Lei estadual n\u00ba 6.814\/07 igualmente estabelecem como regra o ensino sobre hist\u00f3ria e cultura afro-brasileira e ind\u00edgena.<\/span><\/p>\n<p style=\"text-align: justify;\" data-raofz=\"14\"><span style=\"font-size: 14pt;\"><strong>Enfrentamento ao racismo<\/strong><\/span><\/p>\n<p style=\"text-align: justify;\" data-raofz=\"14\"><span style=\"font-size: 14pt;\" data-raofz=\"13\">Para o Minist\u00e9rio P\u00fablico, a correta e devida implanta\u00e7\u00e3o da disciplina al\u00e9m de ser exig\u00eancia legal disposta na Lei de Diretrizes e Bases da Educa\u00e7\u00e3o, representa medida necess\u00e1ria para a qualidade da educa\u00e7\u00e3o e enfrentamento de problemas sociais ainda pujantes.<\/span><\/p>\n<p style=\"text-align: justify;\" data-raofz=\"14\"><span style=\"font-size: 14pt;\" data-raofz=\"14\">Segundo Lucas Sachsida e Kleber Valadares, \u201c\u00e9 inadmiss\u00edvel que nossas crian\u00e7as saiam das escolas sem conhecer, por exemplo, o triste evento conhecido como \u2018Quebra de Xang\u00f4\u201d, a hist\u00f3ria de Drag\u00e3o do Mar e sua luta para o fim da escravid\u00e3o brasileira ou a for\u00e7a e representatividade da princesa Aqualtune na forma\u00e7\u00e3o do Quilombo dos Palmares. N\u00e3o s\u00f3 em respeito ao direito de conhecimento da importante hist\u00f3ria de nosso povo, mas a medida \u00e9 imprescind\u00edvel tamb\u00e9m para sensibiliza\u00e7\u00e3o de todos no enfrentamento do racismo em suas diversas facetas. Uma sociedade melhor \u00e9 uma sociedade de respeito, equidade e solidariedade\u201d, pontuaram eles.\u00a0<\/span><\/p>\n<\/div><div class=\"fusion-clearfix\"><\/div>\n\n\t\t\t\t\t<\/div>\n\t\t\t\t<\/div><\/div><\/div>\n","protected":false},"excerpt":{"rendered":"","protected":false},"author":2,"featured_media":5424,"comment_status":"open","ping_status":"open","sticky":false,"template":"","format":"standard","meta":{"om_disable_all_campaigns":false,"_monsterinsights_skip_tracking":false,"_monsterinsights_sitenote_active":false,"_monsterinsights_sitenote_note":"","_monsterinsights_sitenote_category":0,"_uf_show_specific_survey":0,"_uf_disable_surveys":false,"footnotes":""},"categories":[2],"tags":[],"class_list":["post-5423","post","type-post","status-publish","format-standard","has-post-thumbnail","hentry","category-not_mpal"],"aioseo_notices":[],"_links":{"self":[{"href":"https:\/\/www.mpal.mp.br\/index.php?rest_route=\/wp\/v2\/posts\/5423","targetHints":{"allow":["GET"]}}],"collection":[{"href":"https:\/\/www.mpal.mp.br\/index.php?rest_route=\/wp\/v2\/posts"}],"about":[{"href":"https:\/\/www.mpal.mp.br\/index.php?rest_route=\/wp\/v2\/types\/post"}],"author":[{"embeddable":true,"href":"https:\/\/www.mpal.mp.br\/index.php?rest_route=\/wp\/v2\/users\/2"}],"replies":[{"embeddable":true,"href":"https:\/\/www.mpal.mp.br\/index.php?rest_route=%2Fwp%2Fv2%2Fcomments&post=5423"}],"version-history":[{"count":2,"href":"https:\/\/www.mpal.mp.br\/index.php?rest_route=\/wp\/v2\/posts\/5423\/revisions"}],"predecessor-version":[{"id":5426,"href":"https:\/\/www.mpal.mp.br\/index.php?rest_route=\/wp\/v2\/posts\/5423\/revisions\/5426"}],"wp:featuredmedia":[{"embeddable":true,"href":"https:\/\/www.mpal.mp.br\/index.php?rest_route=\/wp\/v2\/media\/5424"}],"wp:attachment":[{"href":"https:\/\/www.mpal.mp.br\/index.php?rest_route=%2Fwp%2Fv2%2Fmedia&parent=5423"}],"wp:term":[{"taxonomy":"category","embeddable":true,"href":"https:\/\/www.mpal.mp.br\/index.php?rest_route=%2Fwp%2Fv2%2Fcategories&post=5423"},{"taxonomy":"post_tag","embeddable":true,"href":"https:\/\/www.mpal.mp.br\/index.php?rest_route=%2Fwp%2Fv2%2Ftags&post=5423"}],"curies":[{"name":"wp","href":"https:\/\/api.w.org\/{rel}","templated":true}]}}