{"id":5418,"date":"2022-05-10T07:48:47","date_gmt":"2022-05-10T10:48:47","guid":{"rendered":"https:\/\/www.mpal.mp.br\/?p=5418"},"modified":"2022-05-16T07:48:55","modified_gmt":"2022-05-16T10:48:55","slug":"pgj-marcio-roberto-empossa-nova-analista-judiciaria-do-ministerio-publico-de-alagoas","status":"publish","type":"post","link":"https:\/\/www.mpal.mp.br\/?p=5418","title":{"rendered":"PGJ M\u00e1rcio Roberto empossa nova analista judici\u00e1ria do Minist\u00e9rio P\u00fablico de Alagoas"},"content":{"rendered":"<div class=\"fusion-fullwidth fullwidth-box fusion-builder-row-1 nonhundred-percent-fullwidth non-hundred-percent-height-scrolling\"  style='background-color: #ffffff;background-position: center center;background-repeat: no-repeat;padding-top:0px;padding-right:0px;padding-bottom:0px;padding-left:0px;'><div class=\"fusion-builder-row fusion-row \"><div  class=\"fusion-layout-column fusion_builder_column fusion_builder_column_1_1 fusion-builder-column-1 fusion-one-full fusion-column-first fusion-column-last 1_1\"  style='margin-top:0px;margin-bottom:20px;'>\n\t\t\t\t\t<div class=\"fusion-column-wrapper\" style=\"padding: 0px 0px 0px 0px;background-position:left top;background-repeat:no-repeat;-webkit-background-size:cover;-moz-background-size:cover;-o-background-size:cover;background-size:cover;\"   data-bg-url=\"\">\n\t\t\t\t\t\t<div class=\"fusion-text\"><p class=\"p1\" style=\"text-align: justify;\" data-raofz=\"14\"><span style=\"font-size: 14pt;\">O Minist\u00e9rio P\u00fablico do Estado de Alagoas, por meio do procurador-geral de Justi\u00e7a, M\u00e1rcio Roberto Ten\u00f3rio de Albuquerque, deu posse, nesta ter\u00e7a-feira (10), \u00e0 nova servidora aprovada no \u00faltimo concurso realizado pela institui\u00e7\u00e3o. Larissa Freire Jatob\u00e1 vai desempenhar suas atividades na unidade do MPAL do munic\u00edpio de Marechal Deodoro.<\/span><\/p>\n<p style=\"text-align: justify;\" data-raofz=\"14\"><span style=\"font-size: 14pt;\">Com o ato solene de posse realizado, a mais recente funcion\u00e1ria p\u00fablica do Minist\u00e9rio P\u00fablico j\u00e1 entrar\u00e1 em exerc\u00edcio imediatamente. Ele vai ocupar a fun\u00e7\u00e3o de analista da \u00e1rea jur\u00eddica, na 1\u00aa e 2\u00aa Promotorias de Justi\u00e7a de Marechal.<\/span><\/p>\n<p style=\"text-align: justify;\" data-raofz=\"14\"><span style=\"font-size: 14pt;\">Ap\u00f3s assinar o ato de nomea\u00e7\u00e3o, M\u00e1rcio Roberto Ten\u00f3rio de Albuquerque falou \u00e0 Larissa Freire de sua alegria em receber mais uma servidora que passar\u00e1 a integrar os quadros do MPAL: \u201cEstamos felizes com a sua chegada, tenha certeza que voc\u00ea \u00e9 muito bem-vinda. Desejamos sucesso em sua carreira dentro da nossa institui\u00e7\u00e3o e que possa dar sua importante contribui\u00e7\u00e3o jur\u00eddica ao Minist\u00e9rio P\u00fablico e \u00e0 sociedade alagoana\u201d, disse ele.<\/span><\/p>\n<p style=\"text-align: justify;\" data-raofz=\"14\"><span style=\"font-size: 14pt;\">O procurador-geral de Justi\u00e7a tamb\u00e9m informou que a gest\u00e3o n\u00e3o tem medido esfor\u00e7os para convocar os aprovados no certame realizado em 2018. \u201cEsses nossos esfor\u00e7os s\u00e3o no sentindo de preencher os cargos vagos para que a institui\u00e7\u00e3o, com o trabalho e dedica\u00e7\u00e3o de cada novo integrante que chega, possa prestar servi\u00e7os ainda melhores \u00e0 popula\u00e7\u00e3o\u201d, acrescentou ele.<\/span><\/p>\n<p style=\"text-align: justify;\" data-raofz=\"14\"><span style=\"font-size: 14pt;\">Larissa Freire Jatob\u00e1, que j\u00e1 trabalhava aqui no estado como t\u00e9cnica judici\u00e1ria do Tribunal de Justi\u00e7a de Alagoas, disse que est\u00e1 realizando um sonho em fazer parte do MPAL. \u201cSou concurseira e trabalhei em outras institui\u00e7\u00f5es, mas, ser do Minist\u00e9rio P\u00fablico era um desejo antigo. Estou feliz e emocionada, n\u00e3o vejo a hora de come\u00e7ar a trabalhar aqui. Espero poder fazer um bom trabalho, darei o meu melhor\u201d, garantiu ela.<\/span><\/p>\n<p style=\"text-align: justify;\" data-raofz=\"14\"><span style=\"font-size: 14pt;\">A solenidade de posse foi prestigiada pelo servidora Dilma Queir\u00f3s, diretora de Pessoal do Minist\u00e9rio P\u00fablico.<\/span><\/p>\n<\/div><div class=\"fusion-clearfix\"><\/div>\n\n\t\t\t\t\t<\/div>\n\t\t\t\t<\/div><\/div><\/div>\n","protected":false},"excerpt":{"rendered":"","protected":false},"author":2,"featured_media":5419,"comment_status":"open","ping_status":"open","sticky":false,"template":"","format":"standard","meta":{"om_disable_all_campaigns":false,"_monsterinsights_skip_tracking":false,"_monsterinsights_sitenote_active":false,"_monsterinsights_sitenote_note":"","_monsterinsights_sitenote_category":0,"_uf_show_specific_survey":0,"_uf_disable_surveys":false,"footnotes":""},"categories":[18],"tags":[],"class_list":["post-5418","post","type-post","status-publish","format-standard","has-post-thumbnail","hentry","category-not_concursos"],"aioseo_notices":[],"_links":{"self":[{"href":"https:\/\/www.mpal.mp.br\/index.php?rest_route=\/wp\/v2\/posts\/5418","targetHints":{"allow":["GET"]}}],"collection":[{"href":"https:\/\/www.mpal.mp.br\/index.php?rest_route=\/wp\/v2\/posts"}],"about":[{"href":"https:\/\/www.mpal.mp.br\/index.php?rest_route=\/wp\/v2\/types\/post"}],"author":[{"embeddable":true,"href":"https:\/\/www.mpal.mp.br\/index.php?rest_route=\/wp\/v2\/users\/2"}],"replies":[{"embeddable":true,"href":"https:\/\/www.mpal.mp.br\/index.php?rest_route=%2Fwp%2Fv2%2Fcomments&post=5418"}],"version-history":[{"count":1,"href":"https:\/\/www.mpal.mp.br\/index.php?rest_route=\/wp\/v2\/posts\/5418\/revisions"}],"predecessor-version":[{"id":5422,"href":"https:\/\/www.mpal.mp.br\/index.php?rest_route=\/wp\/v2\/posts\/5418\/revisions\/5422"}],"wp:featuredmedia":[{"embeddable":true,"href":"https:\/\/www.mpal.mp.br\/index.php?rest_route=\/wp\/v2\/media\/5419"}],"wp:attachment":[{"href":"https:\/\/www.mpal.mp.br\/index.php?rest_route=%2Fwp%2Fv2%2Fmedia&parent=5418"}],"wp:term":[{"taxonomy":"category","embeddable":true,"href":"https:\/\/www.mpal.mp.br\/index.php?rest_route=%2Fwp%2Fv2%2Fcategories&post=5418"},{"taxonomy":"post_tag","embeddable":true,"href":"https:\/\/www.mpal.mp.br\/index.php?rest_route=%2Fwp%2Fv2%2Ftags&post=5418"}],"curies":[{"name":"wp","href":"https:\/\/api.w.org\/{rel}","templated":true}]}}