{"id":53306,"date":"2025-02-25T13:42:51","date_gmt":"2025-02-25T16:42:51","guid":{"rendered":"https:\/\/www.mpal.mp.br\/?p=53306"},"modified":"2025-02-25T13:43:23","modified_gmt":"2025-02-25T16:43:23","slug":"apos-acp-do-ministerio-publico-promocoes-de-servidores-do-tce-sao-anuladas","status":"publish","type":"post","link":"https:\/\/www.mpal.mp.br\/?p=53306","title":{"rendered":"Ap\u00f3s a\u00e7\u00e3o civil p\u00fablica proposta pelo Minist\u00e9rio P\u00fablico, promo\u00e7\u00f5es de servidores do TCE s\u00e3o anuladas"},"content":{"rendered":"<p align=\"justify\"><span style=\"font-family: helvetica, arial, sans-serif; font-size: 12pt; color: #333333;\">Ap\u00f3s a\u00e7\u00e3o civil p\u00fablica (ACP) ajuizada pelo Minist\u00e9rio P\u00fablico do Estado de Alagoas (MPAL), o Poder Judici\u00e1rio julgou procedente o pedido formulado pela 17\u00aa Promotoria de Justi\u00e7a da Capital, com atribui\u00e7\u00e3o para atuar na \u00e1rea da Fazenda P\u00fablica Estadual, e declarou a inconstitucionalidade das promo\u00e7\u00f5es e reenquadramentos concedidos aos servidores do Tribunal de Contas do Estado (TCE\/AL) que passaram a fazer parte dos quadros daquela corte ap\u00f3s a promulga\u00e7\u00e3o da Constitui\u00e7\u00e3o Federal (CF). A decis\u00e3o n\u00e3o tem car\u00e1ter retroativo e, portanto, os benef\u00edcios j\u00e1 concedidos n\u00e3o ser\u00e3o invalidados. <\/span><\/p>\n<p align=\"justify\"><span style=\"font-family: helvetica, arial, sans-serif; font-size: 12pt; color: #333333;\">A ACP foi proposta pelo promotor de Justi\u00e7a Coaracy Fonseca em 2016. Por meio dela, o titular da 17\u00aa Promotoria de Justi\u00e7a da Capital argumentou que as promo\u00e7\u00f5es e reenquadramentos efetivados afrontavam disposi\u00e7\u00e3o constitucional e, em raz\u00e3o disso, deveriam ser consideradas nulas. Ele alegou que o TCE\/AL nunca realizou concurso p\u00fablico para provimento de cargos efetivos no \u00f3rg\u00e3o e que todos os servidores est\u00e1veis s\u00e3o oriundos do art. 19 do Ato das Disposi\u00e7\u00f5es Constitucionais Transit\u00f3rias (ADCT) da Constitui\u00e7\u00e3o Federal de 1988. Por isso, apesar de estabilidade a eles conferida, n\u00e3o existiria o direito de ascenderem na carreira, uma vez que essa efetividade adv\u00e9m do art. 37, inciso II, da CF, ou seja, do ingresso por meio de concurso. <\/span><\/p>\n<p align=\"justify\"><span style=\"font-family: helvetica, arial, sans-serif; font-size: 12pt; color: #333333;\">Coaracy Fonseca tamb\u00e9m alegou que, tanto a Lei Estadual n\u00ba 5.669\/1995, que estabeleceu a estrutura de cargos do TCE\/AL, quanto a Lei n\u00ba 7.204\/10, que trata da ascens\u00e3o de servidores, enquadrando-os em cargos melhores sem a devida aprova\u00e7\u00e3o em concurso p\u00fablico, ferem princ\u00edpios constitucionais.<\/span><\/p>\n<p align=\"justify\"><span style=\"color: #333333;\"><strong><span style=\"font-family: helvetica, arial, sans-serif; font-size: 12pt;\">\u201cM\u00e1 f\u00e9\u201d comprovada<\/span><\/strong><\/span><\/p>\n<p align=\"justify\"><span style=\"font-family: helvetica, arial, sans-serif; font-size: 12pt; color: #333333;\">Na a\u00e7\u00e3o, o Minist\u00e9rio P\u00fablico ainda afirmou que \u201cos benefici\u00e1rios dos atos nulos tinham pleno conhecimento das ilicitudes, estando caracterizada a m\u00e1-f\u00e9, pois as normas infringidas sobre o tema s\u00e3o de senso comum\u201d.<\/span><\/p>\n<p align=\"justify\"><span style=\"font-family: helvetica, arial, sans-serif; font-size: 12pt; color: #333333;\">Ao final, a 17\u00aa Promotoria de Justi\u00e7a da Capital requereu que fosse declarada a &#8220;nulidade de quaisquer promo\u00e7\u00f5es ou reenquadramentos concedidos aos servidores demandados ap\u00f3s a promulga\u00e7\u00e3o da Constitui\u00e7\u00e3o Federal de 1988, por afrontarem o art. 37, II, da Carta Magna, de modo que retornem \u00e0s fun\u00e7\u00f5es que exerciam quando lhes foi concedida estabilidade no servi\u00e7o p\u00fablico, conforme art. 19 do ADCT ou mesmo por for\u00e7a da Emenda \u00e0 Constitui\u00e7\u00e3o do Estado de Alagoas n\u00ba 22\/86, ou, no caso de aposentados, que tenham seus proventos reajustados, com a consequente condena\u00e7\u00e3o do Tribunal de Contas a cessar a pr\u00e1tica ilegal&#8221;.<\/span><\/p>\n<p align=\"justify\"><span style=\"color: #333333;\"><strong><span style=\"font-family: helvetica, arial, sans-serif; font-size: 12pt;\">A decis\u00e3o <\/span><\/strong><\/span><\/p>\n<p align=\"justify\"><span style=\"font-family: helvetica, arial, sans-serif; font-size: 12pt; color: #333333;\">O Poder Judici\u00e1rio acatou parcialmente o pedido formulado pelo MPAL, declarando a inconstitucionalidade das promo\u00e7\u00f5es e reenquadramentos concedidos aos servidores do Tribunal de Contas do Estado (TCE\/AL) que passaram a fazer parte dos quadros daquela corte ap\u00f3s a promulga\u00e7\u00e3o da Constitui\u00e7\u00e3o Federal (CF). No entanto, por entender que n\u00e3o houve a \u201cm\u00e1-f\u00e9\u201d alegada na ACP, a decis\u00e3o n\u00e3o contempla benef\u00edcios j\u00e1 concedidos at\u00e9 ent\u00e3o. Seu efeito passa a ter validade a partir de 10 de dezembro de 2024, data da senten\u00e7a. <\/span><\/p>\n<p align=\"justify\"><span style=\"color: #333333; font-family: helvetica, arial, sans-serif; font-size: 12pt;\">Apesar de reconhecer que a decis\u00e3o \u00e9 hist\u00f3rica e servir\u00e1 de precedente para Estado e munic\u00edpios alagoanos, o promotor de Justi\u00e7a Coaracy Fonseca vai analisar a possibilidade de interposi\u00e7\u00e3o de um poss\u00edvel recurso de apela\u00e7\u00e3o para que o pedido do Minist\u00e9rio P\u00fablico seja atendido na integralidade.<\/span><\/p>\n","protected":false},"excerpt":{"rendered":"<p> [&hellip;]<\/p>\n","protected":false},"author":17,"featured_media":22057,"comment_status":"open","ping_status":"open","sticky":false,"template":"","format":"standard","meta":{"om_disable_all_campaigns":false,"_monsterinsights_skip_tracking":false,"_monsterinsights_sitenote_active":false,"_monsterinsights_sitenote_note":"","_monsterinsights_sitenote_category":0,"_uf_show_specific_survey":0,"_uf_disable_surveys":false,"footnotes":""},"categories":[2],"tags":[],"class_list":["post-53306","post","type-post","status-publish","format-standard","has-post-thumbnail","hentry","category-not_mpal"],"aioseo_notices":[],"_links":{"self":[{"href":"https:\/\/www.mpal.mp.br\/index.php?rest_route=\/wp\/v2\/posts\/53306","targetHints":{"allow":["GET"]}}],"collection":[{"href":"https:\/\/www.mpal.mp.br\/index.php?rest_route=\/wp\/v2\/posts"}],"about":[{"href":"https:\/\/www.mpal.mp.br\/index.php?rest_route=\/wp\/v2\/types\/post"}],"author":[{"embeddable":true,"href":"https:\/\/www.mpal.mp.br\/index.php?rest_route=\/wp\/v2\/users\/17"}],"replies":[{"embeddable":true,"href":"https:\/\/www.mpal.mp.br\/index.php?rest_route=%2Fwp%2Fv2%2Fcomments&post=53306"}],"version-history":[{"count":2,"href":"https:\/\/www.mpal.mp.br\/index.php?rest_route=\/wp\/v2\/posts\/53306\/revisions"}],"predecessor-version":[{"id":53308,"href":"https:\/\/www.mpal.mp.br\/index.php?rest_route=\/wp\/v2\/posts\/53306\/revisions\/53308"}],"wp:featuredmedia":[{"embeddable":true,"href":"https:\/\/www.mpal.mp.br\/index.php?rest_route=\/wp\/v2\/media\/22057"}],"wp:attachment":[{"href":"https:\/\/www.mpal.mp.br\/index.php?rest_route=%2Fwp%2Fv2%2Fmedia&parent=53306"}],"wp:term":[{"taxonomy":"category","embeddable":true,"href":"https:\/\/www.mpal.mp.br\/index.php?rest_route=%2Fwp%2Fv2%2Fcategories&post=53306"},{"taxonomy":"post_tag","embeddable":true,"href":"https:\/\/www.mpal.mp.br\/index.php?rest_route=%2Fwp%2Fv2%2Ftags&post=53306"}],"curies":[{"name":"wp","href":"https:\/\/api.w.org\/{rel}","templated":true}]}}