{"id":53123,"date":"2025-02-20T14:53:53","date_gmt":"2025-02-20T17:53:53","guid":{"rendered":"https:\/\/www.mpal.mp.br\/?p=53123"},"modified":"2025-02-20T14:56:12","modified_gmt":"2025-02-20T17:56:12","slug":"promotor-de-justica-integrara-grupo-de-trabalho-instituido-pelo-conselho-nacional-do-ministerio-publico","status":"publish","type":"post","link":"https:\/\/www.mpal.mp.br\/?p=53123","title":{"rendered":"Promotor de Justi\u00e7a integrar\u00e1 Grupo de Trabalho institu\u00eddo pelo Conselho Nacional do Minist\u00e9rio P\u00fablico"},"content":{"rendered":"<p align=\"justify\"><span style=\"font-family: helvetica, arial, sans-serif;\">O Minist\u00e9rio P\u00fablico de Alagoas (MPAL) ter\u00e1 representante no novo Grupo de Trabalho institu\u00eddo pelo Conselho Nacional do Minist\u00e9rio P\u00fablico (CNMP). O promotor de Justi\u00e7a de Funda\u00e7\u00f5es, Givaldo Lessa, dividir\u00e1 a atua\u00e7\u00e3o com colegas de outros quatro estados. O GT tem como prop\u00f3sito elaborar diretrizes de atua\u00e7\u00e3o funcional para membros ministeriais no exerc\u00edcio das atribui\u00e7\u00f5es de velamento de Funda\u00e7\u00f5es de direito privado.<\/span><\/p>\n<p align=\"justify\"><span style=\"font-family: helvetica, arial, sans-serif;\">O Grupo de Trabalho ter\u00e1 como coordenadora a promotora de Justi\u00e7a do Minist\u00e9rio P\u00fablico do Estado de S\u00e3o Paulo (MPSP) e membra colaboradora da Presid\u00eancia do CNMP, Fl\u00e1via Cristina Merlini, e o promotor de Justi\u00e7a do Minist\u00e9rio P\u00fablico do Estado do Rio de Janeiro (MPRJ), Jos\u00e9 Marinho Paulo J\u00fanior, na fun\u00e7\u00e3o de coordenador adjunto.<\/span><\/p>\n<p align=\"justify\"><span style=\"font-family: helvetica, arial, sans-serif;\">\u201cTem uma Portaria do Conselho Nacional do Minist\u00e9rio P\u00fablico criando um grupo de trabalho para a elabora\u00e7\u00e3o de um manual de atua\u00e7\u00e3o funcional para os promotores de Justi\u00e7a curadores de Funda\u00e7\u00f5es . Esse grupo foi criado no \u00e2mbito da Comiss\u00e3o do conselheiro Ant\u00f4nio Ed\u00edlio, e em sua totalidade tem seis pessoas, todos promotores de Justi\u00e7a de Funda\u00e7\u00f5es, representando o Brasil todo na elabora\u00e7\u00e3o desse manual espec\u00edfico. Os trabalhos foram iniciados nessa quarta-feira, dezenove, e tem um ano para concluir, embora haja a expectativa de lan\u00e7amento do manual no congresso do Minist\u00e9rio P\u00fablico, a ser promovido pela Conamp, no per\u00edodo de onze a catorze de novembro\u201d, pormenoriza a coordenadora do GT.<\/span><\/p>\n<p align=\"justify\"><span style=\"font-family: helvetica, arial, sans-serif;\">Lisonjeado, o promotor de Justi\u00e7a alagoano fala de responsabilidade e explica com mais detalhes a finalidade a cria\u00e7\u00e3o desse grupo.<\/span><\/p>\n<p align=\"justify\"><span style=\"font-family: helvetica, arial, sans-serif;\">\u201cA elabora\u00e7\u00e3o do manual de atua\u00e7\u00e3o funcional ser\u00e1 de grande valia para a atua\u00e7\u00e3o de todos os colegas na curadoria das funda\u00e7\u00f5es. Com o advento da Resolu\u00e7\u00e3o 300\/2024, o Conselho Nacional do Minist\u00e9rio P\u00fablico entendeu que havia a necessidade de uniformizar a atividade de velamento e com esse objetivo criou esse GT. Fiquei honrado com o convite uma vez que estarei ao lado de algumas das maiores autoridades do Brasil na fiscaliza\u00e7\u00e3o e velamento do terceiro setor e poderei aprender demais com esse conv\u00edvio e trazer o que for absorvido para Alagoas. Importante salientar que foi fundamental para a indica\u00e7\u00e3o, o apoio que a PGJ vem dando \u00e0 Promotoria, o que permitiu que o nosso trabalho ganhasse visibilidade nacional,\u201d afirma o promotor.<\/span><\/p>\n<p align=\"justify\"><span style=\"font-family: helvetica, arial, sans-serif;\">A equipe trabalhar\u00e1 diretamente ligada ao gabinete do Conselheiro Nacional do Minist\u00e9rio P\u00fablico Ant\u00f4nio Ed\u00edlio Magalh\u00e3es Teixeira. Os membros atuar\u00e3o sem preju\u00edzo das fun\u00e7\u00f5es no \u00f3rg\u00e3o de origem.<\/span><\/p>\n<p align=\"justify\"><span style=\"font-family: helvetica, arial, sans-serif;\">Pela import\u00e2ncia do assunto que \u00e9 o foco principal das atividades a serem desenvolvidos h\u00e1 a possibilidade de conselheiro Nacional do Minist\u00e9rio P\u00fablico Ant\u00f4nio Ed\u00edlio Magalh\u00e3es Teixeira convidar outros membros ministeriais para serem integrados como colaboradores do GT.<\/span><\/p>\n","protected":false},"excerpt":{"rendered":"<p> [&hellip;]<\/p>\n","protected":false},"author":8,"featured_media":29741,"comment_status":"open","ping_status":"open","sticky":false,"template":"","format":"standard","meta":{"om_disable_all_campaigns":false,"_monsterinsights_skip_tracking":false,"_monsterinsights_sitenote_active":false,"_monsterinsights_sitenote_note":"","_monsterinsights_sitenote_category":0,"_uf_show_specific_survey":0,"_uf_disable_surveys":false,"footnotes":""},"categories":[1],"tags":[],"class_list":["post-53123","post","type-post","status-publish","format-standard","has-post-thumbnail","hentry","category-sem-categoria"],"aioseo_notices":[],"_links":{"self":[{"href":"https:\/\/www.mpal.mp.br\/index.php?rest_route=\/wp\/v2\/posts\/53123","targetHints":{"allow":["GET"]}}],"collection":[{"href":"https:\/\/www.mpal.mp.br\/index.php?rest_route=\/wp\/v2\/posts"}],"about":[{"href":"https:\/\/www.mpal.mp.br\/index.php?rest_route=\/wp\/v2\/types\/post"}],"author":[{"embeddable":true,"href":"https:\/\/www.mpal.mp.br\/index.php?rest_route=\/wp\/v2\/users\/8"}],"replies":[{"embeddable":true,"href":"https:\/\/www.mpal.mp.br\/index.php?rest_route=%2Fwp%2Fv2%2Fcomments&post=53123"}],"version-history":[{"count":2,"href":"https:\/\/www.mpal.mp.br\/index.php?rest_route=\/wp\/v2\/posts\/53123\/revisions"}],"predecessor-version":[{"id":53125,"href":"https:\/\/www.mpal.mp.br\/index.php?rest_route=\/wp\/v2\/posts\/53123\/revisions\/53125"}],"wp:featuredmedia":[{"embeddable":true,"href":"https:\/\/www.mpal.mp.br\/index.php?rest_route=\/wp\/v2\/media\/29741"}],"wp:attachment":[{"href":"https:\/\/www.mpal.mp.br\/index.php?rest_route=%2Fwp%2Fv2%2Fmedia&parent=53123"}],"wp:term":[{"taxonomy":"category","embeddable":true,"href":"https:\/\/www.mpal.mp.br\/index.php?rest_route=%2Fwp%2Fv2%2Fcategories&post=53123"},{"taxonomy":"post_tag","embeddable":true,"href":"https:\/\/www.mpal.mp.br\/index.php?rest_route=%2Fwp%2Fv2%2Ftags&post=53123"}],"curies":[{"name":"wp","href":"https:\/\/api.w.org\/{rel}","templated":true}]}}