{"id":5292,"date":"2022-05-05T09:30:56","date_gmt":"2022-05-05T12:30:56","guid":{"rendered":"https:\/\/www.mpal.mp.br\/?p=5292"},"modified":"2022-05-06T09:57:08","modified_gmt":"2022-05-06T12:57:08","slug":"conselho-superior-do-mpal-promove-kicia-cabral-para-a-1a-procuradoria-de-justica-civel","status":"publish","type":"post","link":"https:\/\/www.mpal.mp.br\/?p=5292","title":{"rendered":"Conselho Superior do MPAL promove K\u00edcia Cabral para a 1\u00aa Procuradoria de Justi\u00e7a C\u00edvel"},"content":{"rendered":"<div class=\"fusion-fullwidth fullwidth-box fusion-builder-row-1 nonhundred-percent-fullwidth non-hundred-percent-height-scrolling\"  style='background-color: #ffffff;background-position: center center;background-repeat: no-repeat;padding-top:0px;padding-right:0px;padding-bottom:0px;padding-left:0px;'><div class=\"fusion-builder-row fusion-row \"><div  class=\"fusion-layout-column fusion_builder_column fusion_builder_column_1_1 fusion-builder-column-1 fusion-one-full fusion-column-first fusion-column-last 1_1\"  style='margin-top:0px;margin-bottom:20px;'>\n\t\t\t\t\t<div class=\"fusion-column-wrapper\" style=\"padding: 0px 0px 0px 0px;background-position:left top;background-repeat:no-repeat;-webkit-background-size:cover;-moz-background-size:cover;-o-background-size:cover;background-size:cover;\"   data-bg-url=\"\">\n\t\t\t\t\t\t<div class=\"fusion-text\"><p style=\"text-align: justify;\" data-raofz=\"14\"><span style=\"font-size: 14pt;\" data-raofz=\"13\">O Conselho Superior do Minist\u00e9rio P\u00fablico de Alagoas escolheu, nesta quinta-feira (6), a promotora de Justi\u00e7a K\u00edcia Oliveira Cabral de Vasconcellos para ascender ao cargo de procuradora de Justi\u00e7a. Ela ocupar\u00e1 o assento que at\u00e9 ent\u00e3o era do procurador de Justi\u00e7a Jos\u00e9 Artur Melo, que se aposentou recentemente.<\/span><\/p>\n<p style=\"text-align: justify;\" data-raofz=\"14\"><span style=\"font-size: 14pt;\" data-raofz=\"13\">K\u00edcia Cabral recebeu sete votos, sendo um voto de cada integrante do Conselho Superior. O nome dela formou a lista tr\u00edplice que foi composta tamb\u00e9m pelos promotores de Justi\u00e7a Silvana Abreu e Luiz Vasconcelos.<\/span><\/p>\n<p style=\"text-align: justify;\" data-raofz=\"14\"><span style=\"font-size: 14pt;\" data-raofz=\"13\">\u201cSabemos que todos os votos foram balizados por motivos justos e que reconheceram o valor dos membros que integraram a lista tr\u00edplice. Os tr\u00eas colegas s\u00e3o merecedores e contribuem valorosamente para a presta\u00e7\u00e3o de servi\u00e7os feita pela nossa institui\u00e7\u00e3o. Tendo sido escolhida por todos os integrantes do colegiado, quero dizer a promotora K\u00edcia que ela j\u00e1 \u00e9 bem-vinda ao Col\u00e9gio de Procuradores. Temos certeza que trar\u00e1 grandes contribui\u00e7\u00f5es jur\u00eddicas \u00e0s nossas discuss\u00f5es\u201d, declarou M\u00e1rcio Roberto Ten\u00f3rio de Albuquerque, procurador-geral de Justi\u00e7a.<\/span><\/p>\n<p style=\"text-align: justify;\" data-raofz=\"14\"><span style=\"font-size: 14pt;\" data-raofz=\"13\">Finalizado a sess\u00e3o, K\u00edcia Cabral agradeceu os votos recebidos. \u201cMeu sentimento \u00e9 de gratid\u00e3o ao Conselho por este momento. Integrar o Col\u00e9gio de Procuradores ser\u00e1 um sonho, e ocuparei essa cargo com muita dedica\u00e7\u00e3o e compromisso. Vi meu meu pai, H\u00e9lio Cabral, que era promotor de Justi\u00e7a, tornar-se desembargador e, tio, F\u00e1bio Cabral, compondo esse mesmo colegiado, ent\u00e3o, tamb\u00e9m por isso, terei ainda maior responsabilidade com essa nova miss\u00e3o, j\u00e1 que minha fam\u00edlia sempre teve uma hist\u00f3ria muito bonita ligado ao mundo do Direito\u201d, disse ela.<\/span><\/p>\n<p style=\"text-align: justify;\" data-raofz=\"14\"><span style=\"font-size: 14pt;\" data-raofz=\"13\">K\u00edcia Oliveira Cabral de Vasconcellos ter\u00e1 sua nomea\u00e7\u00e3o publicada no di\u00e1rio oficial desta sexta-feira (6). Ela passar\u00e1 a ocupar a cadeira que antes pertencia ao procurador de Justi\u00e7a Jos\u00e9 Artur Melo, na 1\u00aa Procuradoria de Justi\u00e7a C\u00edvel. At\u00e9 ent\u00e3o, suas atribui\u00e7\u00f5es eram exercidas na 23\u00aa Promotoria de Justi\u00e7a da Capital, que atua na \u00e1rea de cust\u00f3dia.<\/span><\/p>\n<p style=\"text-align: justify;\" data-raofz=\"14\"><span style=\"font-size: 14pt;\" data-raofz=\"13\">O Conselho Superior do Minist\u00e9rio P\u00fablico \u00e9 presidido pelo procurador-geral de Justi\u00e7a, M\u00e1rcio Roberto Ten\u00f3rio de Albuquerque, e tem como integrantes o corregedor-geral, Walber Valente de Lima, e os procuradores de Justi\u00e7a Vicente F\u00e9lix, Denise Guimar\u00e3es, H\u00e9lder Juc\u00e1, Marluce Caldas e S\u00e9rgio Scala.a<\/span><\/p>\n<\/div><style type=\"text\/css\">.fusion-gallery-1 .fusion-gallery-image {border:5px solid #f6f6f6;-webkit-border-radius:5px;-moz-border-radius:5px;border-radius:5px;}<\/style><div class=\"fusion-gallery fusion-gallery-container fusion-grid-2 fusion-columns-total-0 fusion-gallery-layout-grid fusion-gallery-1\" style=\"margin:-5px;\"><div style=\"padding:5px;\" class=\"fusion-grid-column fusion-gallery-column fusion-gallery-column-2 hover-type-none\"><div class=\"fusion-gallery-image\"><a href=\"https:\/\/www.mpal.mp.br\/wp-content\/uploads\/2022\/05\/IMG-20220505-WA0166.jpg\" rel=\"noreferrer\" data-rel=\"iLightbox[gallery_image_1]\" class=\"fusion-lightbox\" target=\"_self\"><img loading=\"lazy\" decoding=\"async\" src=\"https:\/\/www.mpal.mp.br\/wp-content\/uploads\/2022\/05\/IMG-20220505-WA0166.jpg\" width=\"720\" height=\"497\" alt=\"\" title=\"IMG-20220505-WA0166\" aria-label=\"IMG-20220505-WA0166\" class=\"img-responsive wp-image-5294\" \/><\/a><\/div><\/div><div style=\"padding:5px;\" class=\"fusion-grid-column fusion-gallery-column fusion-gallery-column-2 hover-type-none\"><div class=\"fusion-gallery-image\"><a href=\"https:\/\/www.mpal.mp.br\/wp-content\/uploads\/2022\/05\/IMG-20220505-WA0167.jpg\" rel=\"noreferrer\" data-rel=\"iLightbox[gallery_image_1]\" class=\"fusion-lightbox\" target=\"_self\"><img loading=\"lazy\" decoding=\"async\" src=\"https:\/\/www.mpal.mp.br\/wp-content\/uploads\/2022\/05\/IMG-20220505-WA0167.jpg\" width=\"1024\" height=\"818\" alt=\"\" title=\"IMG-20220505-WA0167\" aria-label=\"IMG-20220505-WA0167\" class=\"img-responsive wp-image-5295\" \/><\/a><\/div><\/div><div class=\"clearfix\"><\/div><\/div><div class=\"fusion-clearfix\"><\/div>\n\n\t\t\t\t\t<\/div>\n\t\t\t\t<\/div><\/div><\/div>\n","protected":false},"excerpt":{"rendered":"","protected":false},"author":2,"featured_media":5293,"comment_status":"open","ping_status":"open","sticky":false,"template":"","format":"standard","meta":{"om_disable_all_campaigns":false,"_monsterinsights_skip_tracking":false,"_monsterinsights_sitenote_active":false,"_monsterinsights_sitenote_note":"","_monsterinsights_sitenote_category":0,"_uf_show_specific_survey":0,"_uf_disable_surveys":false,"footnotes":""},"categories":[2],"tags":[],"class_list":["post-5292","post","type-post","status-publish","format-standard","has-post-thumbnail","hentry","category-not_mpal"],"aioseo_notices":[],"_links":{"self":[{"href":"https:\/\/www.mpal.mp.br\/index.php?rest_route=\/wp\/v2\/posts\/5292","targetHints":{"allow":["GET"]}}],"collection":[{"href":"https:\/\/www.mpal.mp.br\/index.php?rest_route=\/wp\/v2\/posts"}],"about":[{"href":"https:\/\/www.mpal.mp.br\/index.php?rest_route=\/wp\/v2\/types\/post"}],"author":[{"embeddable":true,"href":"https:\/\/www.mpal.mp.br\/index.php?rest_route=\/wp\/v2\/users\/2"}],"replies":[{"embeddable":true,"href":"https:\/\/www.mpal.mp.br\/index.php?rest_route=%2Fwp%2Fv2%2Fcomments&post=5292"}],"version-history":[{"count":2,"href":"https:\/\/www.mpal.mp.br\/index.php?rest_route=\/wp\/v2\/posts\/5292\/revisions"}],"predecessor-version":[{"id":5297,"href":"https:\/\/www.mpal.mp.br\/index.php?rest_route=\/wp\/v2\/posts\/5292\/revisions\/5297"}],"wp:featuredmedia":[{"embeddable":true,"href":"https:\/\/www.mpal.mp.br\/index.php?rest_route=\/wp\/v2\/media\/5293"}],"wp:attachment":[{"href":"https:\/\/www.mpal.mp.br\/index.php?rest_route=%2Fwp%2Fv2%2Fmedia&parent=5292"}],"wp:term":[{"taxonomy":"category","embeddable":true,"href":"https:\/\/www.mpal.mp.br\/index.php?rest_route=%2Fwp%2Fv2%2Fcategories&post=5292"},{"taxonomy":"post_tag","embeddable":true,"href":"https:\/\/www.mpal.mp.br\/index.php?rest_route=%2Fwp%2Fv2%2Ftags&post=5292"}],"curies":[{"name":"wp","href":"https:\/\/api.w.org\/{rel}","templated":true}]}}