{"id":52883,"date":"2025-02-15T19:26:50","date_gmt":"2025-02-15T22:26:50","guid":{"rendered":"https:\/\/www.mpal.mp.br\/?p=52883"},"modified":"2025-02-15T19:26:50","modified_gmt":"2025-02-15T22:26:50","slug":"urgente-plid-mobiliza-rede-em-busca-de-homem-desaparecido-desde-a-segunda-feira-11","status":"publish","type":"post","link":"https:\/\/www.mpal.mp.br\/?p=52883","title":{"rendered":"Urgente: Plid mobiliza rede em busca de homem desaparecido desde a segunda-feira (11)"},"content":{"rendered":"<p align=\"justify\"><span style=\"font-family: helvetica, arial, sans-serif;\">O Programa de Localiza\u00e7\u00e3o e Identifica\u00e7\u00e3o de Desaparecidos (Plid) do Minist\u00e9rio P\u00fablico de Alagoas se debru\u00e7a em mais um caso, registrado na rede no in\u00edcio da madrugada deste s\u00e1bado (15). Trata-se da busca por Alex Menezes Barbosa, de 43 anos, desaparecido desde a segunda-feira (11), no bairro da Serraria.<\/span><\/p>\n<p align=\"justify\"><span style=\"font-family: helvetica, arial, sans-serif;\">Segundo a fam\u00edlia de Alex Menezes at\u00e9 o final da tarde da ter\u00e7a-feira (12) foi poss\u00edvel detectar sinal do seu aparelho celular, ele manteve o \u00faltimo contato com o filho no domingo (10). Toda a rede Plid est\u00e1 envolvida em comunica\u00e7\u00e3o permanente, como costumeiramente em todos os casos que atuou.<\/span><\/p>\n<p align=\"justify\"><span style=\"font-family: helvetica, arial, sans-serif;\">As for\u00e7as de seguran\u00e7a que integram a Rede est\u00e3o em conex\u00e3o e o caso, inclusive, contar\u00e1 com atua\u00e7\u00e3o da Dracco. Como forma de mobiliza\u00e7\u00e3o e convicta da import\u00e2ncia da m\u00eddia nesses momentos fundamentais no processo de busca, a coordenadora do PLID\/AL , promotora de Justi\u00e7a Marluce Falc\u00e3o, pede que apoio aos ve\u00edculos de comunica\u00e7\u00e3o para a divulga\u00e7\u00e3o do card que \u00e9 a grande ferramenta utilizada para encontrar as v\u00edtimas de desaparecimento.<\/span><\/p>\n<p align=\"justify\"><span style=\"font-family: helvetica, arial, sans-serif;\">\u201cMais uma vez precisamos da sensibilidade dos amigos da imprensa para que divulguem o m\u00e1ximo que puderem o card com a foto, nome da pessoa desaparecida e n\u00fameros de contato para que, havendo alguma informa\u00e7\u00e3o, a sociedade nos acione como j\u00e1 ocorreu em v\u00e1rios casos onde a participa\u00e7\u00e3o da m\u00eddia e da sociedade foram cruciais\u201d, afirma a coordenadora do PLID.<\/span><\/p>\n","protected":false},"excerpt":{"rendered":"<p> [&hellip;]<\/p>\n","protected":false},"author":8,"featured_media":52885,"comment_status":"open","ping_status":"open","sticky":false,"template":"","format":"standard","meta":{"om_disable_all_campaigns":false,"_monsterinsights_skip_tracking":false,"_monsterinsights_sitenote_active":false,"_monsterinsights_sitenote_note":"","_monsterinsights_sitenote_category":0,"_uf_show_specific_survey":0,"_uf_disable_surveys":false,"footnotes":""},"categories":[20],"tags":[],"class_list":["post-52883","post","type-post","status-publish","format-standard","has-post-thumbnail","hentry","category-not_sinalid"],"aioseo_notices":[],"_links":{"self":[{"href":"https:\/\/www.mpal.mp.br\/index.php?rest_route=\/wp\/v2\/posts\/52883","targetHints":{"allow":["GET"]}}],"collection":[{"href":"https:\/\/www.mpal.mp.br\/index.php?rest_route=\/wp\/v2\/posts"}],"about":[{"href":"https:\/\/www.mpal.mp.br\/index.php?rest_route=\/wp\/v2\/types\/post"}],"author":[{"embeddable":true,"href":"https:\/\/www.mpal.mp.br\/index.php?rest_route=\/wp\/v2\/users\/8"}],"replies":[{"embeddable":true,"href":"https:\/\/www.mpal.mp.br\/index.php?rest_route=%2Fwp%2Fv2%2Fcomments&post=52883"}],"version-history":[{"count":1,"href":"https:\/\/www.mpal.mp.br\/index.php?rest_route=\/wp\/v2\/posts\/52883\/revisions"}],"predecessor-version":[{"id":52886,"href":"https:\/\/www.mpal.mp.br\/index.php?rest_route=\/wp\/v2\/posts\/52883\/revisions\/52886"}],"wp:featuredmedia":[{"embeddable":true,"href":"https:\/\/www.mpal.mp.br\/index.php?rest_route=\/wp\/v2\/media\/52885"}],"wp:attachment":[{"href":"https:\/\/www.mpal.mp.br\/index.php?rest_route=%2Fwp%2Fv2%2Fmedia&parent=52883"}],"wp:term":[{"taxonomy":"category","embeddable":true,"href":"https:\/\/www.mpal.mp.br\/index.php?rest_route=%2Fwp%2Fv2%2Fcategories&post=52883"},{"taxonomy":"post_tag","embeddable":true,"href":"https:\/\/www.mpal.mp.br\/index.php?rest_route=%2Fwp%2Fv2%2Ftags&post=52883"}],"curies":[{"name":"wp","href":"https:\/\/api.w.org\/{rel}","templated":true}]}}