{"id":5280,"date":"2022-05-05T09:28:02","date_gmt":"2022-05-05T12:28:02","guid":{"rendered":"https:\/\/www.mpal.mp.br\/?p=5280"},"modified":"2022-05-06T09:29:48","modified_gmt":"2022-05-06T12:29:48","slug":"colegio-de-procuradores-conhece-construcao-do-novo-pei-do-ministerio-publico-de-alagoas","status":"publish","type":"post","link":"https:\/\/www.mpal.mp.br\/?p=5280","title":{"rendered":"Col\u00e9gio de Procuradores conhece constru\u00e7\u00e3o do novo PEI do Minist\u00e9rio P\u00fablico de Alagoas"},"content":{"rendered":"<div class=\"fusion-fullwidth fullwidth-box fusion-builder-row-1 nonhundred-percent-fullwidth non-hundred-percent-height-scrolling\"  style='background-color: #ffffff;background-position: center center;background-repeat: no-repeat;padding-top:0px;padding-right:0px;padding-bottom:0px;padding-left:0px;'><div class=\"fusion-builder-row fusion-row \"><div  class=\"fusion-layout-column fusion_builder_column fusion_builder_column_1_1 fusion-builder-column-1 fusion-one-full fusion-column-first fusion-column-last 1_1\"  style='margin-top:0px;margin-bottom:20px;'>\n\t\t\t\t\t<div class=\"fusion-column-wrapper\" style=\"padding: 0px 0px 0px 0px;background-position:left top;background-repeat:no-repeat;-webkit-background-size:cover;-moz-background-size:cover;-o-background-size:cover;background-size:cover;\"   data-bg-url=\"\">\n\t\t\t\t\t\t<div class=\"fusion-text\"><p style=\"text-align: justify;\" align=\"justify\" data-raofz=\"14\"><span style=\"font-size: 14pt;\" data-raofz=\"13\">O Plano Estrat\u00e9gico Institucional 2023\/2029 do Minist\u00e9rio P\u00fablico do Estado de Alagoas foi apresentado, nesta quinta-feira (5), ao Col\u00e9gio de Procuradores de Justi\u00e7a. Na ocasi\u00e3o, os membros do colegiado receberam informa\u00e7\u00f5es detalhadas a respeito do PEI, quais etapas j\u00e1 foram realizadas e quais s\u00e3o os pr\u00f3ximos passos para que o plano seja efetivamente constru\u00eddo,\u00a0de modo que ele possa come\u00e7ar a ser executado a partir do ano que vem.<\/span><\/p>\n<p style=\"text-align: justify;\" align=\"justify\" data-raofz=\"14\"><span style=\"font-size: 14pt;\" data-raofz=\"13\">Na abertura da reuni\u00e3o, o procurador-geral de Justi\u00e7a, M\u00e1rcio Roberto Ten\u00f3rio de Albuquerque, explicou ao Col\u00e9gio que o MPAL fez a ades\u00e3o ao Mapa Estrat\u00e9gico Nacional do Minist\u00e9rio P\u00fablico 2020\/2029, elaborado pela Comiss\u00e3o de Planejamento Estrat\u00e9gico do Conselho Nacional do Minist\u00e9rio P\u00fablico (CPE\/CNMP). Por meio dessa ades\u00e3o, a unidade ministerial alagoana passou a contar com o apoio e orienta\u00e7\u00e3o da CPE para a elabora\u00e7\u00e3o do seu pr\u00f3prio plano. \u201cMais uma vez a gente agradece o apoio do CNMP, que est\u00e1 sendo fundamental para que construamos o PEI do MP alagoano para os pr\u00f3ximos seis anos. Destacamos tamb\u00e9m que esse envolvimento de membros e servidores \u00e9 essencial para que o nosso\u00a0plano\u00a0possa abarcar os principais anseios da sociedade que, ressalvemos, \u00e9 a destinat\u00e1ria principal dos servi\u00e7os do Minist\u00e9rio P\u00fablico\u201d, disse ele.<\/span><\/p>\n<p style=\"text-align: justify;\" align=\"justify\" data-raofz=\"14\"><span style=\"font-size: 14pt;\" data-raofz=\"13\">O presidente da Comiss\u00e3o de Planejamento Estrat\u00e9gico do CNMP, conselheiro Moacyr Rey Filho, tamb\u00e9m participou do encontro e elogiou o empenho do Minist\u00e9rio P\u00fablico do Estado de Alagoas para a constru\u00e7\u00e3o do seu novo plano estrat\u00e9gico. \u201cO MP de Alagoas est\u00e1 dando exemplo de como se faz um trabalho de forma colaborativa, aperfei\u00e7oando uma parceria que deu certo e que serve de aprendizado para cada uma das partes envolvidas. Estar fazendo parte do planejamento estrat\u00e9gico da unidade ministerial alagoana significa, para o CNMP, muito mais do que\u00a0compartilhar\u00a0metodologia, significa, tamb\u00e9m, uma troca de experi\u00eancias porque igualmente\u00a0estamos recebendo\u00a0conhecimento\u201d, declarou.<\/span><\/p>\n<p style=\"text-align: justify;\" align=\"justify\" data-raofz=\"14\"><span style=\"font-size: 14pt;\" data-raofz=\"13\">Pelo CNMP, tamb\u00e9m participou o\u00a0assessor\u00a0da\u00a0CPE do\u00a0Conselho Nacional do Minist\u00e9rio P\u00fablico,\u00a0Rog\u00e9rio Carneiro,\u00a0que aproveitou a oportunidade para explicar aos membros do Col\u00e9gio como acontecer\u00e3o as oficinas para elabora\u00e7\u00e3o do PEI\u00a02023\/2029.<\/span><\/p>\n<p style=\"text-align: justify;\" align=\"justify\" data-raofz=\"14\"><span style=\"font-size: 14pt;\" data-raofz=\"13\"><b>Os detalhes do PEI<\/b><\/span><\/p>\n<p style=\"text-align: justify;\" align=\"justify\" data-raofz=\"14\"><span style=\"font-size: 14pt;\" data-raofz=\"13\">No encontro, a Assessoria de Planejamento Estrat\u00e9gico (Asplage) e as Diretorias de Comunica\u00e7\u00e3o e Tecnologia apresentaram detalhes sobre o PEI 2023\/2029.\u00a0A primeira explana\u00e7\u00e3o foi feira pela\u00a0assessora da Asplage, promotora de Justi\u00e7a Stella Cavalcanti.\u00a0Ela detalhou como funciona o setor\u00a0e\u00a0que ele \u00e9 dividido na Se\u00e7\u00e3o de Gest\u00e3o Estrat\u00e9gica, Se\u00e7\u00e3o do Escrit\u00f3rio de Projetos\u00a0e\u00a0Se\u00e7\u00e3o do Escrit\u00f3rio de Processos. \u201cDesde 2018\u00a0n\u00f3s\u00a0realizamos\u00a0reuni\u00f5es de an\u00e1lise estrat\u00e9gica mensais para acompanhamento dos planos de a\u00e7\u00e3o de todas as \u00e1reas estrat\u00e9gicas.\u00a0Fazemos tamb\u00e9m\u00a0a orienta\u00e7\u00e3o e\u00a0monitoramento\u00a0dos resultados dos projetos\u00a0e processos.<\/span><\/p>\n<p style=\"text-align: justify;\" align=\"justify\" data-raofz=\"14\"><span style=\"font-size: 14pt;\" data-raofz=\"13\">\u201cEm n\u00fameros, queremos informar que,\u00a0at\u00e9 o momento, a Asplage j\u00e1 registrou\u00a065 membros\u00a0que\u00a0aderiram a\u00a0diferentes projetos,\u00a0alguns deles, inclusive, premiados pelo Conselho Nacional,\u00a0a exemplo do Abuso Sexual: Notificar \u00e9 Preciso, Agosto Lil\u00e1s, Pr\u00f3-Reservas\u00a0e De Olho no Transporte Legal.\u00a0Importante ressaltar tamb\u00e9m que\u00a0criamos o\u00a0Pr\u00eamio MPAL Excel\u00eancia,\u00a0o que tem servido de incentivo\u00a0para membros e servidores.\u00a0E, para al\u00e9m disso,\u00a0temos\u00a091 processos mapeados entre as \u00e1reas fim e\u00a0meio,\u00a0de maneira a\u00a0otimizar os resultados organizacionais, eliminando etapas desnecess\u00e1rias\u00a0e\u00a0melhorando\u00a0os processos que se alinhem com os objetivos estrat\u00e9gicos institucionais\u201d,\u00a0acrescentou\u00a0Stella Cavalcanti.<\/span><\/p>\n<p style=\"text-align: justify;\" align=\"justify\" data-raofz=\"14\"><span style=\"font-size: 14pt;\" data-raofz=\"13\">A Diretoria de Comunica\u00e7\u00e3o fez a apresenta\u00e7\u00e3o\u00a0seguinte,\u00a0mostrando\u00a0o plano de comunica\u00e7\u00e3o do novo PEI, instrumento no qual est\u00e3o contidas as a\u00e7\u00f5es que o setor tem desenvolvido ao longo dos meses para que o p\u00fablico-alvo possa conhecer e ter perfeita compreens\u00e3o sobre o Plano Estrat\u00e9gico Institucional. \u201cJ\u00e1 est\u00e3o sendo executadas iniciativas, dentro de uma campanha institucional, para aprimorar a imagem do MP, especialmente, junto \u00e0 sociedade, com estrat\u00e9gias de divulga\u00e7\u00e3o do PEI 2023\/2029 em tom positivo e convidativo, visando o engajamento e\u00a0a\u00a0continuidade da participa\u00e7\u00e3o social\u201d, informou a jornalista Janaina Ribeiro, diretora de comunica\u00e7\u00e3o do MPAL.<\/span><\/p>\n<p style=\"text-align: justify;\" align=\"justify\" data-raofz=\"14\"><span style=\"font-size: 14pt;\" data-raofz=\"13\">\u201cNosso objetivo \u00e9 atingir todos os p\u00fablicos-alvo, que s\u00e3o procuradores de Justi\u00e7a, promotores de Justi\u00e7a, servidores, estagi\u00e1rios e colaboradores do Minist\u00e9rio P\u00fablico do Estado de Alagoas e a sociedade civil organizada de uma forma geral. E estamos fazendo isso por meio de releases enviados \u00e0 imprensa, posts nas redes sociais do Minist\u00e9rio P\u00fablico e nos nossos canais de comunica\u00e7\u00e3o interna\u201d, acrescentou ela.<\/span><\/p>\n<p style=\"text-align: justify;\" align=\"justify\" data-raofz=\"14\"><span style=\"font-size: 14pt;\" data-raofz=\"13\">A Diretoria de Tecnologia e Informa\u00e7\u00e3o tamb\u00e9m mostrou a execu\u00e7\u00e3o do seu trabalho. Aos presentes, a equipe apresentou o hotsite que foi constru\u00eddo. \u201c\u00c9 uma ferramenta que contempla tudo o que envolve o PEI,\u00a0como not\u00edcias,\u00a0linha de tempo para a constru\u00e7\u00e3o do plano\u00a0e\u00a0os resultados das consultas \u00e0 sociedade.\u00a0\u00c9 um hotsite\u00a0din\u00e2mico\u00a0e que tem objetividade, tornando clara a compreens\u00e3o\u00a0sobre o que significa o\u00a0plano\u201d,\u00a0explicou Marcel de Castro, diretor de TI do Minist\u00e9rio P\u00fablico.<\/span><\/p>\n<p style=\"text-align: justify;\" align=\"justify\" data-raofz=\"14\"><span style=\"font-size: 14pt;\" data-raofz=\"13\">\u201cPor meio dele,\u00a0estamos ajudando a dar mais visibilidade aquilo que o Minist\u00e9rio P\u00fablico de Alagoas pensa para os pr\u00f3ximos seis anos\u201d, completou.<\/span><\/p>\n<\/div><style type=\"text\/css\">.fusion-gallery-1 .fusion-gallery-image {border:5px solid #f6f6f6;-webkit-border-radius:5px;-moz-border-radius:5px;border-radius:5px;}<\/style><div class=\"fusion-gallery fusion-gallery-container fusion-grid-3 fusion-columns-total-0 fusion-gallery-layout-grid fusion-gallery-1\" style=\"margin:-5px;\"><div style=\"padding:5px;\" class=\"fusion-grid-column fusion-gallery-column fusion-gallery-column-3 hover-type-none\"><div class=\"fusion-gallery-image\"><a href=\"https:\/\/www.mpal.mp.br\/wp-content\/uploads\/2022\/05\/PEI-01-1024x683-1.jpg\" rel=\"noreferrer\" data-rel=\"iLightbox[gallery_image_1]\" class=\"fusion-lightbox\" target=\"_self\"><img loading=\"lazy\" decoding=\"async\" src=\"https:\/\/www.mpal.mp.br\/wp-content\/uploads\/2022\/05\/PEI-01-1024x683-1.jpg\" width=\"1024\" height=\"683\" alt=\"\" title=\"PEI-01-1024&#215;683\" aria-label=\"PEI-01-1024&#215;683\" class=\"img-responsive wp-image-5282\" \/><\/a><\/div><\/div><div style=\"padding:5px;\" class=\"fusion-grid-column fusion-gallery-column fusion-gallery-column-3 hover-type-none\"><div class=\"fusion-gallery-image\"><a href=\"https:\/\/www.mpal.mp.br\/wp-content\/uploads\/2022\/05\/PEI-02-1024x683-1.jpg\" rel=\"noreferrer\" data-rel=\"iLightbox[gallery_image_1]\" class=\"fusion-lightbox\" target=\"_self\"><img loading=\"lazy\" decoding=\"async\" src=\"https:\/\/www.mpal.mp.br\/wp-content\/uploads\/2022\/05\/PEI-02-1024x683-1.jpg\" width=\"1024\" height=\"683\" alt=\"\" title=\"PEI-02-1024&#215;683\" aria-label=\"PEI-02-1024&#215;683\" class=\"img-responsive wp-image-5283\" \/><\/a><\/div><\/div><div style=\"padding:5px;\" class=\"fusion-grid-column fusion-gallery-column fusion-gallery-column-3 hover-type-none\"><div class=\"fusion-gallery-image\"><a href=\"https:\/\/www.mpal.mp.br\/wp-content\/uploads\/2022\/05\/PEI-03-1024x683-1.jpg\" rel=\"noreferrer\" data-rel=\"iLightbox[gallery_image_1]\" class=\"fusion-lightbox\" target=\"_self\"><img loading=\"lazy\" decoding=\"async\" src=\"https:\/\/www.mpal.mp.br\/wp-content\/uploads\/2022\/05\/PEI-03-1024x683-1.jpg\" width=\"1024\" height=\"683\" alt=\"\" title=\"PEI-03-1024&#215;683\" aria-label=\"PEI-03-1024&#215;683\" class=\"img-responsive wp-image-5284\" \/><\/a><\/div><\/div><div class=\"clearfix\"><\/div><div style=\"padding:5px;\" class=\"fusion-grid-column fusion-gallery-column fusion-gallery-column-3 hover-type-none\"><div class=\"fusion-gallery-image\"><a href=\"https:\/\/www.mpal.mp.br\/wp-content\/uploads\/2022\/05\/PEI-04-1024x683-1.jpg\" rel=\"noreferrer\" data-rel=\"iLightbox[gallery_image_1]\" class=\"fusion-lightbox\" target=\"_self\"><img loading=\"lazy\" decoding=\"async\" src=\"https:\/\/www.mpal.mp.br\/wp-content\/uploads\/2022\/05\/PEI-04-1024x683-1.jpg\" width=\"1024\" height=\"683\" alt=\"\" title=\"PEI-04-1024&#215;683\" aria-label=\"PEI-04-1024&#215;683\" class=\"img-responsive wp-image-5285\" \/><\/a><\/div><\/div><div style=\"padding:5px;\" class=\"fusion-grid-column fusion-gallery-column fusion-gallery-column-3 hover-type-none\"><div class=\"fusion-gallery-image\"><a href=\"https:\/\/www.mpal.mp.br\/wp-content\/uploads\/2022\/05\/PEI-05-1024x683-1.jpg\" rel=\"noreferrer\" data-rel=\"iLightbox[gallery_image_1]\" class=\"fusion-lightbox\" target=\"_self\"><img loading=\"lazy\" decoding=\"async\" src=\"https:\/\/www.mpal.mp.br\/wp-content\/uploads\/2022\/05\/PEI-05-1024x683-1.jpg\" width=\"1024\" height=\"683\" alt=\"\" title=\"PEI-05-1024&#215;683\" aria-label=\"PEI-05-1024&#215;683\" class=\"img-responsive wp-image-5286\" \/><\/a><\/div><\/div><div style=\"padding:5px;\" class=\"fusion-grid-column fusion-gallery-column fusion-gallery-column-3 hover-type-none\"><div class=\"fusion-gallery-image\"><a href=\"https:\/\/www.mpal.mp.br\/wp-content\/uploads\/2022\/05\/PEI-06-1024x683-1.jpg\" rel=\"noreferrer\" data-rel=\"iLightbox[gallery_image_1]\" class=\"fusion-lightbox\" target=\"_self\"><img loading=\"lazy\" decoding=\"async\" src=\"https:\/\/www.mpal.mp.br\/wp-content\/uploads\/2022\/05\/PEI-06-1024x683-1.jpg\" width=\"1024\" height=\"683\" alt=\"\" title=\"PEI-06-1024&#215;683\" aria-label=\"PEI-06-1024&#215;683\" class=\"img-responsive wp-image-5287\" \/><\/a><\/div><\/div><div class=\"clearfix\"><\/div><div style=\"padding:5px;\" class=\"fusion-grid-column fusion-gallery-column fusion-gallery-column-3 hover-type-none\"><div class=\"fusion-gallery-image\"><a href=\"https:\/\/www.mpal.mp.br\/wp-content\/uploads\/2022\/05\/PEI-07-1024x683-1.jpg\" rel=\"noreferrer\" data-rel=\"iLightbox[gallery_image_1]\" class=\"fusion-lightbox\" target=\"_self\"><img loading=\"lazy\" decoding=\"async\" src=\"https:\/\/www.mpal.mp.br\/wp-content\/uploads\/2022\/05\/PEI-07-1024x683-1.jpg\" width=\"1024\" height=\"683\" alt=\"\" title=\"PEI-07-1024&#215;683\" aria-label=\"PEI-07-1024&#215;683\" class=\"img-responsive wp-image-5288\" \/><\/a><\/div><\/div><div style=\"padding:5px;\" class=\"fusion-grid-column fusion-gallery-column fusion-gallery-column-3 hover-type-none\"><div class=\"fusion-gallery-image\"><a href=\"https:\/\/www.mpal.mp.br\/wp-content\/uploads\/2022\/05\/PEI-08-1024x683-1.jpg\" rel=\"noreferrer\" data-rel=\"iLightbox[gallery_image_1]\" class=\"fusion-lightbox\" target=\"_self\"><img loading=\"lazy\" decoding=\"async\" src=\"https:\/\/www.mpal.mp.br\/wp-content\/uploads\/2022\/05\/PEI-08-1024x683-1.jpg\" width=\"1024\" height=\"683\" alt=\"\" title=\"PEI-08-1024&#215;683\" aria-label=\"PEI-08-1024&#215;683\" class=\"img-responsive wp-image-5289\" \/><\/a><\/div><\/div><\/div><div class=\"fusion-clearfix\"><\/div>\n\n\t\t\t\t\t<\/div>\n\t\t\t\t<\/div><\/div><\/div>\n","protected":false},"excerpt":{"rendered":"","protected":false},"author":2,"featured_media":5281,"comment_status":"open","ping_status":"open","sticky":false,"template":"","format":"standard","meta":{"om_disable_all_campaigns":false,"_monsterinsights_skip_tracking":false,"_monsterinsights_sitenote_active":false,"_monsterinsights_sitenote_note":"","_monsterinsights_sitenote_category":0,"_uf_show_specific_survey":0,"_uf_disable_surveys":false,"footnotes":""},"categories":[2],"tags":[],"class_list":["post-5280","post","type-post","status-publish","format-standard","has-post-thumbnail","hentry","category-not_mpal"],"aioseo_notices":[],"_links":{"self":[{"href":"https:\/\/www.mpal.mp.br\/index.php?rest_route=\/wp\/v2\/posts\/5280","targetHints":{"allow":["GET"]}}],"collection":[{"href":"https:\/\/www.mpal.mp.br\/index.php?rest_route=\/wp\/v2\/posts"}],"about":[{"href":"https:\/\/www.mpal.mp.br\/index.php?rest_route=\/wp\/v2\/types\/post"}],"author":[{"embeddable":true,"href":"https:\/\/www.mpal.mp.br\/index.php?rest_route=\/wp\/v2\/users\/2"}],"replies":[{"embeddable":true,"href":"https:\/\/www.mpal.mp.br\/index.php?rest_route=%2Fwp%2Fv2%2Fcomments&post=5280"}],"version-history":[{"count":2,"href":"https:\/\/www.mpal.mp.br\/index.php?rest_route=\/wp\/v2\/posts\/5280\/revisions"}],"predecessor-version":[{"id":5291,"href":"https:\/\/www.mpal.mp.br\/index.php?rest_route=\/wp\/v2\/posts\/5280\/revisions\/5291"}],"wp:featuredmedia":[{"embeddable":true,"href":"https:\/\/www.mpal.mp.br\/index.php?rest_route=\/wp\/v2\/media\/5281"}],"wp:attachment":[{"href":"https:\/\/www.mpal.mp.br\/index.php?rest_route=%2Fwp%2Fv2%2Fmedia&parent=5280"}],"wp:term":[{"taxonomy":"category","embeddable":true,"href":"https:\/\/www.mpal.mp.br\/index.php?rest_route=%2Fwp%2Fv2%2Fcategories&post=5280"},{"taxonomy":"post_tag","embeddable":true,"href":"https:\/\/www.mpal.mp.br\/index.php?rest_route=%2Fwp%2Fv2%2Ftags&post=5280"}],"curies":[{"name":"wp","href":"https:\/\/api.w.org\/{rel}","templated":true}]}}