{"id":52600,"date":"2025-02-12T13:39:37","date_gmt":"2025-02-12T16:39:37","guid":{"rendered":"https:\/\/www.mpal.mp.br\/?p=52600"},"modified":"2025-02-12T13:41:18","modified_gmt":"2025-02-12T16:41:18","slug":"pgj-lean-araujo-debate-atividades-do-instituto-roberto-lyra-irl-que-vai-capacitar-membros-de-todo-o-brasil","status":"publish","type":"post","link":"https:\/\/www.mpal.mp.br\/?p=52600","title":{"rendered":"PGJ Lean Ara\u00fajo debate atividades do Instituto Roberto Lyra (IRL), que vai capacitar membros de todo o Brasil"},"content":{"rendered":"<div class=\"fusion-fullwidth fullwidth-box fusion-builder-row-1 nonhundred-percent-fullwidth non-hundred-percent-height-scrolling\"  style='background-color: #ffffff;background-position: center center;background-repeat: no-repeat;padding-top:0px;padding-right:0px;padding-bottom:0px;padding-left:0px;'><div class=\"fusion-builder-row fusion-row \"><div  class=\"fusion-layout-column fusion_builder_column fusion_builder_column_1_1 fusion-builder-column-1 fusion-one-full fusion-column-first fusion-column-last 1_1\"  style='margin-top:0px;margin-bottom:0px;'>\n\t\t\t\t\t<div class=\"fusion-column-wrapper\" style=\"padding: 0px 0px 0px 0px;background-position:left top;background-repeat:no-repeat;-webkit-background-size:cover;-moz-background-size:cover;-o-background-size:cover;background-size:cover;\"   data-bg-url=\"\">\n\t\t\t\t\t\t<div class=\"fusion-text\"><p style=\"text-align: justify;\"><span style=\"color: #000000; font-family: helvetica, arial, sans-serif; font-size: 12pt;\">O procurador-geral de Justi\u00e7a de Alagoas, Lean Ara\u00fajo, participou, em Bras\u00edlia, da primeira reuni\u00e3o deste ano de 2025 do Instituto do Minist\u00e9rio P\u00fablico Brasileiro Roberto Lyra (IRL). Durante o encontro, os chefes do MPs fizeram adequa\u00e7\u00f5es no estatuto da institui\u00e7\u00e3o, de modo que o trabalho a ser desenvolvido possa melhor qualificar os membros de todas as unidades ministeriais do pa\u00eds. <\/span><\/p>\n<p style=\"text-align: justify;\"><span style=\"font-family: helvetica, arial, sans-serif; font-size: 12pt;\"><span style=\"color: #000000;\">L<\/span><span style=\"color: #000000;\">ean Ara\u00fajo, que \u00e9<\/span><span style=\"color: #000000;\"> vice-presid<\/span><span style=\"color: #000000;\">ente<\/span><span style=\"color: #000000;\"> d<\/span><span style=\"color: #000000;\">o Instituto, explicou que as altera\u00e7\u00f5es propostas v\u00e3o c<\/span><span style=\"color: #000000;\">ontribuir para o aprimoramento e desenvolvimento das atividades dos Minist\u00e9rios P\u00fablicos, <\/span><span style=\"color: #000000;\">detalhando que o IRL<\/span><span style=\"color: #000000;\"> possui car\u00e1ter t\u00e9cnico, pedag\u00f3gico, cient\u00edfico e cultural. \u201c<\/span>As adequa\u00e7\u00f5es estatut\u00e1rias que fizemos tratam sobre valor e periodicidade das contribui\u00e7\u00f5es, reestrutura\u00e7\u00e3o dos integrantes da diretoria e modula\u00e7\u00e3o procedimental das etapas de implanta\u00e7\u00e3o e execu\u00e7\u00e3o das a\u00e7\u00f5es do Instituto. Tudo isso era essencial para o in\u00edcio de seu funcionamento\u201d, disse ele.<\/span><\/p>\n<p style=\"text-align: justify;\"><span style=\"font-family: helvetica, arial, sans-serif; font-size: 12pt;\">A reuni\u00e3o ocorreu na tarde dessa ter\u00e7a-feira (10), em Bras\u00edlia.<\/span><\/p>\n<p style=\"text-align: justify;\"><strong><span style=\"font-family: helvetica, arial, sans-serif; font-size: 12pt;\">O que fiz o Estatuto do IRL <\/span><\/strong><\/p>\n<p style=\"text-align: justify;\"><span style=\"color: #000000; font-family: helvetica, arial, sans-serif; font-size: 12pt;\">Dentre os objetivos do Estatuto Social do Instituto est\u00e3o a pesquisa e o estudo de m\u00e9todos para o aperfei\u00e7oamento de suas fun\u00e7\u00f5es, al\u00e9m da promo\u00e7\u00e3o e incentivo \u00e0 realiza\u00e7\u00e3o de eventos como congressos, semin\u00e1rios e cursos de capacita\u00e7\u00e3o, tanto presenciais quanto \u00e0 dist\u00e2ncia. \u201cEle tamb\u00e9m vai criar e publicar obras t\u00e9cnicas e peri\u00f3dicos, mantendo, assim, o interc\u00e2mbio com estudiosos e especialistas em not\u00f3rio saber jur\u00eddico, al\u00e9m de celebrar conv\u00eanios com institui\u00e7\u00f5es nacionais. Tudo isso para que os integrantes da carreira do Minist\u00e9rio P\u00fablico possam ser capacitar. Assim, eles estar\u00e3o cada vez mais preparados para bem servir a sociedade\u201d, destacou Lean Ara\u00fajo.<\/span><\/p>\n<p style=\"text-align: justify;\"><span style=\"font-family: helvetica, arial, sans-serif; font-size: 12pt;\"><span style=\"color: #000000;\">Outras a\u00e7\u00f5es incluem prestar assist\u00eancia t\u00e9cnica \u00e0s unidades do Minist\u00e9rio P\u00fablico e institui\u00e7\u00f5es p\u00fablicas e privadas, atender \u00e0 melhoria de suas fun\u00e7\u00f5es, e fornecer informa\u00e7\u00f5es e documentos sobre entidades de interesse. Por meio dele, o <\/span>Conselho Nacional de Procuradores-Gerais do Minist\u00e9rio P\u00fablico dos Estados e da Uni\u00e3o (CNPG), ao qual o IRL \u00e9 vinculado, <span style=\"color: #000000;\">ainda pretende instituir concursos com pr\u00eamios em forma de est\u00e1gios e treinamentos, compilar e distribuir c\u00f3pias da legisla\u00e7\u00e3o pertinente, manter um banco de dados atualizado com informa\u00e7\u00f5es relevantes, e acompanhar a tramita\u00e7\u00e3o de legisla\u00e7\u00e3o.<\/span><\/span><\/p>\n<p style=\"text-align: justify;\"><span style=\"color: #000000; font-family: helvetica, arial, sans-serif; font-size: 12pt;\">Por fim, o Instituto vai buscar divulgar informa\u00e7\u00f5es sobre temas de interesse, promover a forma\u00e7\u00e3o continuada dos membros, elaborar diretrizes uniformizadas e apoiar a implementa\u00e7\u00e3o de normas.<\/span><\/p>\n<p style=\"text-align: justify;\"><strong><span style=\"font-family: helvetica, arial, sans-serif; font-size: 12pt;\"><span style=\"color: #000000;\">Composi\u00e7\u00e3o<\/span><\/span><\/strong><\/p>\n<p style=\"text-align: justify;\"><span style=\"font-family: helvetica, arial, sans-serif; font-size: 12pt;\"><span style=\"color: #000000;\">O Instituto do Minist\u00e9rio P\u00fablico Brasileiro Roberto Lyra <\/span><span style=\"color: #000000;\">\u00e9 <\/span><span style=\"color: #000000;\">presidido pelo presidente do CNPG, <\/span>Georges Seigneur, <span style=\"color: #000000;\">e <\/span><span style=\"color: #000000;\">tem <\/span><span style=\"color: #000000;\">como vice-presidente <\/span><span style=\"color: #000000;\">o <\/span><span style=\"color: #000000;\">PGJ de Alagoas, Lean Ara\u00fajo.<\/span><\/span><\/p>\n<p style=\"text-align: justify;\"><span style=\"color: #000000; font-family: helvetica, arial, sans-serif; font-size: 12pt;\">O IRL, que tem como associados os ramos e unidades do Minist\u00e9rio P\u00fablico Brasileiro, representados por seus procuradores-gerais, n\u00e3o possui fins lucrativos, tem car\u00e1ter nacional e prazo de dura\u00e7\u00e3o indeterminado.<\/span><\/p>\n<\/div><style type=\"text\/css\">.fusion-gallery-1 .fusion-gallery-image {border:0px solid #f6f6f6;-webkit-border-radius:5px;-moz-border-radius:5px;border-radius:5px;}<\/style><div class=\"fusion-gallery fusion-gallery-container fusion-grid-3 fusion-columns-total-0 fusion-gallery-layout-grid fusion-gallery-1\" style=\"margin:-5px;\"><div style=\"padding:5px;\" class=\"fusion-grid-column fusion-gallery-column fusion-gallery-column-3 hover-type-none\"><div class=\"fusion-gallery-image\"><a href=\"https:\/\/www.mpal.mp.br\/wp-content\/uploads\/2025\/02\/Imagem-do-WhatsApp-de-2025-02-12-as-07.58.42_32cbd29d.jpg\" rel=\"noreferrer\" data-rel=\"iLightbox[gallery_image_1]\" class=\"fusion-lightbox\" target=\"_self\"><img loading=\"lazy\" decoding=\"async\" src=\"https:\/\/www.mpal.mp.br\/wp-content\/uploads\/2025\/02\/Imagem-do-WhatsApp-de-2025-02-12-as-07.58.42_32cbd29d.jpg\" width=\"1280\" height=\"853\" alt=\"\" title=\"Imagem do WhatsApp de 2025-02-12 \u00e0(s) 07.58.42_32cbd29d\" aria-label=\"Imagem do WhatsApp de 2025-02-12 \u00e0(s) 07.58.42_32cbd29d\" class=\"img-responsive wp-image-52586\" \/><\/a><\/div><\/div><div style=\"padding:5px;\" class=\"fusion-grid-column fusion-gallery-column fusion-gallery-column-3 hover-type-none\"><div class=\"fusion-gallery-image\"><a href=\"https:\/\/www.mpal.mp.br\/wp-content\/uploads\/2025\/02\/Imagem-do-WhatsApp-de-2025-02-12-as-07.58.42_4f0cd5c5.jpg\" rel=\"noreferrer\" data-rel=\"iLightbox[gallery_image_1]\" class=\"fusion-lightbox\" target=\"_self\"><img loading=\"lazy\" decoding=\"async\" src=\"https:\/\/www.mpal.mp.br\/wp-content\/uploads\/2025\/02\/Imagem-do-WhatsApp-de-2025-02-12-as-07.58.42_4f0cd5c5.jpg\" width=\"1280\" height=\"720\" alt=\"\" title=\"Imagem do WhatsApp de 2025-02-12 \u00e0(s) 07.58.42_4f0cd5c5\" aria-label=\"Imagem do WhatsApp de 2025-02-12 \u00e0(s) 07.58.42_4f0cd5c5\" class=\"img-responsive wp-image-52585\" \/><\/a><\/div><\/div><div style=\"padding:5px;\" class=\"fusion-grid-column fusion-gallery-column fusion-gallery-column-3 hover-type-none\"><div class=\"fusion-gallery-image\"><a href=\"https:\/\/www.mpal.mp.br\/wp-content\/uploads\/2025\/02\/Imagem-do-WhatsApp-de-2025-02-12-as-07.58.41_7219ff16.jpg\" rel=\"noreferrer\" data-rel=\"iLightbox[gallery_image_1]\" class=\"fusion-lightbox\" target=\"_self\"><img loading=\"lazy\" decoding=\"async\" src=\"https:\/\/www.mpal.mp.br\/wp-content\/uploads\/2025\/02\/Imagem-do-WhatsApp-de-2025-02-12-as-07.58.41_7219ff16.jpg\" width=\"1280\" height=\"853\" alt=\"\" title=\"Imagem do WhatsApp de 2025-02-12 \u00e0(s) 07.58.41_7219ff16\" aria-label=\"Imagem do WhatsApp de 2025-02-12 \u00e0(s) 07.58.41_7219ff16\" class=\"img-responsive wp-image-52584\" \/><\/a><\/div><\/div><div class=\"clearfix\"><\/div><\/div><div class=\"fusion-clearfix\"><\/div>\n\n\t\t\t\t\t<\/div>\n\t\t\t\t<\/div><\/div><\/div>\n","protected":false},"excerpt":{"rendered":"","protected":false},"author":17,"featured_media":52584,"comment_status":"open","ping_status":"open","sticky":false,"template":"","format":"standard","meta":{"om_disable_all_campaigns":false,"_monsterinsights_skip_tracking":false,"_monsterinsights_sitenote_active":false,"_monsterinsights_sitenote_note":"","_monsterinsights_sitenote_category":0,"_uf_show_specific_survey":0,"_uf_disable_surveys":false,"footnotes":""},"categories":[2,49],"tags":[],"class_list":["post-52600","post","type-post","status-publish","format-standard","has-post-thumbnail","hentry","category-not_mpal","category-not_pgj"],"aioseo_notices":[],"_links":{"self":[{"href":"https:\/\/www.mpal.mp.br\/index.php?rest_route=\/wp\/v2\/posts\/52600","targetHints":{"allow":["GET"]}}],"collection":[{"href":"https:\/\/www.mpal.mp.br\/index.php?rest_route=\/wp\/v2\/posts"}],"about":[{"href":"https:\/\/www.mpal.mp.br\/index.php?rest_route=\/wp\/v2\/types\/post"}],"author":[{"embeddable":true,"href":"https:\/\/www.mpal.mp.br\/index.php?rest_route=\/wp\/v2\/users\/17"}],"replies":[{"embeddable":true,"href":"https:\/\/www.mpal.mp.br\/index.php?rest_route=%2Fwp%2Fv2%2Fcomments&post=52600"}],"version-history":[{"count":1,"href":"https:\/\/www.mpal.mp.br\/index.php?rest_route=\/wp\/v2\/posts\/52600\/revisions"}],"predecessor-version":[{"id":52601,"href":"https:\/\/www.mpal.mp.br\/index.php?rest_route=\/wp\/v2\/posts\/52600\/revisions\/52601"}],"wp:featuredmedia":[{"embeddable":true,"href":"https:\/\/www.mpal.mp.br\/index.php?rest_route=\/wp\/v2\/media\/52584"}],"wp:attachment":[{"href":"https:\/\/www.mpal.mp.br\/index.php?rest_route=%2Fwp%2Fv2%2Fmedia&parent=52600"}],"wp:term":[{"taxonomy":"category","embeddable":true,"href":"https:\/\/www.mpal.mp.br\/index.php?rest_route=%2Fwp%2Fv2%2Fcategories&post=52600"},{"taxonomy":"post_tag","embeddable":true,"href":"https:\/\/www.mpal.mp.br\/index.php?rest_route=%2Fwp%2Fv2%2Ftags&post=52600"}],"curies":[{"name":"wp","href":"https:\/\/api.w.org\/{rel}","templated":true}]}}