{"id":5260,"date":"2022-05-03T09:43:52","date_gmt":"2022-05-03T12:43:52","guid":{"rendered":"https:\/\/www.mpal.mp.br\/?p=5260"},"modified":"2022-05-04T09:44:00","modified_gmt":"2022-05-04T12:44:00","slug":"pgj-marcio-roberto-recebe-secretario-de-saude-e-os-dois-discutem-novas-atuacoes-em-defesa-da-area","status":"publish","type":"post","link":"https:\/\/www.mpal.mp.br\/?p=5260","title":{"rendered":"PGJ M\u00e1rcio Roberto recebe secret\u00e1rio de Sa\u00fade e os dois discutem novas atua\u00e7\u00f5es em defesa da \u00e1rea"},"content":{"rendered":"<div class=\"fusion-fullwidth fullwidth-box fusion-builder-row-1 nonhundred-percent-fullwidth non-hundred-percent-height-scrolling\"  style='background-color: #ffffff;background-position: center center;background-repeat: no-repeat;padding-top:0px;padding-right:0px;padding-bottom:0px;padding-left:0px;'><div class=\"fusion-builder-row fusion-row \"><div  class=\"fusion-layout-column fusion_builder_column fusion_builder_column_1_1 fusion-builder-column-1 fusion-one-full fusion-column-first fusion-column-last 1_1\"  style='margin-top:0px;margin-bottom:20px;'>\n\t\t\t\t\t<div class=\"fusion-column-wrapper\" style=\"padding: 0px 0px 0px 0px;background-position:left top;background-repeat:no-repeat;-webkit-background-size:cover;-moz-background-size:cover;-o-background-size:cover;background-size:cover;\"   data-bg-url=\"\">\n\t\t\t\t\t\t<div class=\"fusion-text\"><p style=\"text-align: justify;\" align=\"justify\" data-raofz=\"14\"><span style=\"font-size: 14pt;\" data-raofz=\"13\">O procurador-geral de Justi\u00e7a, M\u00e1rcio Roberto Ten\u00f3rio de Albuquerque, recebeu, nesta ter\u00e7a-feira (3), o novo secret\u00e1rio estadual de Sa\u00fade, Andr\u00e9 Luiz \u00c1vila Cabral. Na visita de cortesia, dentre outras coisas, o titular da pasta agradeceu o trabalho de orienta\u00e7\u00e3o e fiscaliza\u00e7\u00e3o feito pelo Minist\u00e9rio P\u00fablico do Estado de Alagoas durante a pandemia do novo coronav\u00edrus. No encontro, as duas autoridades tamb\u00e9m falaram a respeito de futuros trabalhos a serem desenvolvidos, de forma independente, por\u00e9m harm\u00f4nica, de modo a proteger a sa\u00fade e a melhor qualidade de vida da popula\u00e7\u00e3o.<\/span><\/p>\n<p style=\"text-align: justify;\" align=\"justify\" data-raofz=\"14\"><span style=\"font-size: 14pt;\" data-raofz=\"13\">Ao iniciar sua fala na reuni\u00e3o, M\u00e1rcio Roberto Ten\u00f3rio de Albuquerque lembrou que a for\u00e7a-tarefa criada pelo MPAL agiu em v\u00e1rias frentes, sempre buscando zelar pela reta aplica\u00e7\u00e3o da lei, protegendo o patrim\u00f4nio p\u00fablico e salvaguardando direitos sociais que estavam sob amea\u00e7a em raz\u00e3o dos problemas ocasionados pela crise sanit\u00e1ria global. \u201cFiscalizamos os recursos p\u00fablicos destinados ao enfrentamento da pandemia, fizemos tratativas para que estado e munic\u00edpios contratualizassem mais leitos e adquirissem equipamentos, medicamentos e insumos, promovemos uma s\u00e9rie de reuni\u00f5es e formalizamos termos de ajustamento de conduta para assegurar direitos, como o da educa\u00e7\u00e3o, de crian\u00e7as e adolescentes, da mulher, da popula\u00e7\u00e3o de rua e do consumidor, e, nos casos necess\u00e1rios, ajuizamos as devidas a\u00e7\u00f5es civis p\u00fablicas\u201d, detalhou.<\/span><\/p>\n<p style=\"text-align: justify;\" align=\"justify\" data-raofz=\"14\"><span style=\"font-size: 14pt;\" data-raofz=\"13\">\u201cE, dentro de todo esse contexto, desenvolvemos um trabalho onde a Sesau tamb\u00e9m participou diretamente. Eram reuni\u00f5es, muitas vezes di\u00e1rias, para tratarmos de salvar vidas, de cuidar dos pacientes, de dar a eles tratamento digno. E como esse trabalho ocorreu de forma respeitosa e harm\u00f4nica, cada um agindo dentro das suas atribui\u00e7\u00f5es, novas atua\u00e7\u00f5es conjuntas podem surgir, de maneira que o cidad\u00e3o seja o maior beneficiado\u201d, frisou o chefe do Minist\u00e9rio P\u00fablico.<\/span><\/p>\n<p style=\"text-align: justify;\" align=\"justify\" data-raofz=\"14\"><span style=\"font-size: 14pt;\" data-raofz=\"13\">O secret\u00e1rio estadual de Sa\u00fade, ao mesmo tempo em que agradeceu as orienta\u00e7\u00f5es e toda a presta\u00e7\u00e3o de servi\u00e7o feita pelo MPAL durante esses mais de dois anos de pandemia, destacou a dedica\u00e7\u00e3o de seus membros no enfrentamento \u00e0 crise sanit\u00e1ria. \u201cA for\u00e7a-tarefa fez um trabalho extraordin\u00e1rio. O canal de di\u00e1logo aberto com a institui\u00e7\u00e3o foi fundamental para que tom\u00e1ssemos decis\u00f5es acertadas e dentro do que rege a lei. Estou aqui para agradecer pessoalmente por todo empenho do procurador-geral de Justi\u00e7a e dos promotores de Justi\u00e7a nessa causa que nos trouxe tantas dores. Espero que possamos, em breve, atuar novamente sob a orienta\u00e7\u00e3o do Minist\u00e9rio P\u00fablico\u201d, disse ele.<\/span><\/p>\n<\/div><div class=\"fusion-clearfix\"><\/div>\n\n\t\t\t\t\t<\/div>\n\t\t\t\t<\/div><\/div><\/div>\n","protected":false},"excerpt":{"rendered":"","protected":false},"author":2,"featured_media":5261,"comment_status":"open","ping_status":"open","sticky":false,"template":"","format":"standard","meta":{"om_disable_all_campaigns":false,"_monsterinsights_skip_tracking":false,"_monsterinsights_sitenote_active":false,"_monsterinsights_sitenote_note":"","_monsterinsights_sitenote_category":0,"_uf_show_specific_survey":0,"_uf_disable_surveys":false,"footnotes":""},"categories":[2],"tags":[],"class_list":["post-5260","post","type-post","status-publish","format-standard","has-post-thumbnail","hentry","category-not_mpal"],"aioseo_notices":[],"_links":{"self":[{"href":"https:\/\/www.mpal.mp.br\/index.php?rest_route=\/wp\/v2\/posts\/5260","targetHints":{"allow":["GET"]}}],"collection":[{"href":"https:\/\/www.mpal.mp.br\/index.php?rest_route=\/wp\/v2\/posts"}],"about":[{"href":"https:\/\/www.mpal.mp.br\/index.php?rest_route=\/wp\/v2\/types\/post"}],"author":[{"embeddable":true,"href":"https:\/\/www.mpal.mp.br\/index.php?rest_route=\/wp\/v2\/users\/2"}],"replies":[{"embeddable":true,"href":"https:\/\/www.mpal.mp.br\/index.php?rest_route=%2Fwp%2Fv2%2Fcomments&post=5260"}],"version-history":[{"count":2,"href":"https:\/\/www.mpal.mp.br\/index.php?rest_route=\/wp\/v2\/posts\/5260\/revisions"}],"predecessor-version":[{"id":5263,"href":"https:\/\/www.mpal.mp.br\/index.php?rest_route=\/wp\/v2\/posts\/5260\/revisions\/5263"}],"wp:featuredmedia":[{"embeddable":true,"href":"https:\/\/www.mpal.mp.br\/index.php?rest_route=\/wp\/v2\/media\/5261"}],"wp:attachment":[{"href":"https:\/\/www.mpal.mp.br\/index.php?rest_route=%2Fwp%2Fv2%2Fmedia&parent=5260"}],"wp:term":[{"taxonomy":"category","embeddable":true,"href":"https:\/\/www.mpal.mp.br\/index.php?rest_route=%2Fwp%2Fv2%2Fcategories&post=5260"},{"taxonomy":"post_tag","embeddable":true,"href":"https:\/\/www.mpal.mp.br\/index.php?rest_route=%2Fwp%2Fv2%2Ftags&post=5260"}],"curies":[{"name":"wp","href":"https:\/\/api.w.org\/{rel}","templated":true}]}}