{"id":52578,"date":"2025-02-11T12:23:07","date_gmt":"2025-02-11T15:23:07","guid":{"rendered":"https:\/\/www.mpal.mp.br\/?p=52578"},"modified":"2025-06-03T13:41:36","modified_gmt":"2025-06-03T16:41:36","slug":"imperdivel-ministerio-publico-oferta-vagas-de-estagio-para-13-cursos-superiores-na-capital-e-no-interior","status":"publish","type":"post","link":"https:\/\/www.mpal.mp.br\/?p=52578","title":{"rendered":"Imperd\u00edvel: Minist\u00e9rio P\u00fablico oferta vagas de est\u00e1gio para 13 cursos superiores na capital e no interior"},"content":{"rendered":"<p class=\"western\" align=\"justify\"><span style=\"font-family: helvetica, arial, sans-serif;\">Uma oportunidade \u00fanica, chance de bom aprendizado e de se qualificar em 13 \u00e1reas de n\u00edvel superior. A oferta \u00e9 do Minist\u00e9rio P\u00fablico de Alagoas (MPAL) e as inscri\u00e7\u00f5es ser\u00e3o permitidas at\u00e9 o dia 24 de fevereiro de 2025. O est\u00e1gio tem carga hor\u00e1ria de 20 horas semanais, dura\u00e7\u00e3o de um ano, podendo ser prorrogado pelo mesmo per\u00edodo. Os interessados podem acessar <span style=\"color: #000080;\"><span lang=\"zxx\"><u><a href=\"https:\/\/linktr.ee\/esmpalagoas\">https:\/\/linktr.ee\/esmpalagoas<\/a><\/u><\/span><\/span> e se cadastrar.<\/span><\/p>\n<p class=\"western\" align=\"justify\"><span style=\"font-family: helvetica, arial, sans-serif;\">Al\u00e9m dos candidatos que atingirem maior nota e forem imediatamente convocados, o processo seletivo tamb\u00e9m formar\u00e1 um quadro de reservas de estagi\u00e1rios para aproveitamento posterior, de acordo com a necessidade nas unidades institucionais.<\/span><\/p>\n<p class=\"western\" align=\"left\"><span style=\"font-family: helvetica, arial, sans-serif;\">O diretor da Escola Superior do Minist\u00e9rio P\u00fablico (ESMP), promotor de Justi\u00e7a Marcus R\u00f4mulo, fala da import\u00e2ncia do processo seletivo e motiva os estudantes universit\u00e1rios a testarem seus conhecimentos e garantirem vaga no MPAL.<\/span><\/p>\n<p class=\"western\" align=\"left\"><span style=\"font-family: helvetica, arial, sans-serif;\">\u201cTrata-se de um estagio remunerado, com carga hor\u00e1ria suficiente e que n\u00e3o atrapalha o estudante no seu aprendizado na faculdade, com oportunidade \u00fanica de trabalhar numa institui\u00e7\u00e3o que faz parte da Justi\u00e7a, com a advocacia e a magistratura, para que o estagi\u00e1rio conhe\u00e7a o ponto de vista do Minist\u00e9rio P\u00fablico qu \u00e9 um \u00f3rg\u00e3o acusador, de defesa da sociedade, onde ele ter\u00e1 a chance de verificar se \u00e9 uma carreira que gostaria de seguir no futuro\u201d, afirma o diretor da ESMPAL.<\/span><\/p>\n<p class=\"western\" align=\"justify\"><span style=\"font-family: helvetica, arial, sans-serif;\">Os cursos escolhidos pela Escola para est\u00e1gios foram os de: Administra\u00e7\u00e3o, Arquitetura, Biblioteconomia, Ci\u00eancias Cont\u00e1beis, Design de Interiores, Design\/Publicidade, Direito, Engenharia Civil, Jornalismo, Psicologia, Rela\u00e7\u00f5es P\u00fablicas, Servi\u00e7o Social e Tecnologia da Informa\u00e7\u00e3o.<\/span><\/p>\n<p><span style=\"font-family: helvetica, arial, sans-serif;\">Em seu edital, o Minist\u00e9rio P\u00fablico chama a aten\u00e7\u00e3o para quem almeja estagiar no curso de Direito, elencando os munic\u00edpios para os quais disputar\u00e3o as vagas:<\/span><\/p>\n<p class=\"western\" align=\"justify\"><span style=\"font-family: helvetica, arial, sans-serif;\">\u00c1gua Branca, Anadia, Arapiraca, Atalaia, Batalha, Boca da Mata, Cacimbinhas, Cajueiro, Campo Alegre, Capela, Col\u00f4nia Leopoldina, Coruripe, Delmiro Gouveia, Feira Grande, Girau do Ponciano, Igaci, Igreja Nova, Joaquim Gomes, Junqueiro, Limoeiro de Anadia, Macei\u00f3, Major Izidoro, Maragogi, Maravilha, Marechal Deodoro, Maribondo, Mata Grande, Matriz de Camaragibe, Murici, Olho d&#8217;\u00c1gua das Flores, Palmeira dos \u00cdndios, P\u00e3o de A\u00e7\u00facar, Paripueira, Passo de Camaragibe, Penedo, Pia\u00e7abu\u00e7u, Pilar, Piranhas, Porto Calvo, Porto Real do Col\u00e9gio, Quebrangulo, Rio Largo, Santana do Ipanema, S\u00e3o Jos\u00e9 da Lage, S\u00e3o Jos\u00e9 da Tapera, S\u00e3o Lu\u00eds do Quitunde, S\u00e3o Miguel dos Campos, S\u00e3o Sebasti\u00e3o, Satuba, Taquarana, Teot\u00f4nio Vilela, Traipu, Uni\u00e3o dos Palmares, Vi\u00e7osa.<\/span><\/p>\n","protected":false},"excerpt":{"rendered":"<p> [&hellip;]<\/p>\n","protected":false},"author":8,"featured_media":52579,"comment_status":"closed","ping_status":"closed","sticky":false,"template":"","format":"standard","meta":{"om_disable_all_campaigns":false,"_monsterinsights_skip_tracking":false,"_monsterinsights_sitenote_active":false,"_monsterinsights_sitenote_note":"","_monsterinsights_sitenote_category":0,"_uf_show_specific_survey":0,"_uf_disable_surveys":false,"footnotes":""},"categories":[19],"tags":[],"class_list":["post-52578","post","type-post","status-publish","format-standard","has-post-thumbnail","hentry","category-not_esmp"],"aioseo_notices":[],"_links":{"self":[{"href":"https:\/\/www.mpal.mp.br\/index.php?rest_route=\/wp\/v2\/posts\/52578","targetHints":{"allow":["GET"]}}],"collection":[{"href":"https:\/\/www.mpal.mp.br\/index.php?rest_route=\/wp\/v2\/posts"}],"about":[{"href":"https:\/\/www.mpal.mp.br\/index.php?rest_route=\/wp\/v2\/types\/post"}],"author":[{"embeddable":true,"href":"https:\/\/www.mpal.mp.br\/index.php?rest_route=\/wp\/v2\/users\/8"}],"replies":[{"embeddable":true,"href":"https:\/\/www.mpal.mp.br\/index.php?rest_route=%2Fwp%2Fv2%2Fcomments&post=52578"}],"version-history":[{"count":1,"href":"https:\/\/www.mpal.mp.br\/index.php?rest_route=\/wp\/v2\/posts\/52578\/revisions"}],"predecessor-version":[{"id":52580,"href":"https:\/\/www.mpal.mp.br\/index.php?rest_route=\/wp\/v2\/posts\/52578\/revisions\/52580"}],"wp:featuredmedia":[{"embeddable":true,"href":"https:\/\/www.mpal.mp.br\/index.php?rest_route=\/wp\/v2\/media\/52579"}],"wp:attachment":[{"href":"https:\/\/www.mpal.mp.br\/index.php?rest_route=%2Fwp%2Fv2%2Fmedia&parent=52578"}],"wp:term":[{"taxonomy":"category","embeddable":true,"href":"https:\/\/www.mpal.mp.br\/index.php?rest_route=%2Fwp%2Fv2%2Fcategories&post=52578"},{"taxonomy":"post_tag","embeddable":true,"href":"https:\/\/www.mpal.mp.br\/index.php?rest_route=%2Fwp%2Fv2%2Ftags&post=52578"}],"curies":[{"name":"wp","href":"https:\/\/api.w.org\/{rel}","templated":true}]}}