{"id":5256,"date":"2022-05-03T09:42:22","date_gmt":"2022-05-03T12:42:22","guid":{"rendered":"https:\/\/www.mpal.mp.br\/?p=5256"},"modified":"2022-05-04T09:42:32","modified_gmt":"2022-05-04T12:42:32","slug":"mpal-participa-de-evento-nacional-que-tratou-sobre-temas-ligados-a-infancia-e-juventude","status":"publish","type":"post","link":"https:\/\/www.mpal.mp.br\/?p=5256","title":{"rendered":"MPAL participa de evento nacional que tratou sobre temas ligados \u00e0 inf\u00e2ncia e juventude"},"content":{"rendered":"<div class=\"fusion-fullwidth fullwidth-box fusion-builder-row-1 nonhundred-percent-fullwidth non-hundred-percent-height-scrolling\"  style='background-color: #ffffff;background-position: center center;background-repeat: no-repeat;padding-top:0px;padding-right:0px;padding-bottom:0px;padding-left:0px;'><div class=\"fusion-builder-row fusion-row \"><div  class=\"fusion-layout-column fusion_builder_column fusion_builder_column_1_1 fusion-builder-column-1 fusion-one-full fusion-column-first fusion-column-last 1_1\"  style='margin-top:0px;margin-bottom:20px;'>\n\t\t\t\t\t<div class=\"fusion-column-wrapper\" style=\"padding: 0px 0px 0px 0px;background-position:left top;background-repeat:no-repeat;-webkit-background-size:cover;-moz-background-size:cover;-o-background-size:cover;background-size:cover;\"   data-bg-url=\"\">\n\t\t\t\t\t\t<div class=\"fusion-text\"><p style=\"text-align: justify;\" align=\"justify\" data-raofz=\"14\"><span style=\"font-size: 14pt;\" data-raofz=\"13\">O Minist\u00e9rio P\u00fablico do Estado de Alagoas participou do IX Congresso Nacional do Proinf\u00e2ncia, na sede do Instituto de Educa\u00e7\u00e3o Roberto Bernardes Barroso, no Rio de Janeiro. O encontro, que aconteceu entre os dias 28 e 30 de abril, reuniu promotores de Justi\u00e7a de todo o pa\u00eds para discutir temas relativos \u00e0 inf\u00e2ncia e adolesc\u00eancia e teve como representante do MPAL a promotora de Justi\u00e7a Alexandra Beurlen, da 11\u00aa Promotoria de Justi\u00e7a da capital.<\/span><\/p>\n<p style=\"text-align: justify;\" align=\"justify\" data-raofz=\"14\"><span style=\"font-size: 14pt;\" data-raofz=\"13\">O congresso reuniu cerca de 130 membros de diversos MPs estaduais e, durante tr\u00eas dias, tornou-se um importante espa\u00e7o de aprendizado e troca de experi\u00eancias sobre tem\u00e1ticas escolhidas pelos pr\u00f3prios membros do f\u00f3rum. No primeiro dia, por exemplo, os participantes compartilharam atividades desenvolvidas em seus estados e assistiram palestras, como daquela que teve como tema \u201cO fundo dos direitos da crian\u00e7a e do adolescente e o financiamento da socioeduca\u00e7\u00e3o\u201d, onde foram apresentadas experi\u00eancias dos estados do Rio de Janeiro, Paran\u00e1 e Tocantins.<\/span><\/p>\n<p style=\"text-align: justify;\" align=\"justify\" data-raofz=\"14\"><span style=\"font-size: 14pt;\" data-raofz=\"13\">Outras apresenta\u00e7\u00f5es trataram a respeito de \u201cEduca\u00e7\u00e3o Inclusiva\u201d, \u201cCrian\u00e7as e adolescentes em situa\u00e7\u00e3o de rua e o papel do Minist\u00e9rio P\u00fablico na sua prote\u00e7\u00e3o\u201d, \u201cAtua\u00e7\u00e3o do Minist\u00e9rio P\u00fablico na defesa dos jovens adultos egressos do acolhimento: possibilidades e limites\u201d e \u201cMentoria para adolescentes acolhidos ou egressos do acolhimento\u201d.<\/span><\/p>\n<p style=\"text-align: justify;\" align=\"justify\" data-raofz=\"14\"><span style=\"font-size: 14pt;\"><strong>Outros debates<\/strong><\/span><\/p>\n<p style=\"text-align: justify;\" align=\"justify\" data-raofz=\"14\"><span style=\"font-size: 14pt;\" data-raofz=\"13\">Os dois seguintes tiveram outras tem\u00e1ticas igualmente relevantes: \u201cExecu\u00e7\u00e3o das medidas socioeducativas em meio aberto\u201d, \u201cExclus\u00e3o e monitoramento de conte\u00fado eletr\u00f4nico violador dos direitos de crian\u00e7as e adolescentes\u201d, \u201cRede de atendimento e efetividade das pol\u00edticas p\u00fablicas de promo\u00e7\u00e3o social\u201d, \u201cO Conselho Tutelar e a Representa\u00e7\u00e3o por Infra\u00e7\u00e3o Administrativa\u201d e \u201cN\u00facleo de Articula\u00e7\u00e3o Institucional e o acompanhamento de a\u00e7\u00f5es de ado\u00e7\u00e3o e destitui\u00e7\u00f5es do poder familiar\u201d.<\/span><\/p>\n<p style=\"text-align: justify;\" align=\"justify\" data-raofz=\"14\"><span style=\"font-size: 14pt;\" data-raofz=\"13\">A programa\u00e7\u00e3o do evento incluiu tamb\u00e9m um encontro com os autores do Curso de Direito da Crian\u00e7a e do Adolescente.<\/span><\/p>\n<p style=\"text-align: justify;\" align=\"justify\" data-raofz=\"14\"><span style=\"font-size: 14pt;\">\u201cO IX Encontro Nacional do Proinfancia foi o primeiro encontro presencial desse f\u00f3rum de Membros do MP da Inf\u00e2ncia, ap\u00f3s a Pandemia. Al\u00e9m da discuss\u00e3o sempre atual da necessidade de garantia da prioridade absoluta da crian\u00e7a e do adolescente, constitucionalmente estabelecida, mas socialmente esquecida, ainda discutimos temas que se tornaram mais importantes justamente por causa da crise mundial. O aumento dos povos de rua (o que inclui crian\u00e7as, adolescentes e suas fam\u00edlias), o decr\u00e9scimo or\u00e7ament\u00e1rio das rubricas destinadas \u00e0 assist\u00eancia social, entre outros.\u00a0A maior riqueza desse encontro anual, no entanto, \u00e9 a troca de experi\u00eancias. Em todo Brasil temos colegas dedicados lutando por um pa\u00eds melhor para a Inf\u00e2ncia e Juventude e trocar ideias e experi\u00eancias nos permite recuperar o f\u00f4lego e seguir tentando\u201d, declarou Alexandra Beurlen.\u00a0<\/span><\/p>\n<p style=\"text-align: justify;\" align=\"justify\" data-raofz=\"14\"><span style=\"font-size: 14pt;\" data-raofz=\"13\"><strong><b>Sobre o Proinf\u00e2ncia<\/b><\/strong><\/span><\/p>\n<p style=\"text-align: justify;\" align=\"justify\" data-raofz=\"14\"><span style=\"font-size: 14pt;\" data-raofz=\"13\">O F\u00f3rum Nacional dos Membros do Minist\u00e9rio P\u00fablico da Inf\u00e2ncia e Adolesc\u00eancia (Proinf\u00e2ncia) foi criado em 2014 para suprir a necessidade de um espa\u00e7o independente para discuss\u00e3o e aperfei\u00e7oamento das a\u00e7\u00f5es dos membros do Minist\u00e9rio P\u00fablico que atuam na defesa dos direitos da crian\u00e7a e do adolescente.<\/span><\/p>\n<p style=\"text-align: justify;\" align=\"justify\" data-raofz=\"14\"><span style=\"font-size: 14pt;\" data-raofz=\"13\">Com informa\u00e7\u00f5es da Ascom do MPRJ.\u00a0<\/span><\/p>\n<\/div><div class=\"fusion-clearfix\"><\/div>\n\n\t\t\t\t\t<\/div>\n\t\t\t\t<\/div><\/div><\/div>\n","protected":false},"excerpt":{"rendered":"","protected":false},"author":2,"featured_media":5257,"comment_status":"open","ping_status":"open","sticky":false,"template":"","format":"standard","meta":{"om_disable_all_campaigns":false,"_monsterinsights_skip_tracking":false,"_monsterinsights_sitenote_active":false,"_monsterinsights_sitenote_note":"","_monsterinsights_sitenote_category":0,"_uf_show_specific_survey":0,"_uf_disable_surveys":false,"footnotes":""},"categories":[2],"tags":[],"class_list":["post-5256","post","type-post","status-publish","format-standard","has-post-thumbnail","hentry","category-not_mpal"],"aioseo_notices":[],"_links":{"self":[{"href":"https:\/\/www.mpal.mp.br\/index.php?rest_route=\/wp\/v2\/posts\/5256","targetHints":{"allow":["GET"]}}],"collection":[{"href":"https:\/\/www.mpal.mp.br\/index.php?rest_route=\/wp\/v2\/posts"}],"about":[{"href":"https:\/\/www.mpal.mp.br\/index.php?rest_route=\/wp\/v2\/types\/post"}],"author":[{"embeddable":true,"href":"https:\/\/www.mpal.mp.br\/index.php?rest_route=\/wp\/v2\/users\/2"}],"replies":[{"embeddable":true,"href":"https:\/\/www.mpal.mp.br\/index.php?rest_route=%2Fwp%2Fv2%2Fcomments&post=5256"}],"version-history":[{"count":2,"href":"https:\/\/www.mpal.mp.br\/index.php?rest_route=\/wp\/v2\/posts\/5256\/revisions"}],"predecessor-version":[{"id":5259,"href":"https:\/\/www.mpal.mp.br\/index.php?rest_route=\/wp\/v2\/posts\/5256\/revisions\/5259"}],"wp:featuredmedia":[{"embeddable":true,"href":"https:\/\/www.mpal.mp.br\/index.php?rest_route=\/wp\/v2\/media\/5257"}],"wp:attachment":[{"href":"https:\/\/www.mpal.mp.br\/index.php?rest_route=%2Fwp%2Fv2%2Fmedia&parent=5256"}],"wp:term":[{"taxonomy":"category","embeddable":true,"href":"https:\/\/www.mpal.mp.br\/index.php?rest_route=%2Fwp%2Fv2%2Fcategories&post=5256"},{"taxonomy":"post_tag","embeddable":true,"href":"https:\/\/www.mpal.mp.br\/index.php?rest_route=%2Fwp%2Fv2%2Ftags&post=5256"}],"curies":[{"name":"wp","href":"https:\/\/api.w.org\/{rel}","templated":true}]}}