{"id":5251,"date":"2022-05-03T09:24:38","date_gmt":"2022-05-03T12:24:38","guid":{"rendered":"https:\/\/www.mpal.mp.br\/?p=5251"},"modified":"2022-05-04T09:41:31","modified_gmt":"2022-05-04T12:41:31","slug":"caos-ministerio-publico-requer-do-estado-solucao-imediata-para-hospital-portugal-ramalho","status":"publish","type":"post","link":"https:\/\/www.mpal.mp.br\/?p=5251","title":{"rendered":"Caos: Minist\u00e9rio P\u00fablico requer do Estado solu\u00e7\u00e3o imediata para Hospital Portugal Ramalho"},"content":{"rendered":"<div class=\"fusion-fullwidth fullwidth-box fusion-builder-row-1 nonhundred-percent-fullwidth non-hundred-percent-height-scrolling\"  style='background-color: #ffffff;background-position: center center;background-repeat: no-repeat;padding-top:0px;padding-right:0px;padding-bottom:0px;padding-left:0px;'><div class=\"fusion-builder-row fusion-row \"><div  class=\"fusion-layout-column fusion_builder_column fusion_builder_column_1_1 fusion-builder-column-1 fusion-one-full fusion-column-first fusion-column-last 1_1\"  style='margin-top:0px;margin-bottom:20px;'>\n\t\t\t\t\t<div class=\"fusion-column-wrapper\" style=\"padding: 0px 0px 0px 0px;background-position:left top;background-repeat:no-repeat;-webkit-background-size:cover;-moz-background-size:cover;-o-background-size:cover;background-size:cover;\"   data-bg-url=\"\">\n\t\t\t\t\t\t<div class=\"fusion-text\"><p style=\"text-align: justify;\" align=\"justify\" data-raofz=\"14\"><span style=\"font-size: 14pt;\">\u00c9 uma quest\u00e3o de dignidade, de promo\u00e7\u00e3o do bem-estar, de respeito, estabelecidos pela Lei n\u00ba 13.146, do Estatuto da Pessoa com Defici\u00eancia. No entanto, o Minist\u00e9rio P\u00fablico de Alagoas (MPAL), por meio do N\u00facleo de Defesa dos Direitos Humanos (NDDH), ap\u00f3s analisar relat\u00f3rio de inspe\u00e7\u00e3o confeccionado pela Comiss\u00e3o de Defesa dos Direitos Humanos da Ordem dos Advogados do Brasil (OAB\/AL), comprovou que as condi\u00e7\u00f5es estruturais do Hospital Escola Portugal Ramalho, em decorr\u00eancia do afundamento de solo, proporcionado por extra\u00e7\u00e3o de sal-gema, feita pela mineradora Braskem, colocam em risco eminente a vida de pacientes e profissionais da sa\u00fade. Diante do caos, a promotora de Justi\u00e7a Marluce Falc\u00e3o determinou agendamento de audi\u00eancia e quer que o poder p\u00fablico estatal adote as medidas cab\u00edveis, em car\u00e1ter emergencial, para realoca\u00e7\u00e3o da unidade hospitalar, a fim de se evitar uma trag\u00e9dia anunciada.<\/span><\/p>\n<p style=\"text-align: justify;\" align=\"justify\" data-raofz=\"14\"><span style=\"font-size: 14pt;\">A representante ministerial e tamb\u00e9m coordenadora do NDDH, ressalta em seu parecer que o Minist\u00e9rio P\u00fablico Estadual acompanha o caso junto \u00e0 Braskem, desde o in\u00edcio, por meio da For\u00e7a Tarefa do Pinheiro, que j\u00e1 teria solicitado inclusive a inclus\u00e3o do Hospital Portugal Ramalho no plano indenizat\u00f3rio da referida mineradora, ap\u00f3s reivindica\u00e7\u00e3o da pr\u00f3pria dire\u00e7\u00e3o.<\/span><\/p>\n<p style=\"text-align: justify;\" align=\"justify\" data-raofz=\"14\"><span style=\"font-size: 14pt;\">\u201cN\u00e3o h\u00e1 a menor possibilidade de a unidade continuar funcionando naquele local, est\u00e3o em \u00e1rea de risco, com pessoas que necessitam de tratamento diferenciado. O Minist\u00e9rio P\u00fablico j\u00e1 alertou, cobrou provid\u00eancias, mas at\u00e9 agora nada foi feito e essa realidade delicada tem adoecido psicologicamente os profissionais e agravado a situa\u00e7\u00e3o dos pacientes, al\u00e9m de ainda poderem ter a integridade f\u00edsica abalada. \u00c9 preciso que medidas urgentes e indispens\u00e1veis sejam adotadas para que o Estado n\u00e3o seja punido por descaso e omiss\u00e3o, afinal estamos falando de vidas\u201d, diz Marluce Falc\u00e3o.<\/span><\/p>\n<p style=\"text-align: justify;\" align=\"justify\" data-raofz=\"14\"><span style=\"font-size: 14pt;\">A promotora acrescenta que a Universidade Estadual de Ci\u00eancias da Sa\u00fade de Alagoas (Uncisal), foi tamb\u00e9m notificada a providenciar um novo local para a instala\u00e7\u00e3o do Hospital Escola, face o risco anunciado. E fala de outros pontos considerados cr\u00edticos na unidade.<\/span><\/p>\n<p style=\"text-align: justify;\" align=\"justify\" data-raofz=\"14\"><span style=\"font-size: 14pt;\">\u201cOutro fato grav\u00edssimo e que muito nos preocupa \u00e9 que o relat\u00f3rio de inspe\u00e7\u00e3o relata a ocorr\u00eancia de supostos crimes contra pacientes totalmente vulner\u00e1veis, algumas j\u00e1 divulgadas na m\u00eddia, com den\u00fancias no Minist\u00e9rio P\u00fablico e que j\u00e1 s\u00e3o objeto de apura\u00e7\u00e3o pela Pol\u00edcia Judici\u00e1ria e est\u00e3o sob procedimento administrativo interno\u201d.<\/span><\/p>\n<p style=\"text-align: justify;\" align=\"justify\" data-raofz=\"14\"><span style=\"font-size: 14pt;\">A inspe\u00e7\u00e3o da OAB\/AL, por meio da Comiss\u00e3o de Direitos Humanos, foi acompanhada pelo Conselho Regional de Servi\u00e7o Social e Conselho Regional de Enfermagem e da Psicologia e noticiados pela dire\u00e7\u00e3o da Institui\u00e7\u00e3o de Sa\u00fade, representada pela diretora Maria Derivalda Andrade, pelo coordenador Jur\u00eddico Dr. Williams Pac\u00edfico, servidores, al\u00e9m de membros da Comiss\u00e3o de Direito M\u00e9dico da OAB\/AL.<\/span><\/p>\n<\/div><div class=\"fusion-clearfix\"><\/div>\n\n\t\t\t\t\t<\/div>\n\t\t\t\t<\/div><\/div><\/div>\n","protected":false},"excerpt":{"rendered":"","protected":false},"author":2,"featured_media":4861,"comment_status":"open","ping_status":"open","sticky":false,"template":"","format":"standard","meta":{"om_disable_all_campaigns":false,"_monsterinsights_skip_tracking":false,"_monsterinsights_sitenote_active":false,"_monsterinsights_sitenote_note":"","_monsterinsights_sitenote_category":0,"_uf_show_specific_survey":0,"_uf_disable_surveys":false,"footnotes":""},"categories":[2],"tags":[],"class_list":["post-5251","post","type-post","status-publish","format-standard","has-post-thumbnail","hentry","category-not_mpal"],"aioseo_notices":[],"_links":{"self":[{"href":"https:\/\/www.mpal.mp.br\/index.php?rest_route=\/wp\/v2\/posts\/5251","targetHints":{"allow":["GET"]}}],"collection":[{"href":"https:\/\/www.mpal.mp.br\/index.php?rest_route=\/wp\/v2\/posts"}],"about":[{"href":"https:\/\/www.mpal.mp.br\/index.php?rest_route=\/wp\/v2\/types\/post"}],"author":[{"embeddable":true,"href":"https:\/\/www.mpal.mp.br\/index.php?rest_route=\/wp\/v2\/users\/2"}],"replies":[{"embeddable":true,"href":"https:\/\/www.mpal.mp.br\/index.php?rest_route=%2Fwp%2Fv2%2Fcomments&post=5251"}],"version-history":[{"count":2,"href":"https:\/\/www.mpal.mp.br\/index.php?rest_route=\/wp\/v2\/posts\/5251\/revisions"}],"predecessor-version":[{"id":5254,"href":"https:\/\/www.mpal.mp.br\/index.php?rest_route=\/wp\/v2\/posts\/5251\/revisions\/5254"}],"wp:featuredmedia":[{"embeddable":true,"href":"https:\/\/www.mpal.mp.br\/index.php?rest_route=\/wp\/v2\/media\/4861"}],"wp:attachment":[{"href":"https:\/\/www.mpal.mp.br\/index.php?rest_route=%2Fwp%2Fv2%2Fmedia&parent=5251"}],"wp:term":[{"taxonomy":"category","embeddable":true,"href":"https:\/\/www.mpal.mp.br\/index.php?rest_route=%2Fwp%2Fv2%2Fcategories&post=5251"},{"taxonomy":"post_tag","embeddable":true,"href":"https:\/\/www.mpal.mp.br\/index.php?rest_route=%2Fwp%2Fv2%2Ftags&post=5251"}],"curies":[{"name":"wp","href":"https:\/\/api.w.org\/{rel}","templated":true}]}}