{"id":52494,"date":"2025-02-07T11:50:16","date_gmt":"2025-02-07T14:50:16","guid":{"rendered":"https:\/\/www.mpal.mp.br\/?p=52494"},"modified":"2025-02-07T11:53:34","modified_gmt":"2025-02-07T14:53:34","slug":"mpal-mpf-e-dpe-recomendam-que-estado-de-alagoas-nao-encerre-turmas-de-eja-sem-analise-previa","status":"publish","type":"post","link":"https:\/\/www.mpal.mp.br\/?p=52494","title":{"rendered":"MPAL, MPF e DPE recomendam que Estado de Alagoas n\u00e3o encerre turmas de EJA sem an\u00e1lise pr\u00e9via"},"content":{"rendered":"<p>&nbsp;<\/p>\n<p dir=\"ltr\" style=\"text-align: justify;\"><span style=\"font-family: helvetica, arial, sans-serif; font-size: 12pt;\">O Minist\u00e9rio P\u00fablico do Estado de Alagoas (MPAL), o Minist\u00e9rio P\u00fablico Federal (MPF) e a Defensoria P\u00fablica do Estado de Alagoas (DPEAL) expediram recomenda\u00e7\u00e3o conjunta para que a Secretaria de Educa\u00e7\u00e3o do Estado de Alagoas n\u00e3o encerre turmas da Educa\u00e7\u00e3o de Jovens e Adultos (EJA) que funcionaram durante o ano letivo de 2024. O documento requer que qualquer decis\u00e3o sobre o fechamento de turmas seja precedida de remessa, an\u00e1lise e discuss\u00e3o junto \u00e0s institui\u00e7\u00f5es, acompanhada das seguintes informa\u00e7\u00f5es:<\/span><\/p>\n<ul style=\"text-align: justify;\">\n<li dir=\"ltr\">\n<p dir=\"ltr\"><span style=\"font-family: helvetica, arial, sans-serif; font-size: 12pt;\">Esclarecimentos formais sobre a inten\u00e7\u00e3o de fechamento de turmas de EJA, com justificativa;<\/span><\/p>\n<\/li>\n<li dir=\"ltr\">\n<p dir=\"ltr\"><span style=\"font-family: helvetica, arial, sans-serif; font-size: 12pt;\">Documentos que evidenciem estudos sobre as causas da evas\u00e3o escolar nas turmas de EJA no Estado;<\/span><\/p>\n<\/li>\n<li dir=\"ltr\">\n<p dir=\"ltr\"><span style=\"font-family: helvetica, arial, sans-serif; font-size: 12pt;\">Informa\u00e7\u00f5es sobre as estrat\u00e9gias de busca ativa utilizadas para amplia\u00e7\u00e3o das matr\u00edculas na modalidade;<\/span><\/p>\n<\/li>\n<li dir=\"ltr\">\n<p dir=\"ltr\"><span style=\"font-family: helvetica, arial, sans-serif; font-size: 12pt;\">Esclarecimentos espec\u00edficos sobre o encerramento das turmas de EJA na Escola Estadual J\u00falio Alto, incluindo a an\u00e1lise formal das causas de evas\u00e3o e os efeitos das estrat\u00e9gias de busca ativa, acompanhados da documenta\u00e7\u00e3o comprobat\u00f3ria.<\/span><\/p>\n<\/li>\n<\/ul>\n<p dir=\"ltr\" style=\"text-align: justify;\"><span style=\"font-family: helvetica, arial, sans-serif; font-size: 12pt;\">Os \u00f3rg\u00e3os enfatizam a necessidade de resposta urgente sobre a ades\u00e3o ou n\u00e3o \u00e0 recomenda\u00e7\u00e3o, em raz\u00e3o da gravidade do tema. Segundo dados do IBGE, a taxa de analfabetismo em Alagoas alcan\u00e7ou 17,7% da popula\u00e7\u00e3o com 15 anos ou mais em 2022, posicionando o Estado entre os piores \u00edndices do pa\u00eds. Al\u00e9m disso, Macei\u00f3 est\u00e1 entre as cidades com mais de 500 mil habitantes que concentram altos n\u00fameros de analfabetos.<\/span><\/p>\n<p dir=\"ltr\" style=\"text-align: justify;\"><span style=\"font-family: helvetica, arial, sans-serif; font-size: 12pt;\">A recomenda\u00e7\u00e3o tamb\u00e9m destaca a not\u00edcia do fechamento das turmas de EJA na Escola Estadual J\u00falio Alto, localizada no Conjunto Joaquim Le\u00e3o, no bairro Vergel do Lago, em Macei\u00f3. Os membros das institui\u00e7\u00f5es alertam que o encerramento de turmas onde h\u00e1 alunos matriculados, sob justificativa de baixa demanda, fere o direito \u00e0 educa\u00e7\u00e3o e contraria princ\u00edpios constitucionais.<\/span><\/p>\n<p dir=\"ltr\" style=\"text-align: justify;\"><span style=\"font-family: helvetica, arial, sans-serif; font-size: 12pt;\">Por fim, o documento ressalta o car\u00e1ter preventivo da recomenda\u00e7\u00e3o, com base no artigo 2\u00ba, inciso IX, da Resolu\u00e7\u00e3o CNMP n\u00ba 164\/2017, e informa que sua expedi\u00e7\u00e3o n\u00e3o impede que medidas j\u00e1 adotadas pelo Estado sejam consideradas na an\u00e1lise do caso.<\/span><\/p>\n<p dir=\"ltr\" style=\"text-align: justify;\"><span style=\"font-family: helvetica, arial, sans-serif; font-size: 12pt;\">A recomenda\u00e7\u00e3o \u00e9 assinada pela promotora de Justi\u00e7a de Defesa dos Direitos Humanos, Alexandra Beurlen, pelo promotor de Justi\u00e7a da 21\u00aa Promotoria de Justi\u00e7a da Capital (Fazenda Estadual), Jamyl Gon\u00e7alves Barbosa, pelo coordenador do N\u00facleo de Defesa da Educa\u00e7\u00e3o do MPAL, Lucas Saschida Carneiro, pelo procurador regional dos direitos do cidad\u00e3o, Bruno Lamenha, e pelo defensor p\u00fablico do N\u00facleo de Prote\u00e7\u00e3o Coletiva\/DPE-AL, Isaac Souto.<\/span><\/p>\n<p dir=\"ltr\"><span style=\"font-family: helvetica, arial, sans-serif; font-size: 12pt;\">*Com informa\u00e7\u00f5es e arte do MPF.<\/span><\/p>\n<p dir=\"ltr\">\n<p dir=\"ltr\">\n","protected":false},"excerpt":{"rendered":"<p> [&hellip;]<\/p>\n","protected":false},"author":17,"featured_media":49529,"comment_status":"open","ping_status":"open","sticky":false,"template":"","format":"standard","meta":{"om_disable_all_campaigns":false,"_monsterinsights_skip_tracking":false,"_monsterinsights_sitenote_active":false,"_monsterinsights_sitenote_note":"","_monsterinsights_sitenote_category":0,"_uf_show_specific_survey":0,"_uf_disable_surveys":false,"footnotes":""},"categories":[2],"tags":[],"class_list":["post-52494","post","type-post","status-publish","format-standard","has-post-thumbnail","hentry","category-not_mpal"],"aioseo_notices":[],"_links":{"self":[{"href":"https:\/\/www.mpal.mp.br\/index.php?rest_route=\/wp\/v2\/posts\/52494","targetHints":{"allow":["GET"]}}],"collection":[{"href":"https:\/\/www.mpal.mp.br\/index.php?rest_route=\/wp\/v2\/posts"}],"about":[{"href":"https:\/\/www.mpal.mp.br\/index.php?rest_route=\/wp\/v2\/types\/post"}],"author":[{"embeddable":true,"href":"https:\/\/www.mpal.mp.br\/index.php?rest_route=\/wp\/v2\/users\/17"}],"replies":[{"embeddable":true,"href":"https:\/\/www.mpal.mp.br\/index.php?rest_route=%2Fwp%2Fv2%2Fcomments&post=52494"}],"version-history":[{"count":2,"href":"https:\/\/www.mpal.mp.br\/index.php?rest_route=\/wp\/v2\/posts\/52494\/revisions"}],"predecessor-version":[{"id":52496,"href":"https:\/\/www.mpal.mp.br\/index.php?rest_route=\/wp\/v2\/posts\/52494\/revisions\/52496"}],"wp:featuredmedia":[{"embeddable":true,"href":"https:\/\/www.mpal.mp.br\/index.php?rest_route=\/wp\/v2\/media\/49529"}],"wp:attachment":[{"href":"https:\/\/www.mpal.mp.br\/index.php?rest_route=%2Fwp%2Fv2%2Fmedia&parent=52494"}],"wp:term":[{"taxonomy":"category","embeddable":true,"href":"https:\/\/www.mpal.mp.br\/index.php?rest_route=%2Fwp%2Fv2%2Fcategories&post=52494"},{"taxonomy":"post_tag","embeddable":true,"href":"https:\/\/www.mpal.mp.br\/index.php?rest_route=%2Fwp%2Fv2%2Ftags&post=52494"}],"curies":[{"name":"wp","href":"https:\/\/api.w.org\/{rel}","templated":true}]}}