{"id":52418,"date":"2025-02-05T13:37:33","date_gmt":"2025-02-05T16:37:33","guid":{"rendered":"https:\/\/www.mpal.mp.br\/?p=52418"},"modified":"2025-02-05T13:37:33","modified_gmt":"2025-02-05T16:37:33","slug":"pilar-ja-tem-tac-de-carnaval-firmado-pelo-ministerio-publico-de-alagoas-e-demais-orgaos-competentes","status":"publish","type":"post","link":"https:\/\/www.mpal.mp.br\/?p=52418","title":{"rendered":"Pilar j\u00e1 tem TAC de carnaval firmado pelo Minist\u00e9rio P\u00fablico de Alagoas e demais \u00f3rg\u00e3os competentes"},"content":{"rendered":"<p style=\"text-align: justify;\" align=\"justify\">Para que as festividades momescas ocorram em total seguran\u00e7a no Munic\u00edpio do Pilar, o Minist\u00e9rio P\u00fablico de Alagoas (MPAL) , por meio da Promotoria de Justi\u00e7a daquela Comarca, celebrou um Termo de Ajustamento de Conduta (TAC) com \u00f3rg\u00e3os da Seguran\u00e7a P\u00fablica estadual e tamb\u00e9m com \u00f3rg\u00e3os municipais e representantes dos blocos carnavalescos. Est\u00e1, por exemplo, definido que festejos na pra\u00e7a ou na orla lagunar com aparelhos de som de grande pot\u00eancia, os famosos pared\u00f5es, ser\u00e3o permitidos at\u00e9 \u00e0s 17h, sendo terminantemente proibido o uso, em qualquer hor\u00e1rio, no dia 28 de fevereiro.<\/p>\n<p style=\"text-align: justify;\" align=\"justify\">Pela programa\u00e7\u00e3o, o carnaval do Pilar iniciar\u00e1 no dia 14 de fevereiro com o bloco \u201cVem que Tem\u201d saindo ao meio-dia do Mercado P\u00fablico e percorrendo as principais ruas da cidade at\u00e9 as 16h. J\u00e1 no domingo (23), os festejos s\u00e3o retomados a partir das 10h, com o tradicional banho de lagoa \u00e0 fantasia. Ao todo est\u00e3o programados desfiles de 11 blocos. Por\u00e9m, apesar dos dois dias com o povo j\u00e1 nas ruas, oficialmente, a abertura da festa organizada pela Prefeitura acontece no dia 28 com o desfile do rei momo e da rainha do carnaval.<\/p>\n<p style=\"text-align: justify;\" align=\"justify\">Mantendo aquela preocupa\u00e7\u00e3o peculiar, para garantir divers\u00e3o segura no munic\u00edpio, a Promotoria de Justi\u00e7a local, que tem como titular o promotor de Justi\u00e7a S\u00edlvio Azevedo, confeccionou cl\u00e1usulas importantes, em acordo com os representantes da Pol\u00edcia Militar, da Guarda Municipal, das secretarias de Turismo e Eventos, Sa\u00fade, Meio Ambiente, de Urbanismo, e da SMTT. Eles ser\u00e3o os respons\u00e1veis por abordagens, fiscaliza\u00e7\u00f5es, pela organiza\u00e7\u00e3o no tr\u00e2nsito, garantia de ambul\u00e2ncias e equipes suficientes para atender o foli\u00e3o, pela quantidade adequada de banheiros qu\u00edmicos.<\/p>\n<p style=\"text-align: justify;\" align=\"justify\">Quem estar\u00e1 atento e desencadeando inspe\u00e7\u00f5es nos lugares dos festejos \u00e9 o Conselho Tutelar para coibir o uso de bebidas alco\u00f3licas a menores, tamb\u00e9m que crian\u00e7as estejam sem acompanhantes em blocos e espa\u00e7os p\u00fablicos e estabelecimentos comerciais. Havendo constata\u00e7\u00e3o, a Pol\u00edcia Militar ser\u00e1 imediatamente acionada. E j\u00e1 que foi falado em bebida, os ambulantes que apostam no lucro durante o per\u00edodo carnavalesco, ter\u00e3o, tamb\u00e9m m que se adequar \u00e0s cl\u00e1usulas do TAC, pois, mantendo a orienta\u00e7\u00e3o de 2023 n\u00e3o ser\u00e1 permitido usos de espeto nos churrascos, tampouco vender cerveja e refrigerantes em vasilhames de vidro.<\/p>\n<p style=\"text-align: justify;\" align=\"justify\">Como incumb\u00eancia, al\u00e9m de cumprir as regras em rela\u00e7\u00e3o aos hor\u00e1rios de in\u00edcio e fim das festas, os representantes dos blocos se comprometeram em auxiliar os \u00f3rg\u00e3os p\u00fablicos nesse sentido, principalmente autorizando que seus integrantes usem, apenas, material descart\u00e1vel para beber e comer. A proibi\u00e7\u00e3o \u00e9 mantida sempre nos TAC com o prop\u00f3sito de evitar de servirem de armas em poss\u00edveis desentendimentos.<\/p>\n<p style=\"text-align: justify;\" align=\"justify\"><b>Seguran\u00e7a<\/b><\/p>\n<p style=\"text-align: justify;\" align=\"justify\">A Pol\u00edcia Militar, por meio do 8\u00ba Batalh\u00e3o, comandado pelo major Navarro, trabalhar\u00e1 conjuntamente com a Pol\u00edcia Civil em caso de deten\u00e7\u00e3o de pessoas em flagrante delito. Tamb\u00e9m manter\u00e1 contato direto com a Guarda Municipal e a Secretaria de Turismo e Eventos dando-lhes suporte em caso de ocorr\u00eancias.<\/p>\n<p style=\"text-align: justify;\" align=\"justify\">O efetivo utilizado no Pilar durante o carnaval ser\u00e1 de acordo com o planejamento do Comando de Policiamento da Regi\u00e3o Metropolitana (CPRM).<\/p>\n","protected":false},"excerpt":{"rendered":"<p> [&hellip;]<\/p>\n","protected":false},"author":8,"featured_media":52419,"comment_status":"open","ping_status":"open","sticky":false,"template":"","format":"standard","meta":{"om_disable_all_campaigns":false,"_monsterinsights_skip_tracking":false,"_monsterinsights_sitenote_active":false,"_monsterinsights_sitenote_note":"","_monsterinsights_sitenote_category":0,"_uf_show_specific_survey":0,"_uf_disable_surveys":false,"footnotes":""},"categories":[2],"tags":[],"class_list":["post-52418","post","type-post","status-publish","format-standard","has-post-thumbnail","hentry","category-not_mpal"],"aioseo_notices":[],"_links":{"self":[{"href":"https:\/\/www.mpal.mp.br\/index.php?rest_route=\/wp\/v2\/posts\/52418","targetHints":{"allow":["GET"]}}],"collection":[{"href":"https:\/\/www.mpal.mp.br\/index.php?rest_route=\/wp\/v2\/posts"}],"about":[{"href":"https:\/\/www.mpal.mp.br\/index.php?rest_route=\/wp\/v2\/types\/post"}],"author":[{"embeddable":true,"href":"https:\/\/www.mpal.mp.br\/index.php?rest_route=\/wp\/v2\/users\/8"}],"replies":[{"embeddable":true,"href":"https:\/\/www.mpal.mp.br\/index.php?rest_route=%2Fwp%2Fv2%2Fcomments&post=52418"}],"version-history":[{"count":1,"href":"https:\/\/www.mpal.mp.br\/index.php?rest_route=\/wp\/v2\/posts\/52418\/revisions"}],"predecessor-version":[{"id":52420,"href":"https:\/\/www.mpal.mp.br\/index.php?rest_route=\/wp\/v2\/posts\/52418\/revisions\/52420"}],"wp:featuredmedia":[{"embeddable":true,"href":"https:\/\/www.mpal.mp.br\/index.php?rest_route=\/wp\/v2\/media\/52419"}],"wp:attachment":[{"href":"https:\/\/www.mpal.mp.br\/index.php?rest_route=%2Fwp%2Fv2%2Fmedia&parent=52418"}],"wp:term":[{"taxonomy":"category","embeddable":true,"href":"https:\/\/www.mpal.mp.br\/index.php?rest_route=%2Fwp%2Fv2%2Fcategories&post=52418"},{"taxonomy":"post_tag","embeddable":true,"href":"https:\/\/www.mpal.mp.br\/index.php?rest_route=%2Fwp%2Fv2%2Ftags&post=52418"}],"curies":[{"name":"wp","href":"https:\/\/api.w.org\/{rel}","templated":true}]}}