{"id":52324,"date":"2025-02-03T14:39:18","date_gmt":"2025-02-03T17:39:18","guid":{"rendered":"https:\/\/www.mpal.mp.br\/?p=52324"},"modified":"2025-02-03T14:53:47","modified_gmt":"2025-02-03T17:53:47","slug":"caso-kleber-malaquias-juri-acontecera-no-dia-17-de-fevereiro-em-maceio","status":"publish","type":"post","link":"https:\/\/www.mpal.mp.br\/?p=52324","title":{"rendered":"Caso Kl\u00e9ber Malaquias: j\u00fari acontecer\u00e1 no dia 17 de fevereiro, em Macei\u00f3"},"content":{"rendered":"<p style=\"text-align: justify;\"><span style=\"font-family: helvetica, arial, sans-serif; color: #000000;\">Quatro dos r\u00e9us denunciados pela morte do ativista pol\u00edtico Kl\u00e9ber Malaquias sentar\u00e3o no banco dos r\u00e9us no pr\u00f3ximo dia 17 de fevereiro. Ao todo, sete pessoas s\u00e3o acusadas pelo Minist\u00e9rio P\u00fablico do Estado de Alagoas (MPAL) pelo assassinato da v\u00edtima, dentre elas, agentes e ex-agentes da seguran\u00e7a p\u00fablica de Alagoas. No papel da acusa\u00e7\u00e3o estar\u00e3o os promotores de Justica L\u00eddia Malta e Thiago Riff. Em raz\u00e3o da complexidade do caso, o julgamento foi desaforado para Macei\u00f3.<\/span><\/p>\n<p style=\"text-align: justify;\"><span style=\"font-family: helvetica, arial, sans-serif; color: #000000;\">De acordo com den\u00fancia apresentada pela 3\u00aa Promotoria de Justi\u00e7a de Rio Largo, o crime cometido foi o de homic\u00eddio duplamente qualificado, por impossibilidade de defesa da v\u00edtima e por ter sido o assassinato cometido mediante promessa de recompensa.<\/span><\/p>\n<p style=\"text-align: justify;\"><span style=\"color: #000000;\"><strong><span style=\"font-family: helvetica, arial, sans-serif;\">Desaforamento<\/span><\/strong><\/span><\/p>\n<p style=\"text-align: justify;\"><span style=\"font-family: helvetica, arial, sans-serif; color: #000000;\">O j\u00fari vai ocorrer no plen\u00e1rio da 8\u00aa Vara Criminal da capital. Segundo a promotora de Justica L\u00eddia Malta, o contexto pol\u00edtico do homic\u00eddio exigiu a transfer\u00eancia do local do julgamento: \u201cEstamos falando sobre um crime de mando, praticado com aux\u00edlio, inclusive, de policiais. Ent\u00e3o, por quest\u00f5es de seguran\u00e7a, o j\u00fari foi desaforado e transferido para uma comarca distinta do local do crime, ocorrido em Rio Largo. Ele ser\u00e1 realizado em Macei\u00f3, no F\u00f3rum Desembargador Maia Fernandes, no dia 17 de fevereiro, a partir das 8h\u201d, informou.<\/span><\/p>\n<p style=\"text-align: justify;\"><span style=\"font-family: helvetica, arial, sans-serif; color: #000000;\">O j\u00fari deveria ter ocorrido em 17 de julho do ano passado. Por\u00e9m, em decorr\u00eancia de uma fraude processual, pela qual foi denunciado, posteriormente, um delegado da Pol\u00edcia Civil (PCAL) da c\u00fapula da institui\u00e7\u00e3o, tornou-se necess\u00e1ria a redesigna\u00e7\u00e3o a data.<\/span><\/p>\n<p style=\"text-align: justify;\"><span style=\"font-family: helvetica, arial, sans-serif; color: #000000;\">Na fraude descoberta pelo Minist\u00e9rio P\u00fablico em coopera\u00e7\u00e3o com a Pol\u00edcia Federal, foi constatado que a autoridade policial e um agente da PCAL, juntamente com os denunciados pelo homic\u00eddio, al\u00e9m de uma testemunha, fizeram inserir no processo provas falsas, atribuindo a execu\u00e7\u00e3o do crime a um policial j\u00e1 falecido. Vale lembrar que o agente de pol\u00edcia civil desde o in\u00edcio das investiga\u00e7\u00f5es figurava como suspeito e foi tamb\u00e9m foi denunciado pelo homic\u00eddio.<\/span><\/p>\n<p style=\"text-align: justify;\"><span style=\"font-family: helvetica, arial, sans-serif; color: #000000;\">Ap\u00f3s atua\u00e7\u00e3o do MPAL, em coopera\u00e7\u00e3o com a Pol\u00edcia Federal, foi poss\u00edvel identificar as conversas que evidenciaram a trama criminosa dos envolvidos, que queriam atribuir o assassinato a uma pessoa que estava morta.<\/span><\/p>\n<p style=\"text-align: justify;\"><span style=\"color: #000000;\"><strong><span style=\"font-family: helvetica, arial, sans-serif;\">O crime<\/span><\/strong><\/span><\/p>\n<p style=\"text-align: justify;\"><span style=\"font-family: helvetica, arial, sans-serif; color: #000000;\">Kleber Malaquias foi assassinado com dois tiros, no dia de seu anivers\u00e1rio, em 15 de julho de 2020, dentro do bar da Buchada, localizado na Avenida Teot\u00f4nio Vilela, na Mata do Rolo, na cidade de Rio Largo. A v\u00edtima era conhecida por fazer diversas den\u00fancias contra pol\u00edticos e por fornecer informa\u00e7\u00f5es ligadas a essas mesmas den\u00fancias \u00e0 pol\u00edcia e ao MPAL.<\/span><\/p>\n<p style=\"text-align: justify;\"><span style=\"font-family: helvetica, arial, sans-serif; color: #000000;\">O Minist\u00e9rio P\u00fablico ainda trabalha para identificar o autor intelectual do assassinato.<\/span><\/p>\n","protected":false},"excerpt":{"rendered":"<p> [&hellip;]<\/p>\n","protected":false},"author":17,"featured_media":52328,"comment_status":"open","ping_status":"open","sticky":false,"template":"","format":"standard","meta":{"om_disable_all_campaigns":false,"_monsterinsights_skip_tracking":false,"_monsterinsights_sitenote_active":false,"_monsterinsights_sitenote_note":"","_monsterinsights_sitenote_category":0,"_uf_show_specific_survey":0,"_uf_disable_surveys":false,"footnotes":""},"categories":[2],"tags":[],"class_list":["post-52324","post","type-post","status-publish","format-standard","has-post-thumbnail","hentry","category-not_mpal"],"aioseo_notices":[],"_links":{"self":[{"href":"https:\/\/www.mpal.mp.br\/index.php?rest_route=\/wp\/v2\/posts\/52324","targetHints":{"allow":["GET"]}}],"collection":[{"href":"https:\/\/www.mpal.mp.br\/index.php?rest_route=\/wp\/v2\/posts"}],"about":[{"href":"https:\/\/www.mpal.mp.br\/index.php?rest_route=\/wp\/v2\/types\/post"}],"author":[{"embeddable":true,"href":"https:\/\/www.mpal.mp.br\/index.php?rest_route=\/wp\/v2\/users\/17"}],"replies":[{"embeddable":true,"href":"https:\/\/www.mpal.mp.br\/index.php?rest_route=%2Fwp%2Fv2%2Fcomments&post=52324"}],"version-history":[{"count":6,"href":"https:\/\/www.mpal.mp.br\/index.php?rest_route=\/wp\/v2\/posts\/52324\/revisions"}],"predecessor-version":[{"id":52331,"href":"https:\/\/www.mpal.mp.br\/index.php?rest_route=\/wp\/v2\/posts\/52324\/revisions\/52331"}],"wp:featuredmedia":[{"embeddable":true,"href":"https:\/\/www.mpal.mp.br\/index.php?rest_route=\/wp\/v2\/media\/52328"}],"wp:attachment":[{"href":"https:\/\/www.mpal.mp.br\/index.php?rest_route=%2Fwp%2Fv2%2Fmedia&parent=52324"}],"wp:term":[{"taxonomy":"category","embeddable":true,"href":"https:\/\/www.mpal.mp.br\/index.php?rest_route=%2Fwp%2Fv2%2Fcategories&post=52324"},{"taxonomy":"post_tag","embeddable":true,"href":"https:\/\/www.mpal.mp.br\/index.php?rest_route=%2Fwp%2Fv2%2Ftags&post=52324"}],"curies":[{"name":"wp","href":"https:\/\/api.w.org\/{rel}","templated":true}]}}