{"id":51615,"date":"2025-01-14T13:27:11","date_gmt":"2025-01-14T16:27:11","guid":{"rendered":"https:\/\/www.mpal.mp.br\/?p=51615"},"modified":"2025-08-20T11:52:54","modified_gmt":"2025-08-20T14:52:54","slug":"corregedoria-geral-do-mpal-comecara-inspecoes-nas-promotorias-de-justica-a-partir-de-marco","status":"publish","type":"post","link":"https:\/\/www.mpal.mp.br\/?p=51615","title":{"rendered":"Corregedoria-Geral do MPAL come\u00e7ar\u00e1 inspe\u00e7\u00f5es nas promotorias de Justi\u00e7a a partir de mar\u00e7o"},"content":{"rendered":"<div class=\"fusion-fullwidth fullwidth-box fusion-builder-row-1 nonhundred-percent-fullwidth non-hundred-percent-height-scrolling\"  style='background-color: #ffffff;background-position: center center;background-repeat: no-repeat;padding-top:0px;padding-right:0px;padding-bottom:0px;padding-left:0px;'><div class=\"fusion-builder-row fusion-row \"><div  class=\"fusion-layout-column fusion_builder_column fusion_builder_column_1_1 fusion-builder-column-1 fusion-one-full fusion-column-first fusion-column-last 1_1\"  style='margin-top:0px;margin-bottom:0px;'>\n\t\t\t\t\t<div class=\"fusion-column-wrapper\" style=\"padding: 0px 0px 0px 0px;background-position:left top;background-repeat:no-repeat;-webkit-background-size:cover;-moz-background-size:cover;-o-background-size:cover;background-size:cover;\"   data-bg-url=\"\">\n\t\t\t\t\t\t<div class=\"fusion-text\"><p align=\"justify\"><span style=\"color: #000000; font-family: helvetica, arial, sans-serif; font-size: 12pt;\">A Corregedoria-Geral (CG) do Minist\u00e9rio P\u00fablico do Estado de Alagoas (MPAL) j\u00e1 est\u00e1 com o calend\u00e1rio pronto para as correi\u00e7\u00f5es ordin\u00e1rias que acontecer\u00e3o no pr\u00f3ximo m\u00eas mar\u00e7o. Elas come\u00e7ar\u00e3o a acontecer a partir do dia 11 e inspecionar\u00e3o promotorias de Justi\u00e7a da capital e do interior. <\/span><\/p>\n<p align=\"justify\"><span style=\"color: #000000; font-family: helvetica, arial, sans-serif; font-size: 12pt;\">O cronograma de atividades foi definido durante reuni\u00e3o realizada pelo corregedor-geral do MPAL, Eduardo Tavares, e pela corregedora-geral substituta, Neide Camelo, eleitos para o bi\u00eanio 2025 e 2026, com a participa\u00e7\u00e3o dos promotores de Justi\u00e7a Adriana Gomes, secret\u00e1ria-geral, e Adivaldo Batista e Mar\u00edlia Cerqueira, promotores-assessores. O encontro ocorreu no \u00faltimo dia 10. <\/span><\/p>\n<p align=\"justify\"><span style=\"color: #000000; font-family: helvetica, arial, sans-serif; font-size: 12pt;\">\u201cNessa reuni\u00e3o com a equipe correicional definimos os par\u00e2metros para a realiza\u00e7\u00e3o das pr\u00f3ximas correi\u00e7\u00f5es ordin\u00e1rias a serem realizadas neste ano. Importante frisar que essa \u00e9 uma atividade de fiscaliza\u00e7\u00e3o e de orienta\u00e7\u00e3o que leva em conta objetivos, metas e indicadores visando a an\u00e1lise da atua\u00e7\u00e3o resolutiva dos membros do Minist\u00e9rio P\u00fablico e sua efic\u00e1cia social\u201d, explicou Eduardo Tavares. <\/span><\/p>\n<p align=\"justify\"><span style=\"color: #000000; font-family: helvetica, arial, sans-serif; font-size: 12pt;\">O corregedor-geral do Minist\u00e9rio P\u00fablico lembrou que o \u00f3rg\u00e3o deve ser visto como um canal permanente de comunica\u00e7\u00e3o entre promotores de Justi\u00e7a e a administra\u00e7\u00e3o superior da institui\u00e7\u00e3o. \u201cPrecisamos quebrar esse entendimento equivocado de que a Corregedoria \u00e9 t\u00e3o somente um \u00f3rg\u00e3o de fiscaliza\u00e7\u00e3o que possui apenas car\u00e1ter punitivo. Na verdade, a Corregedoria \u00e9, principalmente, um elo entre os membros do Minist\u00e9rio P\u00fablico e a sua chefia. \u00c9 um \u00f3rg\u00e3o de orienta\u00e7\u00e3o, sobretudo. Nossa equipe estar\u00e1 sempre pronta para ouvir as demandas e dar a elas o tratamento adequado em busca da melhor presta\u00e7\u00e3o de servi\u00e7os do MP \u00e0 sociedade\u201d, complementou ele. <\/span><\/p>\n<p align=\"justify\"><span style=\"color: #000000; font-family: helvetica, arial, sans-serif; font-size: 12pt;\"><b><strong>Visitas de cortesias e correi\u00e7\u00f5es <\/strong><\/b><\/span><\/p>\n<p align=\"justify\"><span style=\"color: #000000; font-family: helvetica, arial, sans-serif; font-size: 12pt;\">O cronograma de atividades da CG ter\u00e1 in\u00edcio com visitas de cortesias. \u201cBuscaremos, com isso, a consolida\u00e7\u00e3o da unidade institucional e a aproxima\u00e7\u00e3o entre os seus membros\u201d, disse Eduardo Tavares. <\/span><\/p>\n<p align=\"justify\"><span style=\"color: #000000; font-family: helvetica, arial, sans-serif; font-size: 12pt;\">Tais visitas iniciar\u00e3o no interior do estado, no dia 4 de fevereiro, por Arapiraca e Palmeira dos \u00cdndios. No dia seguinte, a equipe seguir\u00e1 para Largo e Uni\u00e3o dos Palmares. Dia 11 ser\u00e3o visitadas as promotorias de Justi\u00e7a de S\u00e3o Miguel dos Campos, Coruripe e Penedo, enquanto nos dias 18 e 19, ser\u00e1 a vez de Santana do Ipanema e Delmiro Gouveia receberem a CG. Por fim, os trabalhos ser\u00e3o finalizados nos dias 25 e 26 de fevereiro em promotorias da capital. <\/span><\/p>\n<p align=\"justify\"><span style=\"color: #000000; font-family: helvetica, arial, sans-serif; font-size: 12pt;\">J\u00e1 as correi\u00e7\u00f5es ser\u00e3o iniciadas a partir de 11 de mar\u00e7o. Nesta data, receber\u00e3o a equipe da Corregedoria-Geral promotorias de Justi\u00e7a de Arapiraca. Na sequ\u00eancia, ser\u00e3o inspecionadas as promotorias da cidade de Rio Largo. <\/span><\/p>\n<p><span style=\"color: #000000; font-family: helvetica, arial, sans-serif; font-size: 12pt;\">Confira abaixo o calend\u00e1rio completo: <\/span><\/p>\n<p><span style=\"color: #000000; font-family: helvetica, arial, sans-serif; font-size: 12pt;\">02\u00aa PJ de Arapiraca<br \/>\n11\/03\/2025<br \/>\n05\u00aa PJ de Arapiraca<br \/>\n11\/03\/2025<br \/>\n06\u00aa PJ de Arapiraca<br \/>\n11\/03\/2025<br \/>\n01\u00aa PJ de Rio Largo<br \/>\n18\/03\/2025<br \/>\n02\u00aa PJ de Rio Largo<br \/>\n18\/03\/2025<br \/>\n03\u00aa PJ de Rio Largo<br \/>\n18\/03\/2025<br \/>\n04\u00aa PJ de Rio Largo<br \/>\n18\/03\/2025<br \/>\n05\u00aa PJ de Rio Largo<br \/>\n18\/03\/2025<br \/>\n01\u00aa PJ de Penedo<br \/>\n25\/03\/2025<br \/>\n04\u00aa PJ de Penedo<br \/>\n25\/03\/2025<br \/>\n06\u00aa PJ de Penedo<br \/>\n25\/03\/2025<br \/>\nPJ de Pia\u00e7abu\u00e7u<br \/>\n25\/03\/2025<\/span><\/p>\n<\/div><style type=\"text\/css\">.fusion-gallery-1 .fusion-gallery-image {border:0px solid #f6f6f6;-webkit-border-radius:5px;-moz-border-radius:5px;border-radius:5px;}<\/style><div class=\"fusion-gallery fusion-gallery-container fusion-grid-3 fusion-columns-total-0 fusion-gallery-layout-grid fusion-gallery-1\" style=\"margin:-5px;\"><div style=\"padding:5px;\" class=\"fusion-grid-column fusion-gallery-column fusion-gallery-column-3 hover-type-none\"><div class=\"fusion-gallery-image\"><a href=\"https:\/\/www.mpal.mp.br\/wp-content\/uploads\/2025\/01\/6N6A2145.jpeg\" rel=\"noreferrer\" data-rel=\"iLightbox[gallery_image_1]\" class=\"fusion-lightbox\" target=\"_self\"><img loading=\"lazy\" decoding=\"async\" src=\"https:\/\/www.mpal.mp.br\/wp-content\/uploads\/2025\/01\/6N6A2145.jpeg\" width=\"2400\" height=\"1600\" alt=\"\" title=\"6N6A2145\" aria-label=\"6N6A2145\" class=\"img-responsive wp-image-51499\" \/><\/a><\/div><\/div><div style=\"padding:5px;\" class=\"fusion-grid-column fusion-gallery-column fusion-gallery-column-3 hover-type-none\"><div class=\"fusion-gallery-image\"><a href=\"https:\/\/www.mpal.mp.br\/wp-content\/uploads\/2025\/01\/6N6A2115.jpeg\" rel=\"noreferrer\" data-rel=\"iLightbox[gallery_image_1]\" class=\"fusion-lightbox\" target=\"_self\"><img loading=\"lazy\" decoding=\"async\" src=\"https:\/\/www.mpal.mp.br\/wp-content\/uploads\/2025\/01\/6N6A2115.jpeg\" width=\"2400\" height=\"1600\" alt=\"\" title=\"6N6A2115\" aria-label=\"6N6A2115\" class=\"img-responsive wp-image-51498\" \/><\/a><\/div><\/div><div style=\"padding:5px;\" class=\"fusion-grid-column fusion-gallery-column fusion-gallery-column-3 hover-type-none\"><div class=\"fusion-gallery-image\"><a href=\"https:\/\/www.mpal.mp.br\/wp-content\/uploads\/2025\/01\/6N6A2109.jpeg\" rel=\"noreferrer\" data-rel=\"iLightbox[gallery_image_1]\" class=\"fusion-lightbox\" target=\"_self\"><img loading=\"lazy\" decoding=\"async\" src=\"https:\/\/www.mpal.mp.br\/wp-content\/uploads\/2025\/01\/6N6A2109.jpeg\" width=\"2400\" height=\"1600\" alt=\"\" title=\"6N6A2109\" aria-label=\"6N6A2109\" class=\"img-responsive wp-image-51496\" \/><\/a><\/div><\/div><div class=\"clearfix\"><\/div><div style=\"padding:5px;\" class=\"fusion-grid-column fusion-gallery-column fusion-gallery-column-3 hover-type-none\"><div class=\"fusion-gallery-image\"><a href=\"https:\/\/www.mpal.mp.br\/wp-content\/uploads\/2025\/01\/6N6A2094.jpeg\" rel=\"noreferrer\" data-rel=\"iLightbox[gallery_image_1]\" class=\"fusion-lightbox\" target=\"_self\"><img loading=\"lazy\" decoding=\"async\" src=\"https:\/\/www.mpal.mp.br\/wp-content\/uploads\/2025\/01\/6N6A2094.jpeg\" width=\"2400\" height=\"1600\" alt=\"\" title=\"6N6A2094\" aria-label=\"6N6A2094\" class=\"img-responsive wp-image-51495\" \/><\/a><\/div><\/div><div style=\"padding:5px;\" class=\"fusion-grid-column fusion-gallery-column fusion-gallery-column-3 hover-type-none\"><div class=\"fusion-gallery-image\"><a href=\"https:\/\/www.mpal.mp.br\/wp-content\/uploads\/2025\/01\/6N6A2079.jpeg\" rel=\"noreferrer\" data-rel=\"iLightbox[gallery_image_1]\" class=\"fusion-lightbox\" target=\"_self\"><img loading=\"lazy\" decoding=\"async\" src=\"https:\/\/www.mpal.mp.br\/wp-content\/uploads\/2025\/01\/6N6A2079.jpeg\" width=\"2400\" height=\"1600\" alt=\"\" title=\"6N6A2079\" aria-label=\"6N6A2079\" class=\"img-responsive wp-image-51494\" \/><\/a><\/div><\/div><div style=\"padding:5px;\" class=\"fusion-grid-column fusion-gallery-column fusion-gallery-column-3 hover-type-none\"><div class=\"fusion-gallery-image\"><a href=\"https:\/\/www.mpal.mp.br\/wp-content\/uploads\/2025\/01\/6N6A2068.jpeg\" rel=\"noreferrer\" data-rel=\"iLightbox[gallery_image_1]\" class=\"fusion-lightbox\" target=\"_self\"><img loading=\"lazy\" decoding=\"async\" src=\"https:\/\/www.mpal.mp.br\/wp-content\/uploads\/2025\/01\/6N6A2068.jpeg\" width=\"2400\" height=\"1600\" alt=\"\" title=\"6N6A2068\" aria-label=\"6N6A2068\" class=\"img-responsive wp-image-51493\" \/><\/a><\/div><\/div><div class=\"clearfix\"><\/div><div style=\"padding:5px;\" class=\"fusion-grid-column fusion-gallery-column fusion-gallery-column-3 hover-type-none\"><div class=\"fusion-gallery-image\"><a href=\"https:\/\/www.mpal.mp.br\/wp-content\/uploads\/2025\/01\/6N6A2055.jpeg\" rel=\"noreferrer\" data-rel=\"iLightbox[gallery_image_1]\" class=\"fusion-lightbox\" target=\"_self\"><img loading=\"lazy\" decoding=\"async\" src=\"https:\/\/www.mpal.mp.br\/wp-content\/uploads\/2025\/01\/6N6A2055.jpeg\" width=\"2400\" height=\"1600\" alt=\"\" title=\"6N6A2055\" aria-label=\"6N6A2055\" class=\"img-responsive wp-image-51492\" \/><\/a><\/div><\/div><div style=\"padding:5px;\" class=\"fusion-grid-column fusion-gallery-column fusion-gallery-column-3 hover-type-none\"><div class=\"fusion-gallery-image\"><a href=\"https:\/\/www.mpal.mp.br\/wp-content\/uploads\/2025\/01\/6N6A2043.jpeg\" rel=\"noreferrer\" data-rel=\"iLightbox[gallery_image_1]\" class=\"fusion-lightbox\" target=\"_self\"><img loading=\"lazy\" decoding=\"async\" src=\"https:\/\/www.mpal.mp.br\/wp-content\/uploads\/2025\/01\/6N6A2043.jpeg\" width=\"2400\" height=\"1600\" alt=\"\" title=\"6N6A2043\" aria-label=\"6N6A2043\" class=\"img-responsive wp-image-51491\" \/><\/a><\/div><\/div><div style=\"padding:5px;\" class=\"fusion-grid-column fusion-gallery-column fusion-gallery-column-3 hover-type-none\"><div class=\"fusion-gallery-image\"><a href=\"https:\/\/www.mpal.mp.br\/wp-content\/uploads\/2025\/01\/6N6A2036.jpeg\" rel=\"noreferrer\" data-rel=\"iLightbox[gallery_image_1]\" class=\"fusion-lightbox\" target=\"_self\"><img loading=\"lazy\" decoding=\"async\" src=\"https:\/\/www.mpal.mp.br\/wp-content\/uploads\/2025\/01\/6N6A2036.jpeg\" width=\"2400\" height=\"1600\" alt=\"\" title=\"6N6A2036\" aria-label=\"6N6A2036\" class=\"img-responsive wp-image-51490\" \/><\/a><\/div><\/div><div class=\"clearfix\"><\/div><div style=\"padding:5px;\" class=\"fusion-grid-column fusion-gallery-column fusion-gallery-column-3 hover-type-none\"><div class=\"fusion-gallery-image\"><a href=\"https:\/\/www.mpal.mp.br\/wp-content\/uploads\/2025\/01\/6N6A2033.jpeg\" rel=\"noreferrer\" data-rel=\"iLightbox[gallery_image_1]\" class=\"fusion-lightbox\" target=\"_self\"><img loading=\"lazy\" decoding=\"async\" src=\"https:\/\/www.mpal.mp.br\/wp-content\/uploads\/2025\/01\/6N6A2033.jpeg\" width=\"2400\" height=\"1600\" alt=\"\" title=\"6N6A2033\" aria-label=\"6N6A2033\" class=\"img-responsive wp-image-51489\" \/><\/a><\/div><\/div><div style=\"padding:5px;\" class=\"fusion-grid-column fusion-gallery-column fusion-gallery-column-3 hover-type-none\"><div class=\"fusion-gallery-image\"><a href=\"https:\/\/www.mpal.mp.br\/wp-content\/uploads\/2025\/01\/6N6A2004.jpeg\" rel=\"noreferrer\" data-rel=\"iLightbox[gallery_image_1]\" class=\"fusion-lightbox\" target=\"_self\"><img loading=\"lazy\" decoding=\"async\" src=\"https:\/\/www.mpal.mp.br\/wp-content\/uploads\/2025\/01\/6N6A2004.jpeg\" width=\"2400\" height=\"1600\" alt=\"\" title=\"6N6A2004\" aria-label=\"6N6A2004\" class=\"img-responsive wp-image-51488\" \/><\/a><\/div><\/div><\/div><div class=\"fusion-clearfix\"><\/div>\n\n\t\t\t\t\t<\/div>\n\t\t\t\t<\/div><\/div><\/div>\n","protected":false},"excerpt":{"rendered":"","protected":false},"author":10,"featured_media":51498,"comment_status":"closed","ping_status":"closed","sticky":false,"template":"","format":"standard","meta":{"om_disable_all_campaigns":false,"_monsterinsights_skip_tracking":false,"_monsterinsights_sitenote_active":false,"_monsterinsights_sitenote_note":"","_monsterinsights_sitenote_category":0,"_uf_show_specific_survey":0,"_uf_disable_surveys":false,"footnotes":""},"categories":[48],"tags":[],"class_list":["post-51615","post","type-post","status-publish","format-standard","has-post-thumbnail","hentry","category-not_corregedoria"],"aioseo_notices":[],"_links":{"self":[{"href":"https:\/\/www.mpal.mp.br\/index.php?rest_route=\/wp\/v2\/posts\/51615","targetHints":{"allow":["GET"]}}],"collection":[{"href":"https:\/\/www.mpal.mp.br\/index.php?rest_route=\/wp\/v2\/posts"}],"about":[{"href":"https:\/\/www.mpal.mp.br\/index.php?rest_route=\/wp\/v2\/types\/post"}],"author":[{"embeddable":true,"href":"https:\/\/www.mpal.mp.br\/index.php?rest_route=\/wp\/v2\/users\/10"}],"replies":[{"embeddable":true,"href":"https:\/\/www.mpal.mp.br\/index.php?rest_route=%2Fwp%2Fv2%2Fcomments&post=51615"}],"version-history":[{"count":4,"href":"https:\/\/www.mpal.mp.br\/index.php?rest_route=\/wp\/v2\/posts\/51615\/revisions"}],"predecessor-version":[{"id":51652,"href":"https:\/\/www.mpal.mp.br\/index.php?rest_route=\/wp\/v2\/posts\/51615\/revisions\/51652"}],"wp:featuredmedia":[{"embeddable":true,"href":"https:\/\/www.mpal.mp.br\/index.php?rest_route=\/wp\/v2\/media\/51498"}],"wp:attachment":[{"href":"https:\/\/www.mpal.mp.br\/index.php?rest_route=%2Fwp%2Fv2%2Fmedia&parent=51615"}],"wp:term":[{"taxonomy":"category","embeddable":true,"href":"https:\/\/www.mpal.mp.br\/index.php?rest_route=%2Fwp%2Fv2%2Fcategories&post=51615"},{"taxonomy":"post_tag","embeddable":true,"href":"https:\/\/www.mpal.mp.br\/index.php?rest_route=%2Fwp%2Fv2%2Ftags&post=51615"}],"curies":[{"name":"wp","href":"https:\/\/api.w.org\/{rel}","templated":true}]}}