{"id":51181,"date":"2024-12-18T14:20:24","date_gmt":"2024-12-18T17:20:24","guid":{"rendered":"https:\/\/www.mpal.mp.br\/?p=51181"},"modified":"2024-12-19T11:20:20","modified_gmt":"2024-12-19T14:20:20","slug":"apos-denuncia-do-mpal-pai-de-menina-de-10-anos-que-se-suicidou-em-palmeira-tem-prisao-decretada","status":"publish","type":"post","link":"https:\/\/www.mpal.mp.br\/?p=51181","title":{"rendered":"Ap\u00f3s den\u00fancia do MPAL, pai de menina de 10 anos que se suicidou em Palmeira tem pris\u00e3o decretada"},"content":{"rendered":"<p style=\"text-align: justify;\">Poderia ter sido uma crian\u00e7a feliz, mas a prote\u00e7\u00e3o foi substitu\u00edda por abandono e maus-tratos que afetaram psicologicamente M.K.S.C, de apenas 10 anos, levando-a a cometer o suic\u00eddio, por enforcamento, fato ocorrido na cidade de Palmeira dos \u00cdndios, em 8 julho de 2024. Apuradas as informa\u00e7\u00f5es acusat\u00f3rias e diante da constata\u00e7\u00e3o dos fatos, o Minist\u00e9rio P\u00fablico de Alagoas (MPAL), por meio da Promotoria de Justi\u00e7a local, tendo como titular o promotor de Justi\u00e7a Luiz Alberto de Holanda Paes Pinto, ofertou den\u00fancia contra o genitor da v\u00edtima e sua pris\u00e3o preventiva foi decretada pala ju\u00edza Bruna Fanny Oliveira Lemos<\/p>\n<p style=\"text-align: justify;\">Na decis\u00e3o, a magistrada ressalta a acusa\u00e7\u00e3o feita pelo Minist\u00e9rio P\u00fablico de que o pai de M.K.S.C., ao contr\u00e1rio do preconiza a Constitui\u00e7\u00e3o Federal sobre o dever da fam\u00edlia em rela\u00e7\u00e3o a crian\u00e7as e adolescentes, promoveu, por diversas vezes, castigos severos co emprego de viol\u00eancia, causando sofrimento no ambiente familiar.<\/p>\n<blockquote>\n<p style=\"text-align: justify;\">\u201cApuramos que, em decorr\u00eancia do sofrimento e dos maus-tratos, a crian\u00e7a n\u00e3o suportou e foi induzida ao suic\u00eddio. Um fato aterrorizante, pois a v\u00edtima tinha apenas 10 anos. Comprovadamente, o pai era violento, como \u00e9 sabido, ao ponto de deix\u00e1-la pernoitar no est\u00e1bulo, ao relento, sem a menor prote\u00e7\u00e3o. O Minist\u00e9rio P\u00fablico entende que ele n\u00e3o pode ficar impune e quer, apenas, que ele seja responsabilizado pelos crimes cometidos\u201d, declara o promotor de Justi\u00e7a Luiz Alberto.<\/p>\n<\/blockquote>\n<p style=\"text-align: justify;\"><span style=\"font-size: 14pt;\"><strong>O caso<\/strong><\/span><\/p>\n<p style=\"text-align: justify;\">No dia 8 de julho de 2024,\u00a0 a crian\u00e7a foi encontrada enforcada no est\u00e1bulo pertencente \u00e0 fam\u00edlia, em Palmeira dos \u00cdndios.\u00a0 M. K. S. C.,\u00a0 de 10 anos, ainda foi socorrida e levada at\u00e9 \u00e0\u00a0 Unidade de Pronto Atendimento (UPA) da cidade, no entanto foi constatado que teria entrado em \u00f3bito.<\/p>\n<p style=\"text-align: justify;\">O corpo foi necropsiado pela Pol\u00edcia Cient\u00edfica do Instituto M\u00e9dico Legal (IML), de Arapiraca que atestou morte por enforcamento.<\/p>\n<p style=\"text-align: justify;\">A informa\u00e7\u00e3o chegada \u00e0 Promotoria de Justi\u00e7a de Palmeira dos \u00cdndios \u00e9 a de que o denunciado est\u00e1 foragido.<\/p>\n<p style=\"text-align: justify;\"><sub><strong>Foto: Reprodu\u00e7\u00e3o Internet.<\/strong><\/sub><\/p>\n","protected":false},"excerpt":{"rendered":"<p> [&hellip;]<\/p>\n","protected":false},"author":8,"featured_media":51193,"comment_status":"open","ping_status":"open","sticky":false,"template":"","format":"standard","meta":{"om_disable_all_campaigns":false,"_monsterinsights_skip_tracking":false,"_monsterinsights_sitenote_active":false,"_monsterinsights_sitenote_note":"","_monsterinsights_sitenote_category":0,"_uf_show_specific_survey":0,"_uf_disable_surveys":false,"footnotes":""},"categories":[2],"tags":[],"class_list":["post-51181","post","type-post","status-publish","format-standard","has-post-thumbnail","hentry","category-not_mpal"],"aioseo_notices":[],"_links":{"self":[{"href":"https:\/\/www.mpal.mp.br\/index.php?rest_route=\/wp\/v2\/posts\/51181","targetHints":{"allow":["GET"]}}],"collection":[{"href":"https:\/\/www.mpal.mp.br\/index.php?rest_route=\/wp\/v2\/posts"}],"about":[{"href":"https:\/\/www.mpal.mp.br\/index.php?rest_route=\/wp\/v2\/types\/post"}],"author":[{"embeddable":true,"href":"https:\/\/www.mpal.mp.br\/index.php?rest_route=\/wp\/v2\/users\/8"}],"replies":[{"embeddable":true,"href":"https:\/\/www.mpal.mp.br\/index.php?rest_route=%2Fwp%2Fv2%2Fcomments&post=51181"}],"version-history":[{"count":3,"href":"https:\/\/www.mpal.mp.br\/index.php?rest_route=\/wp\/v2\/posts\/51181\/revisions"}],"predecessor-version":[{"id":51195,"href":"https:\/\/www.mpal.mp.br\/index.php?rest_route=\/wp\/v2\/posts\/51181\/revisions\/51195"}],"wp:featuredmedia":[{"embeddable":true,"href":"https:\/\/www.mpal.mp.br\/index.php?rest_route=\/wp\/v2\/media\/51193"}],"wp:attachment":[{"href":"https:\/\/www.mpal.mp.br\/index.php?rest_route=%2Fwp%2Fv2%2Fmedia&parent=51181"}],"wp:term":[{"taxonomy":"category","embeddable":true,"href":"https:\/\/www.mpal.mp.br\/index.php?rest_route=%2Fwp%2Fv2%2Fcategories&post=51181"},{"taxonomy":"post_tag","embeddable":true,"href":"https:\/\/www.mpal.mp.br\/index.php?rest_route=%2Fwp%2Fv2%2Ftags&post=51181"}],"curies":[{"name":"wp","href":"https:\/\/api.w.org\/{rel}","templated":true}]}}