{"id":51133,"date":"2024-12-17T11:33:28","date_gmt":"2024-12-17T14:33:28","guid":{"rendered":"https:\/\/www.mpal.mp.br\/?p=51133"},"modified":"2024-12-19T11:23:49","modified_gmt":"2024-12-19T14:23:49","slug":"subprocurador-walber-valente-prestigia-inauguracao-do-forum-de-olho-dagua","status":"publish","type":"post","link":"https:\/\/www.mpal.mp.br\/?p=51133","title":{"rendered":"Subprocurador Walber Valente prestigia inaugura\u00e7\u00e3o do f\u00f3rum de Olho d&#8217;\u00c1gua"},"content":{"rendered":"<p style=\"text-align: justify;\">O subprocurador-geral Administrativo Institucional do Minist\u00e9rio P\u00fablico do Estado de Alagoas (MPAL), Walber Jos\u00e9 Valente de Lima, participou, nessa segunda-feira (16), da inaugura\u00e7\u00e3o do novo F\u00f3rum de Olho D\u2019\u00c1gua das Flores. O pr\u00e9dio recebeu melhorias na estrutura e na acessibilidade.<\/p>\n<p style=\"text-align: justify;\">Or\u00e7ada em quase R$ 740 mil, a reforma melhorou as condi\u00e7\u00f5es de trabalho dos servidores e, agora, vai contribuir para uma presta\u00e7\u00e3o jurisdicional mais efetiva. Ao fazer uso da palavra, o subprocurador afirmou que o \u201cMinist\u00e9rio P\u00fablico est\u00e1 de m\u00e3os dadas com o Poder Judici\u00e1rio visando prestar um servi\u00e7o de qualidade \u00e0 sociedade\u201d.<\/p>\n<blockquote>\n<p style=\"text-align: justify;\">Ao comentar sobre a entrega do novo pr\u00e9dio, o presidente do Tribunal de Justi\u00e7a de Alagoas (TJAL), Fernando Tourinho, refor\u00e7ou que a comunidade de Olho D\u2019\u00c1gua das Flores ser\u00e1 melhor atendida a partir da entrega deste equipamento ora reformado: \u201cEstamos inaugurando uma ampla reforma no pr\u00e9dio, que tem o nome do doutor Jos\u00e9 Martins Filho, uma figura \u00edmpar que prestou grandes servi\u00e7os ao estado\u201d, disse ele.<\/p>\n<\/blockquote>\n<p style=\"text-align: justify;\">Ainda segundo o desembargador, mais reformas devem ser entregues at\u00e9 o pr\u00f3ximo m\u00eas de janeiro. \u201cEstamos na reta final, mas com muita disposi\u00e7\u00e3o para realizarmos mais obras. Acredito que mais cinco unidades ser\u00e3o entregues\u201d, acrescentou.<\/p>\n<p style=\"text-align: justify;\">O ministro do Superior Tribunal de Justi\u00e7a (STJ), Humberto Martins, filho de Jos\u00e9 Martins Filho, participou da solenidade e destacou a trajet\u00f3ria do pai, que foi o primeiro promotor de Justi\u00e7a da comarca de Olho D\u2019\u00c1gua das Flores. \u201cFico muito feliz com a homenagem. Meu pai dedicou 47 anos ao Minist\u00e9rio P\u00fablico, fazendo do Direito um instrumento pela paz\u201d, garantiu.<\/p>\n<p style=\"text-align: justify;\"><span style=\"font-size: 14pt;\"><strong>Mudan\u00e7as<\/strong><\/span><\/p>\n<p style=\"text-align: justify;\">A reforma do f\u00f3rum durou cerca de tr\u00eas meses e incluiu a recupera\u00e7\u00e3o dos acessos ao edif\u00edcio, uniformiza\u00e7\u00e3o da fachada, reorganiza\u00e7\u00e3o de salas, instala\u00e7\u00e3o de corrim\u00e3os e aplica\u00e7\u00e3o de piso t\u00e1til. O pr\u00e9dio passou ainda por pintura geral, limpeza interna e externa, recupera\u00e7\u00e3o de grades, melhorias na ilumina\u00e7\u00e3o, corre\u00e7\u00e3o de problemas de infiltra\u00e7\u00e3o, entre outras mudan\u00e7as.<\/p>\n<p style=\"text-align: justify;\">O sal\u00e3o do j\u00fari, que recebe o nome do desembargador Jos\u00e9 Fernando Lima Souza, foi reorganizado para atender aos padr\u00f5es do Conselho Nacional de Justi\u00e7a (CNJ) e do TJAL. Os recursos foram provenientes do Fundo Especial de Moderniza\u00e7\u00e3o do Poder Judici\u00e1rio de Alagoas (Funjuris).<\/p>\n<p style=\"text-align: justify;\"><sub><strong>*Com informa\u00e7\u00f5es e foto do TJAL<\/strong><\/sub><\/p>\n","protected":false},"excerpt":{"rendered":"<p> [&hellip;]<\/p>\n","protected":false},"author":17,"featured_media":51199,"comment_status":"open","ping_status":"open","sticky":false,"template":"","format":"standard","meta":{"om_disable_all_campaigns":false,"_monsterinsights_skip_tracking":false,"_monsterinsights_sitenote_active":false,"_monsterinsights_sitenote_note":"","_monsterinsights_sitenote_category":0,"_uf_show_specific_survey":0,"_uf_disable_surveys":false,"footnotes":""},"categories":[2],"tags":[],"class_list":["post-51133","post","type-post","status-publish","format-standard","has-post-thumbnail","hentry","category-not_mpal"],"aioseo_notices":[],"_links":{"self":[{"href":"https:\/\/www.mpal.mp.br\/index.php?rest_route=\/wp\/v2\/posts\/51133","targetHints":{"allow":["GET"]}}],"collection":[{"href":"https:\/\/www.mpal.mp.br\/index.php?rest_route=\/wp\/v2\/posts"}],"about":[{"href":"https:\/\/www.mpal.mp.br\/index.php?rest_route=\/wp\/v2\/types\/post"}],"author":[{"embeddable":true,"href":"https:\/\/www.mpal.mp.br\/index.php?rest_route=\/wp\/v2\/users\/17"}],"replies":[{"embeddable":true,"href":"https:\/\/www.mpal.mp.br\/index.php?rest_route=%2Fwp%2Fv2%2Fcomments&post=51133"}],"version-history":[{"count":3,"href":"https:\/\/www.mpal.mp.br\/index.php?rest_route=\/wp\/v2\/posts\/51133\/revisions"}],"predecessor-version":[{"id":51200,"href":"https:\/\/www.mpal.mp.br\/index.php?rest_route=\/wp\/v2\/posts\/51133\/revisions\/51200"}],"wp:featuredmedia":[{"embeddable":true,"href":"https:\/\/www.mpal.mp.br\/index.php?rest_route=\/wp\/v2\/media\/51199"}],"wp:attachment":[{"href":"https:\/\/www.mpal.mp.br\/index.php?rest_route=%2Fwp%2Fv2%2Fmedia&parent=51133"}],"wp:term":[{"taxonomy":"category","embeddable":true,"href":"https:\/\/www.mpal.mp.br\/index.php?rest_route=%2Fwp%2Fv2%2Fcategories&post=51133"},{"taxonomy":"post_tag","embeddable":true,"href":"https:\/\/www.mpal.mp.br\/index.php?rest_route=%2Fwp%2Fv2%2Ftags&post=51133"}],"curies":[{"name":"wp","href":"https:\/\/api.w.org\/{rel}","templated":true}]}}