{"id":51080,"date":"2024-12-13T10:23:39","date_gmt":"2024-12-13T13:23:39","guid":{"rendered":"https:\/\/www.mpal.mp.br\/?p=51080"},"modified":"2024-12-19T11:31:42","modified_gmt":"2024-12-19T14:31:42","slug":"concurso-em-sao-sebastiao-e-suspenso-apos-manifestacao-do-mpal-e-dpe-al","status":"publish","type":"post","link":"https:\/\/www.mpal.mp.br\/?p=51080","title":{"rendered":"Concurso em S\u00e3o Sebasti\u00e3o \u00e9 suspenso ap\u00f3s manifesta\u00e7\u00e3o do MPAL e DPE\/AL"},"content":{"rendered":"<p style=\"text-align: justify;\">O Munic\u00edpio parecia cumprir a senten\u00e7a para a realiza\u00e7\u00e3o de concurso em S\u00e3o Sebasti\u00e3o mas, ap\u00f3s a publica\u00e7\u00e3o do Edital n\u00ba 001\/2024, o Minist\u00e9rio P\u00fablico de Alagoas (MPAL), por meio da Promotoria de Justi\u00e7a local, e tamb\u00e9m a Defensoria P\u00fablica Estadual (DPE\/AL) constataram falhas graves em rela\u00e7\u00e3o \u00e0 reserva de vagas para candidatos negros, pardos e pessoas com defici\u00eancia em todos os cargos. Vislumbrando a licitude no processo recorreram \u00e0 Justi\u00e7a e o certame foi suspenso.<\/p>\n<p style=\"text-align: justify;\">Para que o concurso seja retomado ser\u00e1 necess\u00e1ria a autoriza\u00e7\u00e3o judicial e que o edital esteja adequado e respeitando todos os direitos do p\u00fablico mencionado e prejudicado na primeira elabora\u00e7\u00e3o. Em sua decis\u00e3o o magistrado foi taxativo determinando a suspens\u00e3o de todas as etapas a serem realizadas, bem como a corre\u00e7\u00e3o de todos os v\u00edcios apontados pelos \u00f3rg\u00e3os.<\/p>\n<p style=\"text-align: justify;\">Para que seja considerado um tr\u00e2mite dentro da legalidade, o Munic\u00edpio ter\u00e1 de contratar banca examinadora mediante licita\u00e7\u00e3o ou dispensa apresentando todos os requisitos; publicar novo edital com previs\u00e3o de membros de banca e a eventual comiss\u00e3o do concurso, apresentar previs\u00e3o de prazo para impugna\u00e7\u00e3o do edital previamente divulgado.<\/p>\n<p style=\"text-align: justify;\">Al\u00e9m da previs\u00e3o do novo edital, ter\u00e1 que assegurar que em caso de convoca\u00e7\u00e3o de mais candidatos do que o n\u00famero de vagas previstas, ser\u00e3o respeitadas as cotas de negros e pessoas com defici\u00eancia. Que no novo edita, ter\u00e1 de constar, desde o in\u00edcio, conte\u00fado completo com todas as disciplinas e respectivo detalhamento a serem cobradas na prova de Procurador Municipal, assim como todas as provid\u00eancias suficientes e necess\u00e1rias para adequa\u00e7\u00e3o do edital, conforme devidamente fundamentado.<\/p>\n<p style=\"text-align: justify;\">A Justi\u00e7a deu o prazo de 24 horas, a partir de 12 de dezembro de 2024, para o Munic\u00edpio anunciar em todos os meios de comunica\u00e7\u00e3o oficiais a suspens\u00e3o do certame.<\/p>\n<blockquote>\n<p style=\"text-align: justify;\">\u201cO Minist\u00e9rio P\u00fablico defende a realiza\u00e7\u00e3o de concurso p\u00fablico, sempre que poss\u00edvel, para o ingresso nos quadros de servidores do Munic\u00edpio. Todavia, a administra\u00e7\u00e3o p\u00fablica deve respeitar a legisla\u00e7\u00e3o vigente. Percebemos alguns erros graves no Edital lan\u00e7ado pelo Munic\u00edpio de S\u00e3o Sebasti\u00e3o. Por essa raz\u00e3o, buscamos a Justi\u00e7a para evitar maiores preju\u00edzos aos interessados, principalmente pessoas negras, pardas e\/ou com alguma defici\u00eancia, as quais devem ter vagas disponibilizadas\u201d, ressalta o promotor de Justi\u00e7a Jo\u00e3o de S\u00e1 Bomfim Filho.\u201d, ressalta o promotor de Justi\u00e7a Jo\u00e3o de S\u00e1 Bomfim Filho.<\/p>\n<\/blockquote>\n<p style=\"text-align: justify;\"><sub><strong>Imagem: reprodu\u00e7\u00e3o Internet<\/strong><\/sub><\/p>\n","protected":false},"excerpt":{"rendered":"<p> [&hellip;]<\/p>\n","protected":false},"author":8,"featured_media":51207,"comment_status":"closed","ping_status":"closed","sticky":false,"template":"","format":"standard","meta":{"om_disable_all_campaigns":false,"_monsterinsights_skip_tracking":false,"_monsterinsights_sitenote_active":false,"_monsterinsights_sitenote_note":"","_monsterinsights_sitenote_category":0,"_uf_show_specific_survey":0,"_uf_disable_surveys":false,"footnotes":""},"categories":[2],"tags":[],"class_list":["post-51080","post","type-post","status-publish","format-standard","has-post-thumbnail","hentry","category-not_mpal"],"aioseo_notices":[],"_links":{"self":[{"href":"https:\/\/www.mpal.mp.br\/index.php?rest_route=\/wp\/v2\/posts\/51080","targetHints":{"allow":["GET"]}}],"collection":[{"href":"https:\/\/www.mpal.mp.br\/index.php?rest_route=\/wp\/v2\/posts"}],"about":[{"href":"https:\/\/www.mpal.mp.br\/index.php?rest_route=\/wp\/v2\/types\/post"}],"author":[{"embeddable":true,"href":"https:\/\/www.mpal.mp.br\/index.php?rest_route=\/wp\/v2\/users\/8"}],"replies":[{"embeddable":true,"href":"https:\/\/www.mpal.mp.br\/index.php?rest_route=%2Fwp%2Fv2%2Fcomments&post=51080"}],"version-history":[{"count":4,"href":"https:\/\/www.mpal.mp.br\/index.php?rest_route=\/wp\/v2\/posts\/51080\/revisions"}],"predecessor-version":[{"id":51208,"href":"https:\/\/www.mpal.mp.br\/index.php?rest_route=\/wp\/v2\/posts\/51080\/revisions\/51208"}],"wp:featuredmedia":[{"embeddable":true,"href":"https:\/\/www.mpal.mp.br\/index.php?rest_route=\/wp\/v2\/media\/51207"}],"wp:attachment":[{"href":"https:\/\/www.mpal.mp.br\/index.php?rest_route=%2Fwp%2Fv2%2Fmedia&parent=51080"}],"wp:term":[{"taxonomy":"category","embeddable":true,"href":"https:\/\/www.mpal.mp.br\/index.php?rest_route=%2Fwp%2Fv2%2Fcategories&post=51080"},{"taxonomy":"post_tag","embeddable":true,"href":"https:\/\/www.mpal.mp.br\/index.php?rest_route=%2Fwp%2Fv2%2Ftags&post=51080"}],"curies":[{"name":"wp","href":"https:\/\/api.w.org\/{rel}","templated":true}]}}