{"id":50931,"date":"2024-12-12T10:14:27","date_gmt":"2024-12-12T13:14:27","guid":{"rendered":"https:\/\/www.mpal.mp.br\/?p=50931"},"modified":"2024-12-19T11:11:48","modified_gmt":"2024-12-19T14:11:48","slug":"justica-acata-acao-do-ministerio-publico-para-garantir-que-escola-seja-concluida-em-sao-sebastiao","status":"publish","type":"post","link":"https:\/\/www.mpal.mp.br\/?p=50931","title":{"rendered":"Justi\u00e7a acata a\u00e7\u00e3o do Minist\u00e9rio P\u00fablico para garantir que escola seja conclu\u00edda em S\u00e3o Sebasti\u00e3o"},"content":{"rendered":"<p class=\"western\" align=\"justify\"><span style=\"font-family: helvetica, arial, sans-serif;\">A educa\u00e7\u00e3o \u00e9 um direito coletivo e social, portanto todo cidad\u00e3o deve ter acesso a essa ferramenta respons\u00e1vel por sua evolu\u00e7\u00e3o. Com a consci\u00eancia de que deve garantir cidadania, o Minist\u00e9rio P\u00fablico de Alagoas (MPAL), por meio da Promotoria de Justi\u00e7a de S\u00e3o Sebasti\u00e3o, ajuizou a\u00e7\u00e3o civil p\u00fablica com pedido de tutela de urg\u00eancia em desfavor do Estado e da R.R Construtora Eireli para que se responsabilizem pela conclus\u00e3o da obra de constru\u00e7\u00e3o da Escola Jos\u00e9 F\u00e9lix de Carvalho Alves iniciada em 2019. Entendendo a necessidade, a Justi\u00e7a deferiu o pedido e estipulou o prazo de 15 dias para os servi\u00e7os sejam retomados, sob pena de multa di\u00e1ria de R$ 1.500.<\/span><\/p>\n<p class=\"western\" align=\"justify\"><span style=\"font-family: helvetica, arial, sans-serif;\">Al\u00e9m desse valor, a multa foi limitada a R$ 100 mil, no entanto podendo ocorrer, em caso de desobedi\u00eancia, bloqueio de verbas. O promotor de Justi\u00e7a Jo\u00e3o de S\u00e1 Bomfim Filho refor\u00e7ou na a\u00e7\u00e3o que a paralisa\u00e7\u00e3o prolongada afeta diretamente a oferta de infraestrutura b\u00e1sica e necess\u00e1ria para atender \u00e0 comunidade estudantil, impedindo o acesso a uma educa\u00e7\u00e3o de qualidade. A preocupa\u00e7\u00e3o do Minist\u00e9rio P\u00fablico aumenta com a proximidade do in\u00edcio do ano letivo em 2025, programado para acontecer no m\u00eas de fevereiro.<\/span><\/p>\n<p class=\"western\" align=\"justify\"><span style=\"font-family: helvetica, arial, sans-serif;\">\u201cEstamos diante de uma situa\u00e7\u00e3o delicada e que pode causar danos a dezenas de crian\u00e7as e adolescente, a educa\u00e7\u00e3o \u00e9 definida no artigo 205 da Constitui\u00e7\u00e3o como um direito fundamental e n\u00e3o podemos permitir que atropelem. Ajuizamos a a\u00e7\u00e3o, o pedido foi deferido e agora \u00e9 preciso cobrar o cumprimento da decis\u00e3o para que possamos correr contra o tempo e assegurar que, de fato, a obra ser\u00e1 conclu\u00edda. O Minist\u00e9rio P\u00fablico ficar\u00e1 atento e acompanhando todo o tramite\u201d, afirma o promotor de Justi\u00e7a.<\/span><\/p>\n<p class=\"western\" align=\"justify\"><span style=\"font-family: helvetica, arial, sans-serif;\">Ele ressalta que at\u00e9 o ajuizamento da a\u00e7\u00e3o j\u00e1 havia sido esgotadas todas as tentativas extrajudiciais para a resolu\u00e7\u00e3o do impasse com reuni\u00f5es e notifica\u00e7\u00f5es feitas pelo Minist\u00e9rio P\u00fablico. Em janeiro de 2024 foi pactuado um acordo entre a institui\u00e7\u00e3o, o gestor escolar, o superintendente de obra do Estado e a secretaria Municipal, sem \u00eaxito.<\/span><\/p>\n","protected":false},"excerpt":{"rendered":"<p> [&hellip;]<\/p>\n","protected":false},"author":8,"featured_media":50934,"comment_status":"closed","ping_status":"closed","sticky":false,"template":"","format":"standard","meta":{"om_disable_all_campaigns":false,"_monsterinsights_skip_tracking":false,"_monsterinsights_sitenote_active":false,"_monsterinsights_sitenote_note":"","_monsterinsights_sitenote_category":0,"_uf_show_specific_survey":0,"_uf_disable_surveys":false,"footnotes":""},"categories":[23,24,2],"tags":[],"class_list":["post-50931","post","type-post","status-publish","format-standard","has-post-thumbnail","hentry","category-not_gaeco","category-not_gaesf","category-not_mpal"],"aioseo_notices":[],"_links":{"self":[{"href":"https:\/\/www.mpal.mp.br\/index.php?rest_route=\/wp\/v2\/posts\/50931","targetHints":{"allow":["GET"]}}],"collection":[{"href":"https:\/\/www.mpal.mp.br\/index.php?rest_route=\/wp\/v2\/posts"}],"about":[{"href":"https:\/\/www.mpal.mp.br\/index.php?rest_route=\/wp\/v2\/types\/post"}],"author":[{"embeddable":true,"href":"https:\/\/www.mpal.mp.br\/index.php?rest_route=\/wp\/v2\/users\/8"}],"replies":[{"embeddable":true,"href":"https:\/\/www.mpal.mp.br\/index.php?rest_route=%2Fwp%2Fv2%2Fcomments&post=50931"}],"version-history":[{"count":1,"href":"https:\/\/www.mpal.mp.br\/index.php?rest_route=\/wp\/v2\/posts\/50931\/revisions"}],"predecessor-version":[{"id":50935,"href":"https:\/\/www.mpal.mp.br\/index.php?rest_route=\/wp\/v2\/posts\/50931\/revisions\/50935"}],"wp:featuredmedia":[{"embeddable":true,"href":"https:\/\/www.mpal.mp.br\/index.php?rest_route=\/wp\/v2\/media\/50934"}],"wp:attachment":[{"href":"https:\/\/www.mpal.mp.br\/index.php?rest_route=%2Fwp%2Fv2%2Fmedia&parent=50931"}],"wp:term":[{"taxonomy":"category","embeddable":true,"href":"https:\/\/www.mpal.mp.br\/index.php?rest_route=%2Fwp%2Fv2%2Fcategories&post=50931"},{"taxonomy":"post_tag","embeddable":true,"href":"https:\/\/www.mpal.mp.br\/index.php?rest_route=%2Fwp%2Fv2%2Ftags&post=50931"}],"curies":[{"name":"wp","href":"https:\/\/api.w.org\/{rel}","templated":true}]}}