{"id":50930,"date":"2024-12-12T10:12:31","date_gmt":"2024-12-12T13:12:31","guid":{"rendered":"https:\/\/www.mpal.mp.br\/?p=50930"},"modified":"2024-12-12T10:12:52","modified_gmt":"2024-12-12T13:12:52","slug":"faixa-verde-mpal-instaura-noticia-de-fato-para-averiguar-mudancas-urbanisticas-na-orla-da-ponta-verde","status":"publish","type":"post","link":"https:\/\/www.mpal.mp.br\/?p=50930","title":{"rendered":"Faixa Verde: MPAL instaura Not\u00edcia de Fato para averiguar mudan\u00e7as urban\u00edsticas na orla da Ponta Verde"},"content":{"rendered":"<p style=\"text-align: justify;\"><span style=\"font-family: helvetica, arial, sans-serif; color: #000000;\">O Minist\u00e9rio P\u00fablico do Estado de Alagoas (MPAL), por meio da 66\u00aa Promotoria de Justi\u00e7a da Capital (Urbanismo), instaurou uma Not\u00edcia de Fato para averiguar a amplia\u00e7\u00e3o realizada na chamada \u201cFaixa Verde\u201d, localizada na avenida S\u00edlvio Viana, na orla da Ponta Verde, em Macei\u00f3.<\/span><\/p>\n<p style=\"text-align: justify;\"><span style=\"font-family: helvetica, arial, sans-serif; color: #000000;\">Ontem, quarta-feira (11), uma nova Faixa Verde foi pintada na regi\u00e3o, desta vez no lado oposto da avenida. A mudan\u00e7a, percebida nas primeiras horas da manh\u00e3, ocorreu ap\u00f3s a Prefeitura proibir o estacionamento de ve\u00edculos no local, gerando d\u00favidas e reclama\u00e7\u00f5es por parte da popula\u00e7\u00e3o.<\/span><\/p>\n<p style=\"text-align: justify;\"><span style=\"font-family: helvetica, arial, sans-serif; color: #000000;\">Segundo o promotor de Justi\u00e7a Jorge D\u00f3ria, a decis\u00e3o de abrir a Not\u00edcia de Fato foi motivada pela repercuss\u00e3o do caso e pelas queixas sobre a falta de informa\u00e7\u00f5es relacionadas ao funcionamento da nova faixa. \u201cA insatisfa\u00e7\u00e3o da popula\u00e7\u00e3o em repercuss\u00e3o na imprensa e em m\u00eddias sociais, aponta incertezas e falta de informa\u00e7\u00e3o sobre o objetivo e os impactos dessa interven\u00e7\u00e3o. Nosso papel \u00e9 buscar os esclarecimentos necess\u00e1rios para garantir transpar\u00eancia e adequa\u00e7\u00e3o \u00e0s normas urban\u00edsticas\u201d, afirmou o promotor.<\/span><\/p>\n<p style=\"text-align: justify;\"><span style=\"font-family: helvetica, arial, sans-serif; color: #000000;\">Para esclarecer a situa\u00e7\u00e3o, a promotoria enviou um of\u00edcio ao superintendente do Departamento Municipal de Transportes e Tr\u00e2nsito (DMTT), Andr\u00e9 Costa, solicitando informa\u00e7\u00f5es detalhadas. No documento, o MPAL requer a apresenta\u00e7\u00e3o do projeto t\u00e9cnico que fundamenta as altera\u00e7\u00f5es e as justificativas das decis\u00f5es adotadas.<\/span><\/p>\n<p style=\"text-align: justify;\"><span style=\"font-family: helvetica, arial, sans-serif; color: #000000;\">O MPAL refor\u00e7a seu compromisso com a promo\u00e7\u00e3o de uma cidade mais organizada e transparente, acompanhando de perto as interven\u00e7\u00f5es urbanas realizadas em Macei\u00f3.<\/span><\/p>\n<p>&nbsp;<\/p>\n<p><span style=\"font-family: helvetica, arial, sans-serif;\">Foto: Reprodu\u00e7\u00e3o internet<\/span><\/p>\n","protected":false},"excerpt":{"rendered":"<p> [&hellip;]<\/p>\n","protected":false},"author":20,"featured_media":50932,"comment_status":"open","ping_status":"open","sticky":false,"template":"","format":"standard","meta":{"om_disable_all_campaigns":false,"_monsterinsights_skip_tracking":false,"_monsterinsights_sitenote_active":false,"_monsterinsights_sitenote_note":"","_monsterinsights_sitenote_category":0,"_uf_show_specific_survey":0,"_uf_disable_surveys":false,"footnotes":""},"categories":[2],"tags":[],"class_list":["post-50930","post","type-post","status-publish","format-standard","has-post-thumbnail","hentry","category-not_mpal"],"aioseo_notices":[],"_links":{"self":[{"href":"https:\/\/www.mpal.mp.br\/index.php?rest_route=\/wp\/v2\/posts\/50930","targetHints":{"allow":["GET"]}}],"collection":[{"href":"https:\/\/www.mpal.mp.br\/index.php?rest_route=\/wp\/v2\/posts"}],"about":[{"href":"https:\/\/www.mpal.mp.br\/index.php?rest_route=\/wp\/v2\/types\/post"}],"author":[{"embeddable":true,"href":"https:\/\/www.mpal.mp.br\/index.php?rest_route=\/wp\/v2\/users\/20"}],"replies":[{"embeddable":true,"href":"https:\/\/www.mpal.mp.br\/index.php?rest_route=%2Fwp%2Fv2%2Fcomments&post=50930"}],"version-history":[{"count":1,"href":"https:\/\/www.mpal.mp.br\/index.php?rest_route=\/wp\/v2\/posts\/50930\/revisions"}],"predecessor-version":[{"id":50933,"href":"https:\/\/www.mpal.mp.br\/index.php?rest_route=\/wp\/v2\/posts\/50930\/revisions\/50933"}],"wp:featuredmedia":[{"embeddable":true,"href":"https:\/\/www.mpal.mp.br\/index.php?rest_route=\/wp\/v2\/media\/50932"}],"wp:attachment":[{"href":"https:\/\/www.mpal.mp.br\/index.php?rest_route=%2Fwp%2Fv2%2Fmedia&parent=50930"}],"wp:term":[{"taxonomy":"category","embeddable":true,"href":"https:\/\/www.mpal.mp.br\/index.php?rest_route=%2Fwp%2Fv2%2Fcategories&post=50930"},{"taxonomy":"post_tag","embeddable":true,"href":"https:\/\/www.mpal.mp.br\/index.php?rest_route=%2Fwp%2Fv2%2Ftags&post=50930"}],"curies":[{"name":"wp","href":"https:\/\/api.w.org\/{rel}","templated":true}]}}