{"id":50910,"date":"2024-12-13T14:29:59","date_gmt":"2024-12-13T17:29:59","guid":{"rendered":"https:\/\/www.mpal.mp.br\/?p=50910"},"modified":"2024-12-19T11:29:04","modified_gmt":"2024-12-19T14:29:04","slug":"em-brasilia-lean-araujo-defende-dialogo-com-o-parlamento-para-que-pec-no-45-nao-suprima-direitos-dos-servidores-publicos-2","status":"publish","type":"post","link":"https:\/\/www.mpal.mp.br\/?p=50910","title":{"rendered":"Em Bras\u00edlia, Lean Ara\u00fajo defende di\u00e1logo com o parlamento para que PEC n\u00ba 45 n\u00e3o suprima direitos dos servidores p\u00fablicos"},"content":{"rendered":"<div class=\"fusion-fullwidth fullwidth-box fusion-builder-row-1 nonhundred-percent-fullwidth non-hundred-percent-height-scrolling\"  style='background-color: #ffffff;background-position: center center;background-repeat: no-repeat;padding-top:0px;padding-right:0px;padding-bottom:0px;padding-left:0px;'><div class=\"fusion-builder-row fusion-row \"><div  class=\"fusion-layout-column fusion_builder_column fusion_builder_column_1_1 fusion-builder-column-1 fusion-one-full fusion-column-first fusion-column-last 1_1\"  style='margin-top:0px;margin-bottom:0px;'>\n\t\t\t\t\t<div class=\"fusion-column-wrapper\" style=\"padding: 0px 0px 0px 0px;background-position:left top;background-repeat:no-repeat;-webkit-background-size:cover;-moz-background-size:cover;-o-background-size:cover;background-size:cover;\"   data-bg-url=\"\">\n\t\t\t\t\t\t<div class=\"fusion-text\"><p style=\"text-align: justify;\">O procurador-geral de Justi\u00e7a, Lean Ara\u00fajo, participou da \u00faltima reuni\u00e3o deste ano de 2024 do Conselho Nacional de Procuradores-Gerais de Justi\u00e7a do Minist\u00e9rio P\u00fablico dos Estados e da Uni\u00e3o (CNPG). Ao debater a principal pauta do encontro, a Proposta de Emenda Constitucional (PEC) n\u00ba 45\/24, o chefe do Minist\u00e9rio P\u00fablico do Estado de Alagoas (MPAL) defendeu o aprimoramento do di\u00e1logo com o governo federal, a C\u00e2mara dos Deputados e o Senado para evitar que os servidores p\u00fablicos sejam afetados pelo ajuste fiscal que est\u00e1 sendo proposto pela Uni\u00e3o.<\/p>\n<blockquote>\n<p style=\"text-align: justify;\">Na reuni\u00e3o, que ocorreu em Bras\u00edlia, na sede do Minist\u00e9rio P\u00fablico do Distrito Federal e Territ\u00f3rios (MPDFT), Lean Ara\u00fajo afirmou que \u201c\u00e9 necess\u00e1rio o di\u00e1logo com o parlamento brasileiro sobre a tramita\u00e7\u00e3o da PEC n\u00ba 45, a fim de suprimir dispositivo que afeta todo o funcionalismo brasileiro, sem prejudicar o ajuste fiscal\u201d.<\/p>\n<\/blockquote>\n<p style=\"text-align: justify;\">Ap\u00f3s o encontro, o procurador-geral de Justi\u00e7a viabilizou uma reuni\u00e3o com o presidente da C\u00e2mara, Arthur Lira, a fim de que representantes do Minist\u00e9rio P\u00fablico pudessem debater suas demandas relacionadas \u00e0 proposta atualmente em tr\u00e2mite no Congresso Nacional. \u201cN\u00e3o pude participar em raz\u00e3o de compromissos anteriormente agendados em Alagoas para o dia seguinte, mas, em contato com o presidente Arthur Lira, ele prontamente atendeu o nosso pedido e se disp\u00f4s a ouvir o que o Minist\u00e9rio P\u00fablico brasileiro tinha a dizer. E assim o fez. Disse que est\u00e1 aberto ao di\u00e1logo e que vai levar ao parlamento o nosso pleito para que haja um amplo debate sobre o assunto\u201d, completou Lean Ara\u00fajo.<\/p>\n<p style=\"text-align: justify;\">Na quinta-feira (12), os presidentes do CNPG e da Associa\u00e7\u00e3o Nacional de Membros do Minist\u00e9rio P\u00fablico (Conamp), Georges Seigneur e Tarc\u00edsio Bomfin, acompanhados de outros membros do MP, estiveram com o deputado federal Arthur Lira, e com o l\u00edder do PP na C\u00e2mara, deputado Luizinho, para tratar das quest\u00f5es relacionadas \u00e0 PEC n\u00ba 45\/24. Essa foi mais uma das tratativas que v\u00eam sendo empreendidas por institui\u00e7\u00f5es do Minist\u00e9rio P\u00fablico, no sentido de conscientizar parlamentares para a necessidade de aprimoramento da reda\u00e7\u00e3o do texto da proposta. A PEC foi apresentada recentemente pelo governo federal, trata do ajuste fiscal necess\u00e1rio para equilibrar as contas p\u00fablicas e delibera sobre a remunera\u00e7\u00e3o de servidores p\u00fablicos.<\/p>\n<p style=\"text-align: justify;\"><span style=\"font-size: 14pt;\"><strong>Posse do novo presidente<\/strong><\/span><\/p>\n<p style=\"text-align: justify;\">Ainda na quarta-feira, Lean Ara\u00fajo tamb\u00e9m participou da posse do novo presidente do Conselho Nacional de Procuradores-Gerais de Justi\u00e7a do Minist\u00e9rio P\u00fablico dos Estados e da Uni\u00e3o e procurador-geral de Justi\u00e7a do MPDFT, Georges Seigneur, al\u00e9m de ter prestigiado o lan\u00e7amento do livro do ministro do Superior Tribunal de Justi\u00e7a (STJ), Humberto Martins.<\/p>\n<p style=\"text-align: justify;\"><sub><strong>Fotos: Ascom\/MPDFT\u00a0<\/strong><\/sub><\/p>\n<\/div><style type=\"text\/css\">.fusion-gallery-1 .fusion-gallery-image {border:0px solid #f6f6f6;-webkit-border-radius:5px;-moz-border-radius:5px;border-radius:5px;}<\/style><div class=\"fusion-gallery fusion-gallery-container fusion-grid-2 fusion-columns-total-0 fusion-gallery-layout-grid fusion-gallery-1\" style=\"margin:-5px;\"><div style=\"padding:5px;\" class=\"fusion-grid-column fusion-gallery-column fusion-gallery-column-2 hover-type-none\"><div class=\"fusion-gallery-image\"><a href=\"https:\/\/www.mpal.mp.br\/wp-content\/uploads\/2024\/12\/IMG_6208.jpeg\" rel=\"noreferrer\" data-rel=\"iLightbox[gallery_image_1]\" class=\"fusion-lightbox\" target=\"_self\"><img loading=\"lazy\" decoding=\"async\" src=\"https:\/\/www.mpal.mp.br\/wp-content\/uploads\/2024\/12\/IMG_6208.jpeg\" width=\"2047\" height=\"1365\" alt=\"\" title=\"IMG_6208\" aria-label=\"IMG_6208\" class=\"img-responsive wp-image-50912\" \/><\/a><\/div><\/div><div style=\"padding:5px;\" class=\"fusion-grid-column fusion-gallery-column fusion-gallery-column-2 hover-type-none\"><div class=\"fusion-gallery-image\"><a href=\"https:\/\/www.mpal.mp.br\/wp-content\/uploads\/2024\/12\/IMG_6210.jpeg\" rel=\"noreferrer\" data-rel=\"iLightbox[gallery_image_1]\" class=\"fusion-lightbox\" target=\"_self\"><img loading=\"lazy\" decoding=\"async\" src=\"https:\/\/www.mpal.mp.br\/wp-content\/uploads\/2024\/12\/IMG_6210.jpeg\" width=\"2047\" height=\"1365\" alt=\"\" title=\"IMG_6210\" aria-label=\"IMG_6210\" class=\"img-responsive wp-image-50913\" \/><\/a><\/div><\/div><div class=\"clearfix\"><\/div><div style=\"padding:5px;\" class=\"fusion-grid-column fusion-gallery-column fusion-gallery-column-2 hover-type-none\"><div class=\"fusion-gallery-image\"><a href=\"https:\/\/www.mpal.mp.br\/wp-content\/uploads\/2024\/12\/IMG_6211.jpeg\" rel=\"noreferrer\" data-rel=\"iLightbox[gallery_image_1]\" class=\"fusion-lightbox\" target=\"_self\"><img loading=\"lazy\" decoding=\"async\" src=\"https:\/\/www.mpal.mp.br\/wp-content\/uploads\/2024\/12\/IMG_6211.jpeg\" width=\"2048\" height=\"1366\" alt=\"\" title=\"IMG_6211\" aria-label=\"IMG_6211\" class=\"img-responsive wp-image-50914\" \/><\/a><\/div><\/div><div style=\"padding:5px;\" class=\"fusion-grid-column fusion-gallery-column fusion-gallery-column-2 hover-type-none\"><div class=\"fusion-gallery-image\"><a href=\"https:\/\/www.mpal.mp.br\/wp-content\/uploads\/2024\/12\/IMG_6209-1.jpeg\" rel=\"noreferrer\" data-rel=\"iLightbox[gallery_image_1]\" class=\"fusion-lightbox\" target=\"_self\"><img loading=\"lazy\" decoding=\"async\" src=\"https:\/\/www.mpal.mp.br\/wp-content\/uploads\/2024\/12\/IMG_6209-1.jpeg\" width=\"2047\" height=\"1365\" alt=\"\" title=\"IMG_6209\" aria-label=\"IMG_6209\" class=\"img-responsive wp-image-50915\" \/><\/a><\/div><\/div><div class=\"clearfix\"><\/div><\/div><div class=\"fusion-clearfix\"><\/div>\n\n\t\t\t\t\t<\/div>\n\t\t\t\t<\/div><\/div><\/div>\n","protected":false},"excerpt":{"rendered":"","protected":false},"author":10,"featured_media":51204,"comment_status":"open","ping_status":"open","sticky":false,"template":"","format":"standard","meta":{"om_disable_all_campaigns":false,"_monsterinsights_skip_tracking":false,"_monsterinsights_sitenote_active":false,"_monsterinsights_sitenote_note":"","_monsterinsights_sitenote_category":0,"_uf_show_specific_survey":0,"_uf_disable_surveys":false,"footnotes":""},"categories":[2],"tags":[],"class_list":["post-50910","post","type-post","status-publish","format-standard","has-post-thumbnail","hentry","category-not_mpal"],"aioseo_notices":[],"_links":{"self":[{"href":"https:\/\/www.mpal.mp.br\/index.php?rest_route=\/wp\/v2\/posts\/50910","targetHints":{"allow":["GET"]}}],"collection":[{"href":"https:\/\/www.mpal.mp.br\/index.php?rest_route=\/wp\/v2\/posts"}],"about":[{"href":"https:\/\/www.mpal.mp.br\/index.php?rest_route=\/wp\/v2\/types\/post"}],"author":[{"embeddable":true,"href":"https:\/\/www.mpal.mp.br\/index.php?rest_route=\/wp\/v2\/users\/10"}],"replies":[{"embeddable":true,"href":"https:\/\/www.mpal.mp.br\/index.php?rest_route=%2Fwp%2Fv2%2Fcomments&post=50910"}],"version-history":[{"count":7,"href":"https:\/\/www.mpal.mp.br\/index.php?rest_route=\/wp\/v2\/posts\/50910\/revisions"}],"predecessor-version":[{"id":51205,"href":"https:\/\/www.mpal.mp.br\/index.php?rest_route=\/wp\/v2\/posts\/50910\/revisions\/51205"}],"wp:featuredmedia":[{"embeddable":true,"href":"https:\/\/www.mpal.mp.br\/index.php?rest_route=\/wp\/v2\/media\/51204"}],"wp:attachment":[{"href":"https:\/\/www.mpal.mp.br\/index.php?rest_route=%2Fwp%2Fv2%2Fmedia&parent=50910"}],"wp:term":[{"taxonomy":"category","embeddable":true,"href":"https:\/\/www.mpal.mp.br\/index.php?rest_route=%2Fwp%2Fv2%2Fcategories&post=50910"},{"taxonomy":"post_tag","embeddable":true,"href":"https:\/\/www.mpal.mp.br\/index.php?rest_route=%2Fwp%2Fv2%2Ftags&post=50910"}],"curies":[{"name":"wp","href":"https:\/\/api.w.org\/{rel}","templated":true}]}}