{"id":50906,"date":"2024-12-11T12:39:05","date_gmt":"2024-12-11T15:39:05","guid":{"rendered":"https:\/\/www.mpal.mp.br\/?p=50906"},"modified":"2024-12-11T12:41:54","modified_gmt":"2024-12-11T15:41:54","slug":"mpal-requisita-instauracao-de-inquerito-policial-para-apurar-o-caso-de-troca-de-bebes-em-maternidade-arapiraca","status":"publish","type":"post","link":"https:\/\/www.mpal.mp.br\/?p=50906","title":{"rendered":"MPAL requisita instaura\u00e7\u00e3o de inqu\u00e9rito policial para apurar o caso de troca de beb\u00eas em maternidade Arapiraca"},"content":{"rendered":"<p style=\"text-align: justify;\"><span style=\"font-family: helvetica, arial, sans-serif; color: #000000;\">O Minist\u00e9rio P\u00fablico do Estado de Alagoas (MPAL), por meio da 6\u00aa Promotoria de Justi\u00e7a de Arapiraca, especializada na inf\u00e2ncia e juventude, requisitou, junto a Pol\u00edcia Civil, a instaura\u00e7\u00e3o de um inqu\u00e9rito policial para a apurar o caso de troca de beb\u00eas ocorrido no Hospital Regional de Arapiraca. A situa\u00e7\u00e3o, que veio \u00e0 tona recentemente, envolve duas fam\u00edlias \u2014 uma de Cra\u00edbas e outra de S\u00e3o Sebasti\u00e3o \u2014 e revela uma falha preocupante nos procedimentos de identifica\u00e7\u00e3o de rec\u00e9m-nascidos.<\/span><\/p>\n<p style=\"text-align: justify;\"><span style=\"font-family: helvetica, arial, sans-serif; color: #000000;\">O MPAL tomou conhecimento do caso h\u00e1 alguns meses e, desde ent\u00e3o, adotou todas as medidas cab\u00edveis para garantir a prote\u00e7\u00e3o dos direitos das crian\u00e7as e apurar a responsabilidade dos envolvidos.<\/span><\/p>\n<p style=\"text-align: justify;\"><strong><span style=\"font-family: helvetica, arial, sans-serif; color: #000000;\">A descoberta do caso<\/span><\/strong><\/p>\n<p style=\"text-align: justify;\"><span style=\"font-family: helvetica, arial, sans-serif; color: #000000;\">O epis\u00f3dio teve in\u00edcio em fevereiro de 2022, quando uma das fam\u00edlias deu \u00e0 luz g\u00eameos e a outra teve a um filho \u00fanico. Durante o per\u00edodo na maternidade, um dos g\u00eameos foi entregue erroneamente \u00e0 fam\u00edlia de Cra\u00edbas, enquanto o filho \u00fanico foi entregue \u00e0 fam\u00edlia de S\u00e3o Sebasti\u00e3o. Por quase 3 anos, ambas as fam\u00edlias criaram as crian\u00e7as sem suspeitas.<\/span><\/p>\n<p style=\"text-align: justify;\"><span style=\"font-family: helvetica, arial, sans-serif; color: #000000;\">A troca s\u00f3 foi descoberta recentemente, quando uma das fam\u00edlias identificou, pelas redes sociais, uma foto de uma crian\u00e7a que apresentava forte semelhan\u00e7a com um dos g\u00eameos. A desconfian\u00e7a levou as fam\u00edlias a realizarem um exame de DNA, que confirmou o erro hospitalar.<\/span><\/p>\n<p style=\"text-align: justify;\"><strong><span style=\"font-family: helvetica, arial, sans-serif; color: #000000;\">Provid\u00eancias do MPAL<\/span><\/strong><\/p>\n<p style=\"text-align: justify;\"><span style=\"font-family: helvetica, arial, sans-serif; color: #000000;\">Ap\u00f3s tomar ci\u00eancia do caso, o MPAL requisitou, junto \u00e0 Pol\u00edcia Civil, a instaura\u00e7\u00e3o de um inqu\u00e9rito para apurar as circunst\u00e2ncias da troca e a responsabilidade dos profissionais de sa\u00fade envolvidos. A promotora de Justi\u00e7a Viviane Farias, respons\u00e1vel pela 6\u00aa Promotoria de Justi\u00e7a de Arapiraca, lidera as a\u00e7\u00f5es do Minist\u00e9rio P\u00fablico no caso.<\/span><\/p>\n<p style=\"text-align: justify;\"><span style=\"font-family: helvetica, arial, sans-serif; color: #000000;\">O MPAL j\u00e1 recebeu os prontu\u00e1rios m\u00e9dicos e informa\u00e7\u00f5es sobre os profissionais que estavam de plant\u00e3o no dia do ocorrido, repassando os documentos para a autoridade policial respons\u00e1vel. A investiga\u00e7\u00e3o determinar\u00e1 se houve dolo ou culpa dos agentes de sa\u00fade envolvidos no atendimento \u00e0s fam\u00edlias.<\/span><\/p>\n<p style=\"text-align: justify;\"><span style=\"font-family: helvetica, arial, sans-serif; color: #000000;\">Al\u00e9m disso, o Minist\u00e9rio P\u00fablico acompanha de perto o processo judicial em andamento, que tramita em segredo de justi\u00e7a em uma Vara de Fam\u00edlia e trata da situa\u00e7\u00e3o jur\u00eddica e emocional das crian\u00e7as.<\/span><\/p>\n<p style=\"text-align: justify;\"><span style=\"font-family: helvetica, arial, sans-serif; color: #000000;\">Com o apoio do MPAL, as fam\u00edlias t\u00eam buscado construir uma conviv\u00eancia saud\u00e1vel entre os filhos biol\u00f3gicos, reconhecendo a import\u00e2ncia de manter v\u00ednculos afetivos criados ao longo dos \u00faltimos anos. Ainda assim, o caso representa um enorme desafio emocional para todos os envolvidos, exigindo cuidado e sensibilidade nas delibera\u00e7\u00f5es judiciais.<\/span><\/p>\n<p style=\"text-align: justify;\"><span style=\"font-family: helvetica, arial, sans-serif; color: #000000;\">O Minist\u00e9rio P\u00fablico de Alagoas refor\u00e7a seu compromisso com a prote\u00e7\u00e3o integral das crian\u00e7as e adolescentes, al\u00e9m da responsabiliza\u00e7\u00e3o dos profissionais que, por a\u00e7\u00e3o ou omiss\u00e3o, contribu\u00edram para essa falha grave.<\/span><\/p>\n<p style=\"text-align: justify;\"><span style=\"font-family: helvetica, arial, sans-serif; color: #000000;\">O caso tamb\u00e9m ressalta a necessidade de revis\u00e3o e refor\u00e7o nos protocolos de seguran\u00e7a em maternidades, para evitar que situa\u00e7\u00f5es como essa se repitam. O MPAL continuar\u00e1 monitorando o andamento das investiga\u00e7\u00f5es e do processo judicial, garantindo que todas as provid\u00eancias legais sejam adotadas para assegurar os direitos das fam\u00edlias afetadas.<\/span><\/p>\n<p>&nbsp;<\/p>\n<p><span style=\"font-family: helvetica, arial, sans-serif;\">Foto: Reprodu\u00e7\u00e3o internet<\/span><\/p>\n","protected":false},"excerpt":{"rendered":"<p> [&hellip;]<\/p>\n","protected":false},"author":20,"featured_media":50907,"comment_status":"open","ping_status":"open","sticky":false,"template":"","format":"standard","meta":{"om_disable_all_campaigns":false,"_monsterinsights_skip_tracking":false,"_monsterinsights_sitenote_active":false,"_monsterinsights_sitenote_note":"","_monsterinsights_sitenote_category":0,"_uf_show_specific_survey":0,"_uf_disable_surveys":false,"footnotes":""},"categories":[2],"tags":[],"class_list":["post-50906","post","type-post","status-publish","format-standard","has-post-thumbnail","hentry","category-not_mpal"],"aioseo_notices":[],"_links":{"self":[{"href":"https:\/\/www.mpal.mp.br\/index.php?rest_route=\/wp\/v2\/posts\/50906","targetHints":{"allow":["GET"]}}],"collection":[{"href":"https:\/\/www.mpal.mp.br\/index.php?rest_route=\/wp\/v2\/posts"}],"about":[{"href":"https:\/\/www.mpal.mp.br\/index.php?rest_route=\/wp\/v2\/types\/post"}],"author":[{"embeddable":true,"href":"https:\/\/www.mpal.mp.br\/index.php?rest_route=\/wp\/v2\/users\/20"}],"replies":[{"embeddable":true,"href":"https:\/\/www.mpal.mp.br\/index.php?rest_route=%2Fwp%2Fv2%2Fcomments&post=50906"}],"version-history":[{"count":1,"href":"https:\/\/www.mpal.mp.br\/index.php?rest_route=\/wp\/v2\/posts\/50906\/revisions"}],"predecessor-version":[{"id":50908,"href":"https:\/\/www.mpal.mp.br\/index.php?rest_route=\/wp\/v2\/posts\/50906\/revisions\/50908"}],"wp:featuredmedia":[{"embeddable":true,"href":"https:\/\/www.mpal.mp.br\/index.php?rest_route=\/wp\/v2\/media\/50907"}],"wp:attachment":[{"href":"https:\/\/www.mpal.mp.br\/index.php?rest_route=%2Fwp%2Fv2%2Fmedia&parent=50906"}],"wp:term":[{"taxonomy":"category","embeddable":true,"href":"https:\/\/www.mpal.mp.br\/index.php?rest_route=%2Fwp%2Fv2%2Fcategories&post=50906"},{"taxonomy":"post_tag","embeddable":true,"href":"https:\/\/www.mpal.mp.br\/index.php?rest_route=%2Fwp%2Fv2%2Ftags&post=50906"}],"curies":[{"name":"wp","href":"https:\/\/api.w.org\/{rel}","templated":true}]}}