{"id":50750,"date":"2024-12-10T12:35:11","date_gmt":"2024-12-10T15:35:11","guid":{"rendered":"https:\/\/www.mpal.mp.br\/?p=50750"},"modified":"2024-12-10T12:35:11","modified_gmt":"2024-12-10T15:35:11","slug":"pgj-lean-araujo-recebe-relatorio-sobre-atuacao-da-ft-que-atuou-em-defesa-da-populacao-em-situacao-de-rua","status":"publish","type":"post","link":"https:\/\/www.mpal.mp.br\/?p=50750","title":{"rendered":"PGJ Lean Ara\u00fajo recebe relat\u00f3rio sobre atua\u00e7\u00e3o da FT que atuou em defesa da popula\u00e7\u00e3o em situa\u00e7\u00e3o de rua"},"content":{"rendered":"<div class=\"fusion-fullwidth fullwidth-box fusion-builder-row-1 nonhundred-percent-fullwidth non-hundred-percent-height-scrolling\"  style='background-color: #ffffff;background-position: center center;background-repeat: no-repeat;padding-top:0px;padding-right:0px;padding-bottom:0px;padding-left:0px;'><div class=\"fusion-builder-row fusion-row \"><div  class=\"fusion-layout-column fusion_builder_column fusion_builder_column_1_1 fusion-builder-column-1 fusion-one-full fusion-column-first fusion-column-last 1_1\"  style='margin-top:0px;margin-bottom:0px;'>\n\t\t\t\t\t<div class=\"fusion-column-wrapper\" style=\"padding: 0px 0px 0px 0px;background-position:left top;background-repeat:no-repeat;-webkit-background-size:cover;-moz-background-size:cover;-o-background-size:cover;background-size:cover;\"   data-bg-url=\"\">\n\t\t\t\t\t\t<div class=\"fusion-text\"><p align=\"justify\"><span style=\"font-family: helvetica, arial, sans-serif; font-size: 12pt;\"><span style=\"color: #211f1f;\">O procurador-geral de Justi\u00e7a, Lean Ara\u00fajo, recebeu, nessa segunda-feira (9), o diretor do Centro de Apoio Operacional \u00e0s Promotorias de Justi\u00e7a (Caop), <\/span><span style=\"color: #211f1f;\">promotor de Justi\u00e7a <\/span><span style=\"color: #211f1f;\">Jos\u00e9 Ant\u00f4nio Malta Marques que, na ocasi\u00e3o, entregou \u00e0 chefia do Minist\u00e9rio P\u00fablico do Estado de Alagoas (MPAL) <\/span><span style=\"color: #211f1f;\">as principais a\u00e7\u00f5es realizadas <\/span><span style=\"color: #211f1f;\">pel<\/span><span style=\"color: #211f1f;\">a for\u00e7a-tarefa (FT) <\/span><span style=\"color: #211f1f;\">que atuou <\/span><span style=\"color: #211f1f;\">em defesa dos direitos<\/span> <span style=\"color: #211f1f;\">fundamentais<\/span> <span style=\"color: #211f1f;\">dos<\/span> <span style=\"color: #211f1f;\">moradores<\/span> <span style=\"color: #211f1f;\">em<\/span> <span style=\"color: #211f1f;\">situa\u00e7\u00e3o<\/span> <span style=\"color: #211f1f;\">de<\/span> <span style=\"color: #211f1f;\">rua<\/span> <span style=\"color: #211f1f;\">e<\/span> <span style=\"color: #211f1f;\">da<\/span> <span style=\"color: #211f1f;\">comunidade<\/span> <span style=\"color: #211f1f;\">LGBTQIA<\/span><span style=\"color: #211f1f;\">PN<\/span><span style=\"color: #211f1f;\">+. <\/span><span style=\"color: #211f1f;\">O relat\u00f3rio ser\u00e1 encaminhado \u00e0 Promotoria de Defesa dos Direitos Humanos <\/span><span style=\"color: #211f1f;\">para subsidiar novas medidas a serem discutidas e propostas pela promotora Alexandra Beurlen, que atua na \u00e1rea. <\/span><\/span><\/p>\n<p align=\"justify\"><span style=\"font-family: helvetica, arial, sans-serif; font-size: 12pt;\"><span style=\"color: #211f1f;\">O <\/span><span style=\"color: #211f1f;\">documento mostra que as<\/span><span style=\"color: #211f1f;\"> atividades<\/span> <span style=\"color: #211f1f;\">realizadas<\/span> <span style=\"color: #211f1f;\">inclu\u00edram<\/span> <span style=\"color: #211f1f;\">a<\/span> <span style=\"color: #211f1f;\">busca<\/span> <span style=\"color: #211f1f;\">do MPAL<\/span> <span style=\"color: #211f1f;\">por<\/span> <span style=\"color: #211f1f;\">moradia<\/span> <span style=\"color: #211f1f;\">digna,<\/span> <span style=\"color: #211f1f;\">assist\u00eancia<\/span> <span style=\"color: #211f1f;\">social,<\/span> <span style=\"color: #211f1f;\">acesso<\/span> <span style=\"color: #211f1f;\">\u00e0<\/span> <span style=\"color: #211f1f;\">sa\u00fade,<\/span> <span style=\"color: #211f1f;\">fornecimento<\/span> <span style=\"color: #211f1f;\">de<\/span> <span style=\"color: #211f1f;\">alimenta\u00e7\u00e3o,<\/span> <span style=\"color: #211f1f;\">campanhas<\/span> <span style=\"color: #211f1f;\">de<\/span> <span style=\"color: #211f1f;\">conscientiza\u00e7\u00e3o<\/span> <span style=\"color: #211f1f;\">e<\/span> <span style=\"color: #211f1f;\">a\u00e7\u00f5es<\/span> <span style=\"color: #211f1f;\">voltadas<\/span> <span style=\"color: #211f1f;\">\u00e0<\/span> <span style=\"color: #211f1f;\">reinser\u00e7\u00e3o<\/span> <span style=\"color: #211f1f;\">social <\/span><span style=\"color: #211f1f;\">para<\/span> <span style=\"color: #211f1f;\">moradores<\/span> <span style=\"color: #211f1f;\">em<\/span> <span style=\"color: #211f1f;\">situa\u00e7\u00e3o<\/span> <span style=\"color: #211f1f;\">de<\/span> <span style=\"color: #211f1f;\">rua<\/span><span style=\"color: #211f1f;\">, com aten\u00e7\u00e3o especial para <\/span><span style=\"color: #211f1f;\">a<\/span> <span style=\"color: #211f1f;\">comunidade<\/span> <span style=\"color: #211f1f;\">LGBTQIA<\/span><span style=\"color: #211f1f;\">PN<\/span><span style=\"color: #211f1f;\">+ <\/span><span style=\"color: #211f1f;\">que tamb\u00e9m vive nessa condi\u00e7\u00e3o de vulnerabilidade. <\/span><span style=\"color: #211f1f;\">O<\/span> <span style=\"color: #211f1f;\">relat\u00f3rio ainda trouxe o detalhamento da atua\u00e7\u00e3o dos promotores de Justi\u00e7a Jos\u00e9 Ant\u00f4nio Malta Marques, Marluce Falc\u00e3<\/span><span style=\"color: #211f1f;\">o, <\/span><span style=\"color: #211f1f;\">Karla Padilha, <\/span><span style=\"color: #211f1f;\">F<\/span><span style=\"color: #211f1f;\">l\u00e1vio Gomes da Costa, Jorge D\u00f3ria e Jamyl<\/span> <span style=\"color: #211f1f;\">Gon\u00e7alves Barbosa <\/span><span style=\"color: #211f1f;\">no <\/span><span style=\"color: #211f1f;\">combate <\/span><span style=\"color: #211f1f;\">a<\/span><span style=\"color: #211f1f;\">os crimes praticados contra<\/span> <span style=\"color: #211f1f;\">essa popula\u00e7\u00e3o.<\/span><\/span><\/p>\n<p align=\"justify\"><span style=\"font-family: helvetica, arial, sans-serif; font-size: 12pt;\"><span style=\"color: #211f1f;\">\u201cOs<\/span> <span style=\"color: #211f1f;\">resultados<\/span> <span style=\"color: #211f1f;\">obtidos<\/span> <span style=\"color: #211f1f;\">evidenciam<\/span> <span style=\"color: #211f1f;\">o<\/span> <span style=\"color: #211f1f;\">impacto<\/span> <span style=\"color: #211f1f;\">positivo<\/span> <span style=\"color: #211f1f;\">do<\/span> <span style=\"color: #211f1f;\">trabalho<\/span> <span style=\"color: #211f1f;\">conjunto<\/span> <span style=\"color: #211f1f;\">entre<\/span> <span style=\"color: #211f1f;\">a<\/span> <span style=\"color: #211f1f;\">f<\/span><span style=\"color: #211f1f;\">or\u00e7a-<\/span><span style=\"color: #211f1f;\">t<\/span><span style=\"color: #211f1f;\">arefa,<\/span> <span style=\"color: #211f1f;\">\u00f3rg\u00e3os<\/span> <span style=\"color: #211f1f;\">p\u00fablicos<\/span> <span style=\"color: #211f1f;\">e<\/span> <span style=\"color: #211f1f;\">organiza\u00e7\u00f5es<\/span> <span style=\"color: #211f1f;\">da<\/span> <span style=\"color: #211f1f;\">sociedade<\/span> <span style=\"color: #211f1f;\">civil,<\/span> <span style=\"color: #211f1f;\">refor\u00e7ando<\/span> <span style=\"color: #211f1f;\">a<\/span> <span style=\"color: #211f1f;\">import\u00e2ncia<\/span> <span style=\"color: #211f1f;\">de<\/span> <span style=\"color: #211f1f;\">esfor\u00e7os<\/span> <span style=\"color: #211f1f;\">integrados e cont\u00ednuos. No entanto, os desafios enfrentados, como limita\u00e7\u00f5es de recursos e<\/span> <span style=\"color: #211f1f;\">estigmas<\/span> <span style=\"color: #211f1f;\">sociais,<\/span> <span style=\"color: #211f1f;\">refor\u00e7am<\/span> <span style=\"color: #211f1f;\">a<\/span> <span style=\"color: #211f1f;\">necessidade<\/span> <span style=\"color: #211f1f;\">de<\/span> <span style=\"color: #211f1f;\">serem<\/span> <span style=\"color: #211f1f;\">intensificadas<\/span> <span style=\"color: #211f1f;\">as<\/span> <span style=\"color: #211f1f;\">pol\u00edticas<\/span> <span style=\"color: #211f1f;\">p\u00fablicas<\/span> <span style=\"color: #211f1f;\">inclusivas<\/span> <span style=\"color: #211f1f;\">e a import\u00e2ncia de<\/span> <span style=\"color: #211f1f;\">fortalecimento<\/span> <span style=\"color: #211f1f;\">de parcerias<\/span> <span style=\"color: #211f1f;\">para<\/span> <span style=\"color: #211f1f;\">a\u00e7\u00f5es<\/span> <span style=\"color: #211f1f;\">futuras\u201d, <\/span><span style=\"color: #211f1f;\">declarou <\/span><span style=\"color: #211f1f;\">o diretor do Caop. <\/span><\/span><\/p>\n<p align=\"justify\"><span style=\"color: #211f1f; font-family: helvetica, arial, sans-serif; font-size: 12pt;\"><strong>Medidas adotadas<\/strong> <\/span><\/p>\n<p align=\"justify\"><span style=\"font-family: helvetica, arial, sans-serif; font-size: 12pt;\"><span style=\"color: #211f1f;\">Dentre as medidas adotadas pela FT, <\/span><span style=\"color: #211f1f;\">esteve o pedido \u00e0 <\/span><span style=\"color: #211f1f;\">Delegacia de Homic\u00eddios e Prote\u00e7\u00e3o \u00e0 Pessoa da<\/span> <span style=\"color: #211f1f;\">Capital<\/span> <span style=\"color: #211f1f;\">(<\/span><span style=\"color: #211f1f;\">DHPP<\/span><span style=\"color: #211f1f;\">) <\/span><span style=\"color: #211f1f;\">sobre as<\/span> <span style=\"color: #211f1f;\">apura\u00e7\u00f5es<\/span> <span style=\"color: #211f1f;\">e<\/span> <span style=\"color: #211f1f;\">tramita\u00e7\u00e3o<\/span> <span style=\"color: #211f1f;\">dos<\/span> <span style=\"color: #211f1f;\">inqu\u00e9ritos<\/span> <span style=\"color: #211f1f;\">policiais<\/span> <span style=\"color: #211f1f;\">referentes<\/span> <span style=\"color: #211f1f;\">aos<\/span> <span style=\"color: #211f1f;\">crimes<\/span> <span style=\"color: #211f1f;\">de<\/span> <span style=\"color: #211f1f;\">homic\u00eddio<\/span> <span style=\"color: #211f1f;\">praticados<\/span> <span style=\"color: #211f1f;\">no<\/span> <span style=\"color: #211f1f;\">munic\u00edpio<\/span> <span style=\"color: #211f1f;\">de<\/span> <span style=\"color: #211f1f;\">Macei\u00f3,<\/span> <span style=\"color: #211f1f;\">no<\/span> <span style=\"color: #211f1f;\">per\u00edodo<\/span> <span style=\"color: #211f1f;\">correspondente aos anos de 2023 e 2024, tendo como v\u00edtimas moradores em situa\u00e7\u00e3o de rua e<\/span> <span style=\"color: #211f1f;\">integrantes<\/span> <span style=\"color: #211f1f;\">da<\/span> <span style=\"color: #211f1f;\">comunidade<\/span> <span style=\"color: #211f1f;\">vulner\u00e1vel<\/span> <span style=\"color: #211f1f;\">LGBTQIA<\/span><span style=\"color: #211f1f;\">PN<\/span><span style=\"color: #211f1f;\">+.<\/span><\/span><\/p>\n<p align=\"justify\"><span style=\"font-family: helvetica, arial, sans-serif; font-size: 12pt;\"><span style=\"color: #211f1f;\">Reuni\u00f5es com <\/span><span style=\"color: #211f1f;\">secretarias municipais<\/span><span style=\"color: #211f1f;\"> para<\/span> <span style=\"color: #211f1f;\">discutir<\/span> <span style=\"color: #211f1f;\">a<\/span> <span style=\"color: #211f1f;\">inclus\u00e3o<\/span> <span style=\"color: #211f1f;\">da popula\u00e7\u00e3o<\/span> <span style=\"color: #211f1f;\">em<\/span> <span style=\"color: #211f1f;\">situa\u00e7\u00e3o<\/span> <span style=\"color: #211f1f;\">de rua<\/span> <span style=\"color: #211f1f;\">em<\/span> <span style=\"color: #211f1f;\">programas<\/span> <span style=\"color: #211f1f;\">habitacionais <\/span><span style=\"color: #211f1f;\">e <\/span><span style=\"color: #211f1f;\">para solicitar r<\/span><span style=\"color: #211f1f;\">elat\u00f3rio<\/span> <span style=\"color: #211f1f;\">de<\/span> <span style=\"color: #211f1f;\">informa\u00e7\u00f5es<\/span> <span style=\"color: #211f1f;\">dos \u00faltimos dois anos <\/span><span style=\"color: #211f1f;\">com o<\/span><span style=\"color: #211f1f;\">s<\/span> <span style=\"color: #211f1f;\">servi\u00e7os<\/span> <span style=\"color: #211f1f;\">que<\/span> <span style=\"color: #211f1f;\">contemplam<\/span> <span style=\"color: #211f1f;\">atendimento <\/span><span style=\"color: #211f1f;\">a esse p\u00fablico e o seu q<\/span><span style=\"color: #211f1f;\">uantitativo de usu\u00e1rios atendido<\/span><span style=\"color: #211f1f;\">s tamb\u00e9m foram registradas. <\/span><\/span><\/p>\n<p align=\"justify\"><span style=\"font-family: helvetica, arial, sans-serif; font-size: 12pt;\"><span style=\"color: #211f1f;\">Agora, com o relat\u00f3rio em m\u00e3os, o<\/span><span style=\"color: #211f1f;\"> procurador-geral de Justi\u00e7a <\/span><span style=\"color: #211f1f;\">vai e<\/span><span style=\"color: #211f1f;\">ncaminh<\/span><span style=\"color: #211f1f;\">\u00e1-lo <\/span><span style=\"color: #211f1f;\">\u00e0 61\u00aa <\/span> <span style=\"color: #211f1f;\">Promotoria de <\/span><span style=\"color: #211f1f;\">Justi\u00e7a da capital. <\/span><span style=\"color: #211f1f;\">\u201c<\/span><span style=\"color: #211f1f;\">\u00c9 um documento <\/span><span style=\"color: #211f1f;\">com informa\u00e7\u00f5es relevantes <\/span><span style=\"color: #211f1f;\">sobre <\/span><span style=\"color: #211f1f;\">a situa\u00e7\u00e3o de vulnerabilidade <\/span><span style=\"color: #211f1f;\">das pessoas em situa\u00e7\u00e3o de rua, <\/span><span style=\"color: #211f1f;\">inclusive, do p\u00fablico LGBTQIAPN+<\/span><span style=\"color: #211f1f;\">, <\/span><span style=\"color: #211f1f;\">e <\/span><span style=\"color: #211f1f;\">que trata sobre encaminhamentos j\u00e1 feitos e sugere novas a\u00e7\u00f5es. A <\/span><span style=\"color: #211f1f;\">p<\/span><span style=\"color: #211f1f;\">romotoria <\/span><span style=\"color: #211f1f;\">que<\/span> <span style=\"color: #211f1f;\">atua na <\/span><span style=\"color: #211f1f;\">d<\/span><span style=\"color: #211f1f;\">efesa dos Direitos Humanos <\/span><span style=\"color: #211f1f;\">\u00e9 o \u00f3rg\u00e3o de execu\u00e7\u00e3o<\/span><span style=\"color: #211f1f;\"> que mais tem legitimidade <\/span><span style=\"color: #211f1f;\">para lidar com essa tem\u00e1tica, inclusive, j\u00e1 est\u00e1 fazendo um grande trabalho nessa \u00e1rea. Ent\u00e3o, o relat\u00f3rio chega para dar mais subs\u00eddio<\/span><span style=\"color: #211f1f;\"> a <\/span><span style=\"color: #211f1f;\">essa atua\u00e7\u00e3o\u201d, <\/span><span style=\"color: #211f1f;\">disse Lean Ara\u00fajo.<\/span><\/span><\/p>\n<\/div><style type=\"text\/css\">.fusion-gallery-1 .fusion-gallery-image {border:0px solid #f6f6f6;-webkit-border-radius:5px;-moz-border-radius:5px;border-radius:5px;}<\/style><div class=\"fusion-gallery fusion-gallery-container fusion-grid-3 fusion-columns-total-0 fusion-gallery-layout-grid fusion-gallery-1\" style=\"margin:-5px;\"><div style=\"padding:5px;\" class=\"fusion-grid-column fusion-gallery-column fusion-gallery-column-3 hover-type-none\"><div class=\"fusion-gallery-image\"><a href=\"https:\/\/www.mpal.mp.br\/wp-content\/uploads\/2024\/12\/6N6A4970.jpeg\" rel=\"noreferrer\" data-rel=\"iLightbox[gallery_image_1]\" class=\"fusion-lightbox\" target=\"_self\"><img loading=\"lazy\" decoding=\"async\" src=\"https:\/\/www.mpal.mp.br\/wp-content\/uploads\/2024\/12\/6N6A4970.jpeg\" width=\"1620\" height=\"1080\" alt=\"\" title=\"6N6A4970\" aria-label=\"6N6A4970\" class=\"img-responsive wp-image-50748\" \/><\/a><\/div><\/div><div style=\"padding:5px;\" class=\"fusion-grid-column fusion-gallery-column fusion-gallery-column-3 hover-type-none\"><div class=\"fusion-gallery-image\"><a href=\"https:\/\/www.mpal.mp.br\/wp-content\/uploads\/2024\/12\/6N6A4981.jpeg\" rel=\"noreferrer\" data-rel=\"iLightbox[gallery_image_1]\" class=\"fusion-lightbox\" target=\"_self\"><img loading=\"lazy\" decoding=\"async\" src=\"https:\/\/www.mpal.mp.br\/wp-content\/uploads\/2024\/12\/6N6A4981.jpeg\" width=\"1620\" height=\"1080\" alt=\"\" title=\"6N6A4981\" aria-label=\"6N6A4981\" class=\"img-responsive wp-image-50749\" \/><\/a><\/div><\/div><\/div><div class=\"fusion-clearfix\"><\/div>\n\n\t\t\t\t\t<\/div>\n\t\t\t\t<\/div><\/div><\/div>\n","protected":false},"excerpt":{"rendered":"","protected":false},"author":10,"featured_media":50748,"comment_status":"open","ping_status":"open","sticky":false,"template":"","format":"standard","meta":{"om_disable_all_campaigns":false,"_monsterinsights_skip_tracking":false,"_monsterinsights_sitenote_active":false,"_monsterinsights_sitenote_note":"","_monsterinsights_sitenote_category":0,"_uf_show_specific_survey":0,"_uf_disable_surveys":false,"footnotes":""},"categories":[2],"tags":[],"class_list":["post-50750","post","type-post","status-publish","format-standard","has-post-thumbnail","hentry","category-not_mpal"],"aioseo_notices":[],"_links":{"self":[{"href":"https:\/\/www.mpal.mp.br\/index.php?rest_route=\/wp\/v2\/posts\/50750","targetHints":{"allow":["GET"]}}],"collection":[{"href":"https:\/\/www.mpal.mp.br\/index.php?rest_route=\/wp\/v2\/posts"}],"about":[{"href":"https:\/\/www.mpal.mp.br\/index.php?rest_route=\/wp\/v2\/types\/post"}],"author":[{"embeddable":true,"href":"https:\/\/www.mpal.mp.br\/index.php?rest_route=\/wp\/v2\/users\/10"}],"replies":[{"embeddable":true,"href":"https:\/\/www.mpal.mp.br\/index.php?rest_route=%2Fwp%2Fv2%2Fcomments&post=50750"}],"version-history":[{"count":3,"href":"https:\/\/www.mpal.mp.br\/index.php?rest_route=\/wp\/v2\/posts\/50750\/revisions"}],"predecessor-version":[{"id":50781,"href":"https:\/\/www.mpal.mp.br\/index.php?rest_route=\/wp\/v2\/posts\/50750\/revisions\/50781"}],"wp:featuredmedia":[{"embeddable":true,"href":"https:\/\/www.mpal.mp.br\/index.php?rest_route=\/wp\/v2\/media\/50748"}],"wp:attachment":[{"href":"https:\/\/www.mpal.mp.br\/index.php?rest_route=%2Fwp%2Fv2%2Fmedia&parent=50750"}],"wp:term":[{"taxonomy":"category","embeddable":true,"href":"https:\/\/www.mpal.mp.br\/index.php?rest_route=%2Fwp%2Fv2%2Fcategories&post=50750"},{"taxonomy":"post_tag","embeddable":true,"href":"https:\/\/www.mpal.mp.br\/index.php?rest_route=%2Fwp%2Fv2%2Ftags&post=50750"}],"curies":[{"name":"wp","href":"https:\/\/api.w.org\/{rel}","templated":true}]}}