{"id":50706,"date":"2024-12-06T14:34:48","date_gmt":"2024-12-06T17:34:48","guid":{"rendered":"https:\/\/www.mpal.mp.br\/?p=50706"},"modified":"2024-12-06T14:36:15","modified_gmt":"2024-12-06T17:36:15","slug":"50706","status":"publish","type":"post","link":"https:\/\/www.mpal.mp.br\/?p=50706","title":{"rendered":"Minist\u00e9rio P\u00fablico aju\u00edza a\u00e7\u00e3o e Justi\u00e7a determina torcida \u00fanica para jogo entre CSA e Santa Cruz"},"content":{"rendered":"<p class=\"western\" align=\"justify\"><span style=\"font-family: helvetica, arial, sans-serif;\">Sem manifesta\u00e7\u00e3o do Centro Sportivo Alagoano (CSA) <span style=\"color: #000000;\"><span style=\"font-size: medium;\"><span lang=\"pt-BR\">e<\/span><\/span><\/span><span style=\"color: #000000;\"><span style=\"font-size: medium;\"><span lang=\"pt-BR\">m rela\u00e7\u00e3o \u00e0<\/span><\/span><\/span> Recomenda\u00e7\u00e3o do Minist\u00e9rio P\u00fablico de Alagoas (MPAL), por meio da 37\u00aa promotoria de Justi\u00e7a da Capital (do Torcedor), <span style=\"color: #000000;\"><span style=\"font-size: medium;\"><span lang=\"pt-BR\">q<\/span><\/span><\/span><span style=\"color: #000000;\"><span style=\"font-size: medium;\"><span lang=\"pt-BR\">ue <\/span><\/span><\/span> discorria sobre torcida \u00fanica durante o amistoso com o Santa Cruz\/PE, no dia 7 de dezembro de 2024, a promotora de Justi\u00e7a Sandra Malta Prata Lima ajuizou a\u00e7\u00e3o civil p\u00fablica, vislumbrando o feito, <span style=\"color: #000000;\"><span style=\"font-size: medium;\"><span lang=\"pt-BR\">s<\/span><\/span><\/span>endo o pedido de liminar deferido, nessa sexta-feira (6) pelo Juizado Especial Criminal e do Torcedor da Capital.<\/span><\/p>\n<p class=\"western\" align=\"justify\"><span style=\"font-family: helvetica, arial, sans-serif;\">A Justi\u00e7a reconheceu a preocupa\u00e7\u00e3o do MPAL em rela\u00e7\u00e3o ao hist\u00f3rico de viol\u00eancia protagonizado pela extinta torcida Inferno Coral, hoje com o novo nome de Explos\u00e3o Coral, em Alagoas, inclusive, durante comemora\u00e7\u00e3o dos 30 anos da torcida Mancha Azul promovendo arrast\u00e3o <span style=\"color: #000000;\"><span style=\"font-size: medium;\"><span lang=\"pt-BR\">com gritos de comando e amea\u00e7as \u00e0 torcidas rivais <\/span><\/span><\/span><span style=\"color: #000000;\"><span style=\"font-size: medium;\"><span lang=\"pt-BR\">em Macei\u00f3<\/span><\/span><\/span><span style=\"color: #000000;\"><span style=\"font-size: medium;\"><span lang=\"pt-BR\">. Foi ressaltado na a\u00e7\u00e3o, bem como na decis\u00e3o, que a torcida Mancha Azul, a maior do CSA, \u00e9 aliada da torcida pernambucana Inferno Coral e a jun\u00e7\u00e3o pode desencadear atos de enfrentamento e transformar as ruas d<\/span><\/span><\/span><span style=\"color: #000000;\"><span style=\"font-size: medium;\"><span lang=\"pt-BR\">a capital alagoana<\/span><\/span><\/span><span style=\"color: #000000;\"><span style=\"font-size: medium;\"><span lang=\"pt-BR\"> em palco de vandalismo. <\/span><\/span><\/span><\/span><\/p>\n<p class=\"western\" align=\"justify\"><span style=\"font-family: helvetica, arial, sans-serif;\">As torcidas organizadas t\u00eam exigido do Minist\u00e9rio P\u00fablico, nos \u00faltimos anos, procedimentos que tentam coibir a<span style=\"color: #000000;\"><span style=\"font-size: medium;\"><span lang=\"pt-BR\">t<\/span><\/span><\/span><span style=\"color: #000000;\"><span style=\"font-size: medium;\"><span lang=\"pt-BR\">os<\/span><\/span><\/span> de viol\u00eancia. A a\u00e7\u00e3o civil destacou que em 2005, diante do cen\u00e1rio de \u2018guerra\u2019, foi pedida a extin\u00e7\u00e3o das principais torcidas organizadas de Alagoas : <span style=\"font-family: CIDFont+F2, serif;\"><span style=\"font-size: medium;\">Mancha Azul (CSA) e Comando Vermelho (CRB). <\/span><\/span><span style=\"font-family: CIDFont+F2, serif;\"><span style=\"font-size: medium;\">Mas, infelizmente, elas permanecem e promovendo confrontos que j\u00e1 resultaram em espancamentos e mortes. <\/span><\/span><\/span><\/p>\n<p class=\"western\" align=\"justify\"><span style=\"font-family: helvetica, arial, sans-serif;\">Embora as torcidas organizadas do CSA e do SANTA CRUZ serem aliadas, o Minist\u00e9rio P\u00fablico e a Pol\u00edcia Militar afirmam haver risco iminente de ataques pelas torcidas Garra e Comando Alvirrubro, bem como as demais do Clube de Regatas Brasil (CRB), ressaltando, tamb\u00e9m, que todas as vezes em que h\u00e1 eventos em Alagoas com a participa\u00e7\u00e3o da Mancha Azul e da Inferno Coral (Explos\u00e3o Coral) h\u00e1 epis\u00f3dios de viol\u00eancia.<\/span><\/p>\n<p class=\"western\" align=\"justify\"><span style=\"font-family: helvetica, arial, sans-serif;\">Com a a\u00e7\u00e3o civil p\u00fablica bem fundamentada, a justi\u00e7a acatou todos os pedidos requeridos pelo Minist\u00e9rio P\u00fablico que haviam sido <span style=\"color: #000000;\"><span style=\"font-size: medium;\"><span lang=\"pt-BR\">pormenorizados na Recomenda\u00e7\u00e3o ignorada pelo Centro Sportivo Alagoano (CSA).<\/span><\/span><\/span><\/span><\/p>\n<p class=\"western\" align=\"justify\"><span style=\"font-family: helvetica, arial, sans-serif;\"><b><span style=\"color: #000000;\"><span style=\"font-size: medium;\"><span lang=\"pt-BR\">Pedido<\/span><\/span><\/span><\/b><\/span><\/p>\n<p class=\"western\" align=\"justify\"><span style=\"color: #000000; font-family: helvetica, arial, sans-serif;\"><span style=\"font-size: medium;\"><span lang=\"pt-BR\">O pedido de concess\u00e3o de liminar do Minist\u00e9rio P\u00fablico teve como objetivo:<\/span><\/span><\/span><\/p>\n<p class=\"western\" align=\"justify\"><span style=\"color: #000000; font-family: helvetica, arial, sans-serif;\"><span style=\"font-size: medium;\"><span lang=\"pt-BR\">A determina\u00e7\u00e3o de que fosse adotado o crit\u00e9rio de torcida \u00fanica, al\u00e9m da proibi\u00e7\u00e3o das torcidas organizadas do Santa Cruz, em especial a torcida Inferno Coral\/Explos\u00e3o Coral, entrarem para o amistoso do s\u00e1bado (7) usando camisas, bon\u00e9s, bandeiras, s\u00edmbolos, cal\u00e7\u00f5es, agasalhos, toucas, instrumentos, ou qualquer objeto ou acess\u00f3rio que contenha ou fa\u00e7a men\u00e7\u00e3o, ainda que discretamente, \u00e0s torcidas organizadas do Santa Cruz.<\/span><\/span><\/span><\/p>\n<p class=\"western\" align=\"justify\"><span style=\"font-family: helvetica, arial, sans-serif;\"><span style=\"color: #000000;\"><span style=\"font-size: medium;\"><span lang=\"pt-BR\">Tamb\u00e9m que a Justi\u00e7a determinasse que para a partida houvesse, por precau\u00e7\u00e3o e pretens\u00e3o de manter a ordem, a abertura apenas do setor 2 (cadeiras) e setor 3 (grande arquibancada), mantendo-se os setores 4, 5, 6 e 7 (arquibancadas altas e baixas) fechados ao p\u00fablico. <\/span><\/span><\/span><span style=\"color: #000000;\"><span style=\"font-size: medium;\"><span lang=\"pt-BR\">Nesse quesito foi inserido <\/span><\/span><\/span><span style=\"color: #000000;\"><span style=\"font-size: medium;\"><span lang=\"pt-BR\">o respeito e <\/span><\/span><\/span><span style=\"color: #000000;\"><span style=\"font-size: medium;\"><span lang=\"pt-BR\">a <\/span><\/span><\/span><span style=\"color: #000000;\"><span style=\"font-size: medium;\"><span lang=\"pt-BR\">garantia dos direitos b\u00e1sicos dos bons torcedores que v\u00e3o ao est\u00e1dio com suas fam\u00edlias, inclusive crian\u00e7as, prestigiar o time do cora\u00e7\u00e3o.<\/span><\/span><\/span><\/span><\/p>\n<p align=\"justify\">Imagem: Santa Cruz<\/p>\n","protected":false},"excerpt":{"rendered":"<p> [&hellip;]<\/p>\n","protected":false},"author":8,"featured_media":50707,"comment_status":"open","ping_status":"open","sticky":false,"template":"","format":"standard","meta":{"om_disable_all_campaigns":false,"_monsterinsights_skip_tracking":false,"_monsterinsights_sitenote_active":false,"_monsterinsights_sitenote_note":"","_monsterinsights_sitenote_category":0,"_uf_show_specific_survey":0,"_uf_disable_surveys":false,"footnotes":""},"categories":[2],"tags":[],"class_list":["post-50706","post","type-post","status-publish","format-standard","has-post-thumbnail","hentry","category-not_mpal"],"aioseo_notices":[],"_links":{"self":[{"href":"https:\/\/www.mpal.mp.br\/index.php?rest_route=\/wp\/v2\/posts\/50706","targetHints":{"allow":["GET"]}}],"collection":[{"href":"https:\/\/www.mpal.mp.br\/index.php?rest_route=\/wp\/v2\/posts"}],"about":[{"href":"https:\/\/www.mpal.mp.br\/index.php?rest_route=\/wp\/v2\/types\/post"}],"author":[{"embeddable":true,"href":"https:\/\/www.mpal.mp.br\/index.php?rest_route=\/wp\/v2\/users\/8"}],"replies":[{"embeddable":true,"href":"https:\/\/www.mpal.mp.br\/index.php?rest_route=%2Fwp%2Fv2%2Fcomments&post=50706"}],"version-history":[{"count":2,"href":"https:\/\/www.mpal.mp.br\/index.php?rest_route=\/wp\/v2\/posts\/50706\/revisions"}],"predecessor-version":[{"id":50709,"href":"https:\/\/www.mpal.mp.br\/index.php?rest_route=\/wp\/v2\/posts\/50706\/revisions\/50709"}],"wp:featuredmedia":[{"embeddable":true,"href":"https:\/\/www.mpal.mp.br\/index.php?rest_route=\/wp\/v2\/media\/50707"}],"wp:attachment":[{"href":"https:\/\/www.mpal.mp.br\/index.php?rest_route=%2Fwp%2Fv2%2Fmedia&parent=50706"}],"wp:term":[{"taxonomy":"category","embeddable":true,"href":"https:\/\/www.mpal.mp.br\/index.php?rest_route=%2Fwp%2Fv2%2Fcategories&post=50706"},{"taxonomy":"post_tag","embeddable":true,"href":"https:\/\/www.mpal.mp.br\/index.php?rest_route=%2Fwp%2Fv2%2Ftags&post=50706"}],"curies":[{"name":"wp","href":"https:\/\/api.w.org\/{rel}","templated":true}]}}