{"id":50613,"date":"2024-12-06T09:53:53","date_gmt":"2024-12-06T12:53:53","guid":{"rendered":"https:\/\/www.mpal.mp.br\/?p=50613"},"modified":"2024-12-06T09:53:53","modified_gmt":"2024-12-06T12:53:53","slug":"apos-acao-por-ato-de-improbidade-ajuizada-pelo-mpal-delegado-de-policia-e-afastado-do-cargo","status":"publish","type":"post","link":"https:\/\/www.mpal.mp.br\/?p=50613","title":{"rendered":"Ap\u00f3s a\u00e7\u00e3o por ato de improbidade ajuizada pelo MPAL, delegado de pol\u00edcia \u00e9 afastado do cargo"},"content":{"rendered":"<p style=\"text-align: justify;\"><span style=\"font-family: helvetica, arial, sans-serif; font-size: 12pt;\">O Minist\u00e9rio P\u00fablico do Estado de Alagoas (MPAL) requereu e o Poder Judici\u00e1rio deferiu o afastamento do cargo do delegado da Pol\u00edcia Civil Daniel Jos\u00e9 Galv\u00e3o Mayer. O pedido faz parte da \u00a0a\u00e7\u00e3o por ato de improbidade administrativa ajuizada pela 2\u00aa promotoria de Justi\u00e7a de Rio Largo contra a autoridade policial, acusada de interferir nas investiga\u00e7\u00f5es do homic\u00eddio do empres\u00e1rio Kleber Malaquias, ocorrido em julho de 2020. O afastamento ser\u00e1 de 90 dias, podendo o prazo ser prorrogado por igual per\u00edodo.<\/span><\/p>\n<p style=\"text-align: justify;\"><span style=\"font-family: helvetica, arial, sans-serif; font-size: 12pt;\">Na a\u00e7\u00e3o, proposta pela 2\u00aa promotoria de Justi\u00e7a de Rio Largo (defesa da probidade administrativa) com o apoio do N\u00facleo de Defesa do Patrim\u00f4nio (Nudepat), o Minist\u00e9rio P\u00fablico requereu n\u00e3o s\u00f3 o afastamento do delegado do cargo p\u00fablico pelo per\u00edodo de tr\u00eas meses, como tamb\u00e9m a sua proibi\u00e7\u00e3o de exercer qualquer fun\u00e7\u00e3o na Pol\u00edcia Civil, ainda que meramente administrativa, durante esse per\u00edodo de 90 dias, que pode ser prorrogado por igual per\u00edodo.<\/span><\/p>\n<p style=\"text-align: justify;\"><span style=\"font-family: helvetica, arial, sans-serif; font-size: 12pt;\">A fundamenta\u00e7\u00e3o do Minist\u00e9rio P\u00fablico est\u00e1 baseada no artigo 20, par\u00e1grafos 1\u00ba e 2\u00ba, da Lei de Improbidade Administrativa (Lei n\u00ba 8.429\/1992), que trata de san\u00e7\u00f5es aplic\u00e1veis a agentes p\u00fablicos que cometem atos de improbidade. Um dos casos que cabe a aplica\u00e7\u00e3o \u00e9 quando a medida \u00e9 necess\u00e1ria \u00e0 instru\u00e7\u00e3o processual ou para evitar a iminente pr\u00e1tica de novos il\u00edcitos.<\/span><\/p>\n<p style=\"text-align: justify;\"><span style=\"font-family: helvetica, arial, sans-serif; font-size: 12pt;\">A a\u00e7\u00e3o foi ajuizada pelo MPAL no in\u00edcio desta semana ap\u00f3s investiga\u00e7\u00e3o que comprovou a interfer\u00eancia dele durante a apura\u00e7\u00e3o do assassinato do empres\u00e1rio Kleber Malaquias. \u00a0O Minist\u00e9rio P\u00fablico descobriu que Daniel Jos\u00e9 Galv\u00e3o Mayer inseriu provas forjadas e produzidas em combina\u00e7\u00e3o com outros envolvidos no intuito de alterar a verdade dos fatos relacionados ao crime, objetivando induzir a erro o corpo de jurados, os ju\u00edzes e a pr\u00f3pria sociedade.<\/span><\/p>\n<p>&nbsp;<\/p>\n<p><span style=\"font-family: helvetica, arial, sans-serif; font-size: 12pt;\">Foto: Reprodu\u00e7\u00e3o\/Redes Sociais<\/span><\/p>\n","protected":false},"excerpt":{"rendered":"<p> [&hellip;]<\/p>\n","protected":false},"author":17,"featured_media":50615,"comment_status":"open","ping_status":"open","sticky":false,"template":"","format":"standard","meta":{"om_disable_all_campaigns":false,"_monsterinsights_skip_tracking":false,"_monsterinsights_sitenote_active":false,"_monsterinsights_sitenote_note":"","_monsterinsights_sitenote_category":0,"_uf_show_specific_survey":0,"_uf_disable_surveys":false,"footnotes":""},"categories":[2],"tags":[],"class_list":["post-50613","post","type-post","status-publish","format-standard","has-post-thumbnail","hentry","category-not_mpal"],"aioseo_notices":[],"_links":{"self":[{"href":"https:\/\/www.mpal.mp.br\/index.php?rest_route=\/wp\/v2\/posts\/50613","targetHints":{"allow":["GET"]}}],"collection":[{"href":"https:\/\/www.mpal.mp.br\/index.php?rest_route=\/wp\/v2\/posts"}],"about":[{"href":"https:\/\/www.mpal.mp.br\/index.php?rest_route=\/wp\/v2\/types\/post"}],"author":[{"embeddable":true,"href":"https:\/\/www.mpal.mp.br\/index.php?rest_route=\/wp\/v2\/users\/17"}],"replies":[{"embeddable":true,"href":"https:\/\/www.mpal.mp.br\/index.php?rest_route=%2Fwp%2Fv2%2Fcomments&post=50613"}],"version-history":[{"count":3,"href":"https:\/\/www.mpal.mp.br\/index.php?rest_route=\/wp\/v2\/posts\/50613\/revisions"}],"predecessor-version":[{"id":50617,"href":"https:\/\/www.mpal.mp.br\/index.php?rest_route=\/wp\/v2\/posts\/50613\/revisions\/50617"}],"wp:featuredmedia":[{"embeddable":true,"href":"https:\/\/www.mpal.mp.br\/index.php?rest_route=\/wp\/v2\/media\/50615"}],"wp:attachment":[{"href":"https:\/\/www.mpal.mp.br\/index.php?rest_route=%2Fwp%2Fv2%2Fmedia&parent=50613"}],"wp:term":[{"taxonomy":"category","embeddable":true,"href":"https:\/\/www.mpal.mp.br\/index.php?rest_route=%2Fwp%2Fv2%2Fcategories&post=50613"},{"taxonomy":"post_tag","embeddable":true,"href":"https:\/\/www.mpal.mp.br\/index.php?rest_route=%2Fwp%2Fv2%2Ftags&post=50613"}],"curies":[{"name":"wp","href":"https:\/\/api.w.org\/{rel}","templated":true}]}}