{"id":50589,"date":"2024-12-05T15:29:03","date_gmt":"2024-12-05T18:29:03","guid":{"rendered":"https:\/\/www.mpal.mp.br\/?p=50589"},"modified":"2024-12-05T15:32:49","modified_gmt":"2024-12-05T18:32:49","slug":"segundo-acusado-de-matar-familia-no-pilar-em-2017-e-condenado-a-63-anos-e-tres-meses-de-reclusao","status":"publish","type":"post","link":"https:\/\/www.mpal.mp.br\/?p=50589","title":{"rendered":"Segundo acusado de matar fam\u00edlia no Pilar, em 2017, \u00e9 condenado a  63 anos e tr\u00eas meses de reclus\u00e3o"},"content":{"rendered":"<div class=\"fusion-fullwidth fullwidth-box fusion-builder-row-1 nonhundred-percent-fullwidth non-hundred-percent-height-scrolling\"  style='background-color: #ffffff;background-position: center center;background-repeat: no-repeat;padding-top:0px;padding-right:0px;padding-bottom:0px;padding-left:0px;'><div class=\"fusion-builder-row fusion-row \"><div  class=\"fusion-layout-column fusion_builder_column fusion_builder_column_1_1 fusion-builder-column-1 fusion-one-full fusion-column-first fusion-column-last 1_1\"  style='margin-top:0px;margin-bottom:0px;'>\n\t\t\t\t\t<div class=\"fusion-column-wrapper\" style=\"padding: 0px 0px 0px 0px;background-position:left top;background-repeat:no-repeat;-webkit-background-size:cover;-moz-background-size:cover;-o-background-size:cover;background-size:cover;\"   data-bg-url=\"\">\n\t\t\t\t\t\t<div class=\"fusion-text\"><p align=\"justify\"><span style=\"font-family: helvetica, arial, sans-serif; font-size: 12pt;\"><span style=\"color: #212529;\">Passados mais de sete anos do triplo homic\u00eddio que estarreceu a sociedade alagoana e vitimou uma fam\u00edlia no munic\u00edpio do Pilar, entre os mortos uma crian\u00e7a de apenas dois anos, o segundo acusado, identificado como Jos\u00e9 Ailton, foi julgado nesta quinta-feira (5) e teve penas somadas chegando a \u00a0 63 anos e tr\u00eas meses de reclus\u00e3o. O seu comparsa, Wedson Santos, j\u00e1 havia recebido a senten\u00e7a de 48 anos de pris\u00e3o. <\/span><span style=\"color: #212529;\">Nesse caso, o Minist\u00e9rio P\u00fablico de Alagoas (MPAL) teve a firme e plaus\u00edvel atua\u00e7\u00e3o do promotor natural S\u00edlvio Azevedo que sustentou a qualificadora de motivo f\u00fatil que tornou imposs\u00edvel a defesa da v\u00edtima, mas tamb\u00e9m com agravante\u00a0 pelo Art. 61, inciso II,\u00a0 pois al\u00e9m de uma das v\u00edtimas ser uma crian\u00e7a a outra v\u00edtima estava gr\u00e1vida.<\/span><\/span><\/p>\n<p align=\"justify\"><span style=\"font-family: helvetica, arial, sans-serif; font-size: 12pt;\"><span style=\"color: #212529;\">Sobre as <\/span><span style=\"color: #212529;\"> v\u00edtimas, <\/span><span style=\"color: #212529;\"> Elisabeth da Silva, 41, Onilda Daiane da Silva, \u00e0 <\/span><span style=\"color: #212529;\">\u00e9poca <\/span><span style=\"color: #212529;\"> gr\u00e1vida de tr\u00eas meses, e o <\/span><span style=\"color: #212529;\">seu <\/span><span style=\"color: #212529;\">filho de dois anos f<\/span><span style=\"color: #212529;\">oram assassinados depois de ter a casa invadida enquanto dormiam. O alvo seria Daiane, mas, segundo Wedson Santos, \u00e0 \u00e9poca, teria matado a crian\u00e7a por ter acordado e c<\/span><span style=\"color: #212529;\">horado<\/span><span style=\"color: #212529;\"> na hora da barb\u00e1rie.<\/span><\/span><\/p>\n<p align=\"justify\"><span style=\"color: #212529; font-family: helvetica, arial, sans-serif; font-size: 12pt;\">O julgamento de Jos\u00e9 Ailton demorou porque no processo a defesa sempre alegou que se tratava de uma pessoa inimput\u00e1vel. No entanto, houve revers\u00e3o na afirmativa do advogado com exames comprovando que, na verdade, ele \u00e9 um cidad\u00e3o imput\u00e1vel com condi\u00e7\u00f5es se assumir seus atos.<\/span><\/p>\n<p align=\"justify\"><span style=\"color: #212529; font-family: helvetica, arial, sans-serif; font-size: 12pt;\">Para o promotor de Justi\u00e7a S\u00edlvio Azevedo, apesar da demora e da espera dos familiares e da popula\u00e7\u00e3o local, bem como de todo estado, nesta quinta-feira foi feito justi\u00e7a.<\/span><\/p>\n<p align=\"justify\"><span style=\"color: #212529; font-family: helvetica, arial, sans-serif; font-size: 12pt;\">\u201cO crime \u00e0 \u00e9poca abalou n\u00e3o somente a cidade do Pilar , mas toda Alagoas, principalmente porque entre as v\u00edtimas havia um menino de dois anos que levou tiros de pistola na cabe\u00e7a. N\u00e3o h\u00e1 justificativa para tanta frieza, tanta perversidade. A espera foi longa, mas hoje acredito que as pessoas da fam\u00edlia, amigos, vizinhos estejam mais aliviados com a condena\u00e7\u00e3o. O Minist\u00e9rio P\u00fablico cumpriu o seu papel e o conselho de senten\u00e7a alcan\u00e7ou nossa mensagem de paz e justi\u00e7a\u201d, afirma o promotor.<\/span><\/p>\n<p><span style=\"font-family: helvetica, arial, sans-serif; font-size: 12pt;\">Imagem: Reprodu\u00e7\u00e3o\/Google Street View<\/span><\/p>\n<\/div><style type=\"text\/css\">.fusion-gallery-1 .fusion-gallery-image {border:0px solid #f6f6f6;-webkit-border-radius:5px;-moz-border-radius:5px;border-radius:5px;}<\/style><div class=\"fusion-gallery fusion-gallery-container fusion-grid-3 fusion-columns-total-0 fusion-gallery-layout-grid fusion-gallery-1\" style=\"margin:-5px;\"><div style=\"padding:5px;\" class=\"fusion-grid-column fusion-gallery-column fusion-gallery-column-3 hover-type-none\"><div class=\"fusion-gallery-image\"><a href=\"https:\/\/www.mpal.mp.br\/wp-content\/uploads\/2024\/12\/dr-silvio2.jpeg\" rel=\"noreferrer\" data-rel=\"iLightbox[gallery_image_1]\" class=\"fusion-lightbox\" target=\"_self\"><img loading=\"lazy\" decoding=\"async\" src=\"https:\/\/www.mpal.mp.br\/wp-content\/uploads\/2024\/12\/dr-silvio2.jpeg\" width=\"960\" height=\"1280\" alt=\"\" title=\"dr silvio2\" aria-label=\"dr silvio2\" class=\"img-responsive wp-image-50596\" \/><\/a><\/div><\/div><\/div><div class=\"fusion-clearfix\"><\/div>\n\n\t\t\t\t\t<\/div>\n\t\t\t\t<\/div><\/div><\/div>\n","protected":false},"excerpt":{"rendered":"","protected":false},"author":8,"featured_media":50590,"comment_status":"open","ping_status":"open","sticky":false,"template":"","format":"standard","meta":{"om_disable_all_campaigns":false,"_monsterinsights_skip_tracking":false,"_monsterinsights_sitenote_active":false,"_monsterinsights_sitenote_note":"","_monsterinsights_sitenote_category":0,"_uf_show_specific_survey":0,"_uf_disable_surveys":false,"footnotes":""},"categories":[2],"tags":[],"class_list":["post-50589","post","type-post","status-publish","format-standard","has-post-thumbnail","hentry","category-not_mpal"],"aioseo_notices":[],"_links":{"self":[{"href":"https:\/\/www.mpal.mp.br\/index.php?rest_route=\/wp\/v2\/posts\/50589","targetHints":{"allow":["GET"]}}],"collection":[{"href":"https:\/\/www.mpal.mp.br\/index.php?rest_route=\/wp\/v2\/posts"}],"about":[{"href":"https:\/\/www.mpal.mp.br\/index.php?rest_route=\/wp\/v2\/types\/post"}],"author":[{"embeddable":true,"href":"https:\/\/www.mpal.mp.br\/index.php?rest_route=\/wp\/v2\/users\/8"}],"replies":[{"embeddable":true,"href":"https:\/\/www.mpal.mp.br\/index.php?rest_route=%2Fwp%2Fv2%2Fcomments&post=50589"}],"version-history":[{"count":4,"href":"https:\/\/www.mpal.mp.br\/index.php?rest_route=\/wp\/v2\/posts\/50589\/revisions"}],"predecessor-version":[{"id":50599,"href":"https:\/\/www.mpal.mp.br\/index.php?rest_route=\/wp\/v2\/posts\/50589\/revisions\/50599"}],"wp:featuredmedia":[{"embeddable":true,"href":"https:\/\/www.mpal.mp.br\/index.php?rest_route=\/wp\/v2\/media\/50590"}],"wp:attachment":[{"href":"https:\/\/www.mpal.mp.br\/index.php?rest_route=%2Fwp%2Fv2%2Fmedia&parent=50589"}],"wp:term":[{"taxonomy":"category","embeddable":true,"href":"https:\/\/www.mpal.mp.br\/index.php?rest_route=%2Fwp%2Fv2%2Fcategories&post=50589"},{"taxonomy":"post_tag","embeddable":true,"href":"https:\/\/www.mpal.mp.br\/index.php?rest_route=%2Fwp%2Fv2%2Ftags&post=50589"}],"curies":[{"name":"wp","href":"https:\/\/api.w.org\/{rel}","templated":true}]}}