{"id":50586,"date":"2024-12-05T14:51:40","date_gmt":"2024-12-05T17:51:40","guid":{"rendered":"https:\/\/www.mpal.mp.br\/?p=50586"},"modified":"2024-12-05T14:57:02","modified_gmt":"2024-12-05T17:57:02","slug":"novo-conselho-superior-do-ministerio-publico-e-eleito-membros-tomarao-posse-em-janeiro-de-2025procuradores-de-justica-marcos-barros-mero-mauricio-andre-barros-pitta-valter-jose-de-omena-acioly-isa","status":"publish","type":"post","link":"https:\/\/www.mpal.mp.br\/?p=50586","title":{"rendered":"Novo Conselho Superior do Minist\u00e9rio P\u00fablico \u00e9 eleito; membros tomar\u00e3o posse em janeiro de 2025"},"content":{"rendered":"<p align=\"justify\"><span style=\"color: #000000; font-family: helvetica, arial, sans-serif; font-size: 12pt;\">Procuradores de Justi\u00e7a Marcos Barros M\u00e9ro, Maur\u00edcio Andr\u00e9 Barros Pitta, Valter Jos\u00e9 de Omena Acioly, Isaac Sandes Dias e K\u00edcia Oliveira Cabral: esses s\u00e3o os novos membros que integrar\u00e3o o Conselho Superior do Minist\u00e9rio P\u00fablico Estadual de Alagoas para o bi\u00eanio 2025\/2026. A elei\u00e7\u00e3o para a composi\u00e7\u00e3o do colegiado ocorreu nesta quinta-feira (5). <\/span><\/p>\n<p align=\"justify\"><span style=\"color: #000000; font-family: helvetica, arial, sans-serif; font-size: 12pt;\">Ap\u00f3s o encerramento do pleito \u00e0s 14h, que aconteceu atrav\u00e9s do sistema e-Voto do MPAL, a comiss\u00e3o eleitoral, presidida pelo procurador-geral de Justi\u00e7a, Lean Ara\u00fajo, e pelos promotores de Justi\u00e7a Luciano Romero e Edelzito Andrade, computou os votos e anunciou o resultado escolhido por 119 membros. Como cada promotor de Justi\u00e7a e procurador de Justi\u00e7a poderia votar em cinco candidatos diferentes, foram registrados 465 votos. <\/span><\/p>\n<p align=\"justify\"><span style=\"font-family: helvetica, arial, sans-serif; font-size: 12pt;\"><span style=\"color: #000000;\">Os procuradores de Justi\u00e7a Marcos Barros M\u00e9r<\/span><span style=\"color: #000000;\">o<\/span><span style=\"color: #000000;\">, <\/span><span style=\"color: #000000;\">Maur\u00edcio Andr\u00e9 Barros Pitta, Valter Jos\u00e9 de Omena Acioly, <\/span><span style=\"color: #000000;\">Isaac Sandes Dias e K\u00edcia Oliveira Cabral:<\/span> <span style=\"color: #000000;\">receberam, respectivamente, <\/span><span style=\"color: #000000;\">91, 70, 67, 59 e 57 <\/span><span style=\"color: #000000;\">votos, do total de <\/span><span style=\"color: #000000;\">465<\/span><span style=\"color: #000000;\">,<\/span><span style=\"color: #000000;\"> e tomar\u00e3o posse em janeiro do pr\u00f3ximo ano. Eles <\/span><span style=\"color: #000000;\">integrar\u00e3o <\/span><span style=\"color: #000000;\">o colegiado juntamente com o procurador-geral de Justi\u00e7a, <\/span><span style=\"color: #000000;\">Lean Ara\u00fajo<\/span><span style=\"color: #000000;\">, e o <\/span><span style=\"color: #000000;\">novo <\/span><span style=\"color: #000000;\">corregedor do MPAL, <\/span><span style=\"color: #000000;\">Eduardo Tavares<\/span><span style=\"color: #000000;\">. \u201cCom o pleito tendo ocorrido dentro da normalidade, proclamamos o resultado e desejamos, desde j\u00e1, \u00eaxito no trabalho que, em breve, ser\u00e1 iniciado pelos colegas\u201d, declarou <\/span><span style=\"color: #000000;\">o chefe do Minist\u00e9rio P\u00fablico. <\/span><\/span><\/p>\n<p align=\"justify\"><span style=\"font-family: helvetica, arial, sans-serif; font-size: 12pt;\"><strong><span style=\"color: #000000;\"><b>O Conselho<\/b><\/span><\/strong><\/span><\/p>\n<p align=\"justify\"><span style=\"color: #000000; font-family: helvetica, arial, sans-serif; font-size: 12pt;\">Compete ao Conselho Superior do Minist\u00e9rio P\u00fablico, como \u00f3rg\u00e3o de Administra\u00e7\u00e3o Superior: elaborar as listas s\u00eaxtuplas; indicar ao procurador-geral de Justi\u00e7a, em lista tr\u00edplice, os candidatos \u00e0 remo\u00e7\u00e3o e \u00e0 promo\u00e7\u00e3o por merecimento; eleger os membros do Minist\u00e9rio P\u00fablico que integrar\u00e3o a Comiss\u00e3o de Concurso de ingresso na carreira; indicar o nome do mais antigo membro para a remo\u00e7\u00e3o ou promo\u00e7\u00e3o por antiguidade; e aprovar os pedidos de remo\u00e7\u00e3o por permuta entre promotores e procuradores.<\/span><\/p>\n<p align=\"justify\"><span style=\"color: #000000; font-family: helvetica, arial, sans-serif; font-size: 12pt;\">O Conselho tamb\u00e9m decide sobre vitaliciamento de membros e determina, por voto de dois ter\u00e7os de seus integrantes, a disponibilidade ou remo\u00e7\u00e3o de membros, por interesse p\u00fablico e conveni\u00eancia do servi\u00e7o, assegurada ampla defesa. Entre outras delibera\u00e7\u00f5es, o Conselho aprecia os pedidos de arquivamento de inqu\u00e9ritos civis p\u00fablicos.<\/span><\/p>\n<p align=\"justify\"><strong><span style=\"font-family: helvetica, arial, sans-serif; font-size: 12pt;\">Reuni\u00e3o colegiada<\/span><\/strong><\/p>\n<p align=\"justify\"><span style=\"font-family: helvetica, arial, sans-serif; font-size: 12pt;\">Enquanto a elei\u00e7\u00e3o ocorria na modalidade on-line, o <span style=\"color: #000000;\">Conselho Superior do Minist\u00e9rio P\u00fablico realizou, na manh\u00e3 desta quinta-feira, a sua 41\u00aa reuni\u00e3o ordin\u00e1ria. Na ocasi\u00e3o, foi dado ao colegiado conhecimento de 13 novos procedimentos instaurados pelos promotores de Justi\u00e7a. <\/span><span style=\"color: #000000;\">Al\u00e9m disso, os membros deliberaram sobre outros 1<\/span><span style=\"color: #000000;\">3<\/span><span style=\"color: #000000;\"> procedimentos, <\/span><span style=\"color: #000000;\">dentre eles, <\/span><span style=\"color: #000000;\">tr\u00eas para abertura de est\u00e1gio nas Promotorias de Justi\u00e7a de Santana do Ipanema <\/span><span style=\"color: #000000;\">(1\u00aa PJ)<\/span><span style=\"color: #000000;\">, <\/span><span style=\"color: #000000;\">Maribondo e Paripueira. <\/span><\/span><\/p>\n","protected":false},"excerpt":{"rendered":"<p> [&hellip;]<\/p>\n","protected":false},"author":17,"featured_media":50592,"comment_status":"open","ping_status":"open","sticky":false,"template":"","format":"standard","meta":{"om_disable_all_campaigns":false,"_monsterinsights_skip_tracking":false,"_monsterinsights_sitenote_active":false,"_monsterinsights_sitenote_note":"","_monsterinsights_sitenote_category":0,"_uf_show_specific_survey":0,"_uf_disable_surveys":false,"footnotes":""},"categories":[2],"tags":[],"class_list":["post-50586","post","type-post","status-publish","format-standard","has-post-thumbnail","hentry","category-not_mpal"],"aioseo_notices":[],"_links":{"self":[{"href":"https:\/\/www.mpal.mp.br\/index.php?rest_route=\/wp\/v2\/posts\/50586","targetHints":{"allow":["GET"]}}],"collection":[{"href":"https:\/\/www.mpal.mp.br\/index.php?rest_route=\/wp\/v2\/posts"}],"about":[{"href":"https:\/\/www.mpal.mp.br\/index.php?rest_route=\/wp\/v2\/types\/post"}],"author":[{"embeddable":true,"href":"https:\/\/www.mpal.mp.br\/index.php?rest_route=\/wp\/v2\/users\/17"}],"replies":[{"embeddable":true,"href":"https:\/\/www.mpal.mp.br\/index.php?rest_route=%2Fwp%2Fv2%2Fcomments&post=50586"}],"version-history":[{"count":2,"href":"https:\/\/www.mpal.mp.br\/index.php?rest_route=\/wp\/v2\/posts\/50586\/revisions"}],"predecessor-version":[{"id":50591,"href":"https:\/\/www.mpal.mp.br\/index.php?rest_route=\/wp\/v2\/posts\/50586\/revisions\/50591"}],"wp:featuredmedia":[{"embeddable":true,"href":"https:\/\/www.mpal.mp.br\/index.php?rest_route=\/wp\/v2\/media\/50592"}],"wp:attachment":[{"href":"https:\/\/www.mpal.mp.br\/index.php?rest_route=%2Fwp%2Fv2%2Fmedia&parent=50586"}],"wp:term":[{"taxonomy":"category","embeddable":true,"href":"https:\/\/www.mpal.mp.br\/index.php?rest_route=%2Fwp%2Fv2%2Fcategories&post=50586"},{"taxonomy":"post_tag","embeddable":true,"href":"https:\/\/www.mpal.mp.br\/index.php?rest_route=%2Fwp%2Fv2%2Ftags&post=50586"}],"curies":[{"name":"wp","href":"https:\/\/api.w.org\/{rel}","templated":true}]}}