{"id":50572,"date":"2024-12-05T13:26:32","date_gmt":"2024-12-05T16:26:32","guid":{"rendered":"https:\/\/www.mpal.mp.br\/?p=50572"},"modified":"2024-12-05T16:13:42","modified_gmt":"2024-12-05T19:13:42","slug":"marco-ministerio-publico-de-alagoas-tem-oficialmente-o-seu-primeiro-coro-o-cantus-legis","status":"publish","type":"post","link":"https:\/\/www.mpal.mp.br\/?p=50572","title":{"rendered":"Marco: Minist\u00e9rio P\u00fablico de Alagoas tem, oficialmente, o seu primeiro coro: o \u201cCantus Legis\u201d"},"content":{"rendered":"<div class=\"fusion-fullwidth fullwidth-box fusion-builder-row-1 nonhundred-percent-fullwidth non-hundred-percent-height-scrolling\"  style='background-color: #ffffff;background-position: center center;background-repeat: no-repeat;padding-top:0px;padding-right:0px;padding-bottom:0px;padding-left:0px;'><div class=\"fusion-builder-row fusion-row \"><div  class=\"fusion-layout-column fusion_builder_column fusion_builder_column_1_1 fusion-builder-column-1 fusion-one-full fusion-column-first fusion-column-last 1_1\"  style='margin-top:0px;margin-bottom:0px;'>\n\t\t\t\t\t<div class=\"fusion-column-wrapper\" style=\"padding: 0px 0px 0px 0px;background-position:left top;background-repeat:no-repeat;-webkit-background-size:cover;-moz-background-size:cover;-o-background-size:cover;background-size:cover;\"   data-bg-url=\"\">\n\t\t\t\t\t\t<div class=\"fusion-text\"><p class=\"western\" align=\"justify\"><span style=\"font-family: helvetica, arial, sans-serif;\">Leveza, harmonia, integra\u00e7\u00e3o, o levar alegria e mensagens atrav\u00e9s do canto. O Minist\u00e9rio P\u00fablico de Alagoas (MPAL) apresenta mais um marco \u00e0 sociedade alagoana, o \u201cCoro Cantus Legis\u201d que ter\u00e1 sua primeira apresenta\u00e7\u00e3o programada para o dia 12 de dezembro de 2024. Idealizado pelo subprocurador-geral administrativo institucional, Walber Valente, e abra\u00e7ado pelo procurador-geral de Justi\u00e7a Lean Ara\u00fajo, composto por membros e servidores e regido por Werbeth Pimentel, a tend\u00eancia \u00e9 se aperfei\u00e7oar para, em 2025, interagir com o p\u00fablico externo.<\/span><\/p>\n<p class=\"western\" align=\"justify\"><span style=\"font-family: helvetica, arial, sans-serif;\">O chefe ministerial se diz lisonjeado com a cria\u00e7\u00e3o do grupo em sua gest\u00e3o, afirmando que essa composi\u00e7\u00e3o retrata uma institui\u00e7\u00e3o traduzida em respeito e integra\u00e7\u00e3o entre membros e servidores.<\/span><\/p>\n<p class=\"western\" align=\"justify\"><span style=\"font-family: helvetica, arial, sans-serif;\">\u201cFindamos o ano de 2024 com essa proposta inovadora, oficialmente temos o primeiro coro do Minist\u00e9rio P\u00fablico de Alagoas, e a satisfa\u00e7\u00e3o de ter esse registro em nossa gest\u00e3o \u00e9 imensur\u00e1vel. Essa intera\u00e7\u00e3o entre membros e servidores nada mais \u00e9 do que o retrato de um \u00f3rg\u00e3o que primar\u00e1 sempre pelo respeito coletivo entre seus integrantes, pelo conv\u00edvio harmonioso em quaisquer atividades que venham a desempenhar, sempre unidos, fortes e levando para todos os lugares essa imagem. Agora atrav\u00e9s de vozes cantantes\u201d, declara Lean Ara\u00fajo.<\/span><\/p>\n<p class=\"western\" align=\"justify\"><span style=\"font-family: helvetica, arial, sans-serif;\">Com apenas dois meses de cria\u00e7\u00e3o, o Cantus Legis se encontra todas as quintas-feiras para os ensaios e \u00e9 percept\u00edvel a satisfa\u00e7\u00e3o de todos. Walber Valente fala do sentimento de estar \u00e0 frente da iniciativa e de como \u00e9 participar do Coro.<\/span><\/p>\n<p class=\"western\" align=\"justify\"><span style=\"font-family: helvetica, arial, sans-serif;\">\u201cComecei a ouvir as pessoas conversando sobre o Minist\u00e9rio P\u00fablico n\u00e3o ter um coro e fomos amadurecendo a ideia. At\u00e9 que, em conversa com Lean, chegamos \u00e0 conclus\u00e3o de que dever\u00edamos tentar. Corremos para incentivar membros e servidores, abrimos as inscri\u00e7\u00f5es e c\u00e1 estamos h\u00e1 dois meses sintonizados, empolgados e nos preparando para a primeira apresenta\u00e7\u00e3o. Como integrante do grupo posso afirmar que a emo\u00e7\u00e3o \u00e9 grande, cada vez que ensaiamos ficamos leves e iniciamos nossas atividades de maneira serena. Pois a m\u00fasica tem esse poder e unir nossas vozes num mesmo prop\u00f3sito \u00e9 gratificante\u201d, declara o idealizador do coro.<\/span><\/p>\n<p class=\"western\" align=\"justify\"><span style=\"font-family: helvetica, arial, sans-serif;\">A promotora de Justi\u00e7a Adriana Gomes \u00e9 uma das coralistas mais empolgadas e j\u00e1 confessou <span style=\"color: #000000;\"><span style=\"font-size: medium;\"><span lang=\"pt-BR\">ter ensaiando<\/span><\/span><\/span> <span style=\"color: #000000;\"><span style=\"font-size: medium;\"><span lang=\"pt-BR\">durante viagem de ida e vinda para <\/span><\/span><\/span>a Bahia que \u00e9 sua terra natal.<\/span><\/p>\n<p class=\"western\" align=\"justify\"><span style=\"font-family: helvetica, arial, sans-serif;\">\u201cParticipar do coro \u00e9 muito gratificante, muda o nosso astral, esquecemos os problemas quando nos juntamos para cantar e entramos, de fato, mais leves e encorajados no trabalho. Posso afirmar que me descobri no canto e n\u00e3o tenho d\u00favidas de que o nosso grupo j\u00e1 deu certo\u201d, afirma.<\/span><\/p>\n<p class=\"western\" align=\"justify\"><span style=\"font-family: helvetica, arial, sans-serif;\">J\u00e1 Silvana Abreu, tamb\u00e9m promotora de Justi\u00e7a e outra entusiasta do coro, entre o soprano e o contralto, fala do entrosamento e da aposta que faz no grupo.<\/span><\/p>\n<p class=\"western\" align=\"justify\"><span style=\"font-family: helvetica, arial, sans-serif;\">\u201cO<span style=\"color: #000000;\"><span style=\"font-size: medium;\"><span lang=\"pt-BR\">s encontros fazem bem <\/span><\/span><\/span><span style=\"color: #000000;\"><span style=\"font-size: medium;\"><span lang=\"pt-BR\">\u00e0<\/span><\/span><\/span><span style=\"color: #000000;\"><span style=\"font-size: medium;\"><span lang=\"pt-BR\"> alma. Quando estamos no local de ensaio, apesar da responsabilidade assumida, nos descontra\u00edmos e <\/span><\/span><\/span><span style=\"color: #000000;\"><span style=\"font-size: medium;\"><span lang=\"pt-BR\">nos unimos membros e servidores cada vez mais\u201d,<\/span><\/span><\/span><span style=\"color: #000000;\"><span style=\"font-size: medium;\"><span lang=\"pt-BR\"> ressalta. <\/span><\/span><\/span><\/span><\/p>\n<p class=\"western\" align=\"justify\"><span style=\"font-family: helvetica, arial, sans-serif;\">Quem tamb\u00e9m marca presen\u00e7a com seu timbre forte, \u00e9 a servidora Salete Brazil. Contralto, como Adriana Gomes, ela tamb\u00e9m fala da emo\u00e7\u00e3o de ser integrante.<\/span><\/p>\n<p class=\"western\" align=\"justify\"><span style=\"font-family: helvetica, arial, sans-serif;\">\u201cA sensa\u00e7\u00e3o \u00e9 de uni\u00e3o, alegria, l\u00e1 extravasamos nossos problemas di\u00e1rios. Sinto-me feliz participando do coro e pretendo continuar em busca do aperfei\u00e7oamento para que possamos brilhar\u2019, diz.<\/span><\/p>\n<p class=\"western\" align=\"justify\"><span style=\"font-family: helvetica, arial, sans-serif;\">No momento, o Cantus Legis tem 20 integrantes por\u00e9m com outros membros e servidores demonstrando interesse em se unir ao grupo em 2025.<\/span><\/p>\n<p class=\"western\" align=\"justify\"><span style=\"font-family: helvetica, arial, sans-serif;\">E para avaliar o Cantus Legis ningu\u00e9m melhor do que o regente Werbeth Pimentel que, apesar do pouco tempo de cria\u00e7\u00e3o, tem feito grandes apostas.<\/span><\/p>\n<p class=\"western\" align=\"justify\"><span style=\"font-family: helvetica, arial, sans-serif;\">\u201cO grupo \u00e9 iniciante, mas apesar do pouqu\u00edssimo tempo, ainda engatinhando, com a sonoridade de grupo grande, com material vocal muito bom, talentos individuais que, ao se juntarem, formam essa massa sonora que temos visto. \u00c9 um diamante que precisa apenas ser lapidado, um grupo que tem entregado um resultado al\u00e9m do esperado muito antes do tempo\u201d, valia.<\/span><\/p>\n<p class=\"western\" align=\"left\"><span style=\"font-family: helvetica, arial, sans-serif;\">Cantus Legis<\/span><\/p>\n<p class=\"western\" align=\"left\"><span style=\"font-family: helvetica, arial, sans-serif;\">O nome dado ao Coro foi sugest\u00e3o do promotor de Justi\u00e7a Max Martins, pois \u201cCantus Legis\u201d significa o Canto das Leis. Aprovado por unanimidade, a proposta foi a de referenciar o nome a atua\u00e7\u00e3o do Minist\u00e9rio P\u00fablico que promove cidadania em conformidade com as leis.<\/span><\/p>\n<\/div><style type=\"text\/css\">.fusion-gallery-1 .fusion-gallery-image {border:0px solid #f6f6f6;-webkit-border-radius:5px;-moz-border-radius:5px;border-radius:5px;}<\/style><div class=\"fusion-gallery fusion-gallery-container fusion-grid-3 fusion-columns-total-0 fusion-gallery-layout-grid fusion-gallery-1\" style=\"margin:-5px;\"><div style=\"padding:5px;\" class=\"fusion-grid-column fusion-gallery-column fusion-gallery-column-3 hover-type-none\"><div class=\"fusion-gallery-image\"><a href=\"https:\/\/www.mpal.mp.br\/wp-content\/uploads\/2024\/12\/coral6.jpeg\" rel=\"noreferrer\" data-rel=\"iLightbox[gallery_image_1]\" class=\"fusion-lightbox\" target=\"_self\"><img loading=\"lazy\" decoding=\"async\" src=\"https:\/\/www.mpal.mp.br\/wp-content\/uploads\/2024\/12\/coral6.jpeg\" width=\"1600\" height=\"1066\" alt=\"\" title=\"coral6\" aria-label=\"coral6\" class=\"img-responsive wp-image-50579\" \/><\/a><\/div><\/div><div style=\"padding:5px;\" class=\"fusion-grid-column fusion-gallery-column fusion-gallery-column-3 hover-type-none\"><div class=\"fusion-gallery-image\"><a href=\"https:\/\/www.mpal.mp.br\/wp-content\/uploads\/2024\/12\/coral5.jpeg\" rel=\"noreferrer\" data-rel=\"iLightbox[gallery_image_1]\" class=\"fusion-lightbox\" target=\"_self\"><img loading=\"lazy\" decoding=\"async\" src=\"https:\/\/www.mpal.mp.br\/wp-content\/uploads\/2024\/12\/coral5.jpeg\" width=\"1600\" height=\"1066\" alt=\"\" title=\"coral5\" aria-label=\"coral5\" class=\"img-responsive wp-image-50578\" \/><\/a><\/div><\/div><div style=\"padding:5px;\" class=\"fusion-grid-column fusion-gallery-column fusion-gallery-column-3 hover-type-none\"><div class=\"fusion-gallery-image\"><a href=\"https:\/\/www.mpal.mp.br\/wp-content\/uploads\/2024\/12\/coral4.jpeg\" rel=\"noreferrer\" data-rel=\"iLightbox[gallery_image_1]\" class=\"fusion-lightbox\" target=\"_self\"><img loading=\"lazy\" decoding=\"async\" src=\"https:\/\/www.mpal.mp.br\/wp-content\/uploads\/2024\/12\/coral4.jpeg\" width=\"1600\" height=\"1066\" alt=\"\" title=\"coral4\" aria-label=\"coral4\" class=\"img-responsive wp-image-50577\" \/><\/a><\/div><\/div><div class=\"clearfix\"><\/div><div style=\"padding:5px;\" class=\"fusion-grid-column fusion-gallery-column fusion-gallery-column-3 hover-type-none\"><div class=\"fusion-gallery-image\"><a href=\"https:\/\/www.mpal.mp.br\/wp-content\/uploads\/2024\/12\/coral3.jpeg\" rel=\"noreferrer\" data-rel=\"iLightbox[gallery_image_1]\" class=\"fusion-lightbox\" target=\"_self\"><img loading=\"lazy\" decoding=\"async\" src=\"https:\/\/www.mpal.mp.br\/wp-content\/uploads\/2024\/12\/coral3.jpeg\" width=\"1600\" height=\"1066\" alt=\"\" title=\"coral3\" aria-label=\"coral3\" class=\"img-responsive wp-image-50576\" \/><\/a><\/div><\/div><div style=\"padding:5px;\" class=\"fusion-grid-column fusion-gallery-column fusion-gallery-column-3 hover-type-none\"><div class=\"fusion-gallery-image\"><a href=\"https:\/\/www.mpal.mp.br\/wp-content\/uploads\/2024\/12\/coral2.jpeg\" rel=\"noreferrer\" data-rel=\"iLightbox[gallery_image_1]\" class=\"fusion-lightbox\" target=\"_self\"><img loading=\"lazy\" decoding=\"async\" src=\"https:\/\/www.mpal.mp.br\/wp-content\/uploads\/2024\/12\/coral2.jpeg\" width=\"1600\" height=\"1066\" alt=\"\" title=\"coral2\" aria-label=\"coral2\" class=\"img-responsive wp-image-50575\" \/><\/a><\/div><\/div><\/div><div class=\"fusion-clearfix\"><\/div>\n\n\t\t\t\t\t<\/div>\n\t\t\t\t<\/div><\/div><\/div>\n","protected":false},"excerpt":{"rendered":"","protected":false},"author":8,"featured_media":50579,"comment_status":"open","ping_status":"open","sticky":false,"template":"","format":"standard","meta":{"om_disable_all_campaigns":false,"_monsterinsights_skip_tracking":false,"_monsterinsights_sitenote_active":false,"_monsterinsights_sitenote_note":"","_monsterinsights_sitenote_category":0,"_uf_show_specific_survey":0,"_uf_disable_surveys":false,"footnotes":""},"categories":[2],"tags":[],"class_list":["post-50572","post","type-post","status-publish","format-standard","has-post-thumbnail","hentry","category-not_mpal"],"aioseo_notices":[],"_links":{"self":[{"href":"https:\/\/www.mpal.mp.br\/index.php?rest_route=\/wp\/v2\/posts\/50572","targetHints":{"allow":["GET"]}}],"collection":[{"href":"https:\/\/www.mpal.mp.br\/index.php?rest_route=\/wp\/v2\/posts"}],"about":[{"href":"https:\/\/www.mpal.mp.br\/index.php?rest_route=\/wp\/v2\/types\/post"}],"author":[{"embeddable":true,"href":"https:\/\/www.mpal.mp.br\/index.php?rest_route=\/wp\/v2\/users\/8"}],"replies":[{"embeddable":true,"href":"https:\/\/www.mpal.mp.br\/index.php?rest_route=%2Fwp%2Fv2%2Fcomments&post=50572"}],"version-history":[{"count":3,"href":"https:\/\/www.mpal.mp.br\/index.php?rest_route=\/wp\/v2\/posts\/50572\/revisions"}],"predecessor-version":[{"id":50610,"href":"https:\/\/www.mpal.mp.br\/index.php?rest_route=\/wp\/v2\/posts\/50572\/revisions\/50610"}],"wp:featuredmedia":[{"embeddable":true,"href":"https:\/\/www.mpal.mp.br\/index.php?rest_route=\/wp\/v2\/media\/50579"}],"wp:attachment":[{"href":"https:\/\/www.mpal.mp.br\/index.php?rest_route=%2Fwp%2Fv2%2Fmedia&parent=50572"}],"wp:term":[{"taxonomy":"category","embeddable":true,"href":"https:\/\/www.mpal.mp.br\/index.php?rest_route=%2Fwp%2Fv2%2Fcategories&post=50572"},{"taxonomy":"post_tag","embeddable":true,"href":"https:\/\/www.mpal.mp.br\/index.php?rest_route=%2Fwp%2Fv2%2Ftags&post=50572"}],"curies":[{"name":"wp","href":"https:\/\/api.w.org\/{rel}","templated":true}]}}