{"id":50522,"date":"2024-12-04T12:43:51","date_gmt":"2024-12-04T15:43:51","guid":{"rendered":"https:\/\/www.mpal.mp.br\/?p=50522"},"modified":"2024-12-04T13:37:42","modified_gmt":"2024-12-04T16:37:42","slug":"mpal-passa-a-integrar-gna-social-grupo-apresenta-cronograma-de-acao-para-2025","status":"publish","type":"post","link":"https:\/\/www.mpal.mp.br\/?p=50522","title":{"rendered":"MPAL passa a integrar GNA-Social; grupo apresenta cronograma de a\u00e7\u00e3o para 2025"},"content":{"rendered":"<p style=\"text-align: justify;\"><span style=\"color: #333333; font-size: 12pt; font-family: helvetica, arial, sans-serif;\">O Minist\u00e9rio P\u00fablico do Estado de Alagoas (MPAL) agora tem assento no Grupo Nacional de Atua\u00e7\u00e3o do Minist\u00e9rio P\u00fablico em Apoio Comunit\u00e1rio, Participa\u00e7\u00e3o e Inclus\u00e3o Sociais, e Combate \u00e0 Fome (GNA-Social). Criado para fazer justi\u00e7a e efetivar direitos a partir do olhar dos movimentos populares organizados, o colegiado contar\u00e1 com a participa\u00e7\u00e3o da promotora de Justi\u00e7a Alexandra Beurlen, que atua na 61\u00aa Promotoria de Justi\u00e7a da capital, na defesa dos Direitos Humanos. <\/span><\/p>\n<p style=\"text-align: justify;\" align=\"left\"><span style=\"color: #333333; font-size: 12pt; font-family: helvetica, arial, sans-serif;\">Criado em junho deste ano, o GNA-Social \u00e9 um \u00f3rg\u00e3o vinculado ao Conselho Nacional de Procuradores-Gerais do Minist\u00e9rio P\u00fablico dos Estados e da Uni\u00e3o (CNPG). O novo grupo nacional tem o objetivo de fomentar o debate entre o Minist\u00e9rio P\u00fablico e a sociedade acerca da atua\u00e7\u00e3o na defesa dos direitos econ\u00f4micos, culturais, sociais e ambientais, organizando e difundindo boas pr\u00e1ticas de di\u00e1logo e de atendimento nas causas do direito coletivo que afetam as popula\u00e7\u00f5es vulnerabilizadas. <\/span><\/p>\n<p style=\"text-align: justify;\" align=\"left\"><span style=\"color: #333333; font-size: 12pt; font-family: helvetica, arial, sans-serif;\">Pelo Minist\u00e9rio P\u00fablico do Estado de Alagoas, foi escolhida para integrar o GNA-Social a promotora de Justi\u00e7a Alexandra Beurlen, que j\u00e1 tua nessa \u00e1rea na 61\u00aa Promotoria de Justi\u00e7a da capital. Ela tomou posse no cargo no \u00faltimo dia 29, durante evento realizado no Minist\u00e9rio P\u00fablico do Estado do Piau\u00ed. <\/span><\/p>\n<p style=\"text-align: justify;\" align=\"left\"><span style=\"font-size: 12pt; font-family: helvetica, arial, sans-serif; color: #333333;\">Estiveram presentes, al\u00e9m do procurador-geral de Justi\u00e7a daquele estado, Cleandro Moura, os demais membros empossados. <\/span><\/p>\n<p style=\"text-align: justify;\" align=\"left\"><span style=\"color: #333333;\"><strong><span style=\"font-size: 12pt; font-family: helvetica, arial, sans-serif;\">Atua\u00e7\u00e3o <\/span><\/strong><\/span><\/p>\n<p style=\"text-align: justify;\" align=\"left\"><span style=\"color: #333333; font-size: 12pt; font-family: helvetica, arial, sans-serif;\">Na ocasi\u00e3o, foi apresentado o plano de a\u00e7\u00e3o do colegiado. O documento \u00e9 dividido em tr\u00eas eixos principais: estruturar e consolidar o GNA-Social, fiscaliza\u00e7\u00e3o e implementa\u00e7\u00e3o do Sistema Nacional de Seguran\u00e7a Alimentar e Nutricional (Sisan), e a promo\u00e7\u00e3o da participa\u00e7\u00e3o social e do controle comunit\u00e1rio.<\/span><\/p>\n<p style=\"text-align: justify;\" align=\"left\"><span style=\"color: #333333; font-size: 12pt; font-family: helvetica, arial, sans-serif;\">Cria\u00e7\u00e3o do grupo <\/span><\/p>\n<p style=\"text-align: justify;\" align=\"left\"><span style=\"color: #333333; font-size: 12pt; font-family: helvetica, arial, sans-serif;\">Segundo a Resolu\u00e7\u00e3o n\u00ba 09\/2024\/PRES-CNPG, o GNA-Social poder\u00e1 elaborar notas t\u00e9cnicas, disseminar experi\u00eancias e boas pr\u00e1ticas, editar enunciados para orienta\u00e7\u00e3o da atua\u00e7\u00e3o final\u00edstica do MP, proporcionar encontros e eventos acad\u00eamicos, estimular a integra\u00e7\u00e3o do Minist\u00e9rio P\u00fablico com a sociedade civil organizada e desempenhar outras fun\u00e7\u00f5es correlatas.<\/span><\/p>\n<p style=\"text-align: justify;\" align=\"left\"><span style=\"color: #333333; font-size: 12pt; font-family: helvetica, arial, sans-serif;\"> *Com informa\u00e7\u00f5es e foto do MPPI.\u00a0<\/span><\/p>\n","protected":false},"excerpt":{"rendered":"<p> [&hellip;]<\/p>\n","protected":false},"author":17,"featured_media":50525,"comment_status":"open","ping_status":"open","sticky":false,"template":"","format":"standard","meta":{"om_disable_all_campaigns":false,"_monsterinsights_skip_tracking":false,"_monsterinsights_sitenote_active":false,"_monsterinsights_sitenote_note":"","_monsterinsights_sitenote_category":0,"_uf_show_specific_survey":0,"_uf_disable_surveys":false,"footnotes":""},"categories":[2],"tags":[],"class_list":["post-50522","post","type-post","status-publish","format-standard","has-post-thumbnail","hentry","category-not_mpal"],"aioseo_notices":[],"_links":{"self":[{"href":"https:\/\/www.mpal.mp.br\/index.php?rest_route=\/wp\/v2\/posts\/50522","targetHints":{"allow":["GET"]}}],"collection":[{"href":"https:\/\/www.mpal.mp.br\/index.php?rest_route=\/wp\/v2\/posts"}],"about":[{"href":"https:\/\/www.mpal.mp.br\/index.php?rest_route=\/wp\/v2\/types\/post"}],"author":[{"embeddable":true,"href":"https:\/\/www.mpal.mp.br\/index.php?rest_route=\/wp\/v2\/users\/17"}],"replies":[{"embeddable":true,"href":"https:\/\/www.mpal.mp.br\/index.php?rest_route=%2Fwp%2Fv2%2Fcomments&post=50522"}],"version-history":[{"count":2,"href":"https:\/\/www.mpal.mp.br\/index.php?rest_route=\/wp\/v2\/posts\/50522\/revisions"}],"predecessor-version":[{"id":50528,"href":"https:\/\/www.mpal.mp.br\/index.php?rest_route=\/wp\/v2\/posts\/50522\/revisions\/50528"}],"wp:featuredmedia":[{"embeddable":true,"href":"https:\/\/www.mpal.mp.br\/index.php?rest_route=\/wp\/v2\/media\/50525"}],"wp:attachment":[{"href":"https:\/\/www.mpal.mp.br\/index.php?rest_route=%2Fwp%2Fv2%2Fmedia&parent=50522"}],"wp:term":[{"taxonomy":"category","embeddable":true,"href":"https:\/\/www.mpal.mp.br\/index.php?rest_route=%2Fwp%2Fv2%2Fcategories&post=50522"},{"taxonomy":"post_tag","embeddable":true,"href":"https:\/\/www.mpal.mp.br\/index.php?rest_route=%2Fwp%2Fv2%2Ftags&post=50522"}],"curies":[{"name":"wp","href":"https:\/\/api.w.org\/{rel}","templated":true}]}}