{"id":50520,"date":"2024-12-04T12:40:58","date_gmt":"2024-12-04T15:40:58","guid":{"rendered":"https:\/\/www.mpal.mp.br\/?p=50520"},"modified":"2024-12-05T14:25:57","modified_gmt":"2024-12-05T17:25:57","slug":"em-palmeira-dos-indios-ministerio-publico-denuncia-agressor-com-base-na-nova-lei-de-feminicidio-com-pena-de-20-a-40-anos","status":"publish","type":"post","link":"https:\/\/www.mpal.mp.br\/?p=50520","title":{"rendered":"Em Palmeira dos \u00cdndios, Minist\u00e9rio P\u00fablico denuncia agressor com base na nova Lei de Feminic\u00eddio com pena de 20 a 40 anos"},"content":{"rendered":"<p align=\"justify\"><span style=\"font-family: helvetica, arial, sans-serif;\">Uma mulher gr\u00e1vida e a viol\u00eancia promovida pelo companheiro que quase culmina em feminic\u00eddio na cidade de Palmeira dos \u00cdndios. O Minist\u00e9rio P\u00fablico de Alagoas (MPAL), diante dos fatos, denunciou o acusado de tentar matar S.M.S.S., por motivos considerados f\u00fateis, tendo o mesmo confessado crise de ci\u00fames como justificativa. O fato ocorreu no dia 5 de novembro de 2024, mas segundo depoimento de vizinhos haveria outros epis\u00f3dios de agress\u00e3o.<\/span><\/p>\n<p align=\"justify\"><span style=\"font-family: helvetica, arial, sans-serif;\">Al\u00e9m de atentar contra a vida da companheira, o autor da tentativa de feminic\u00eddio ainda poderia ter atingido o feto de quatro meses gerado por ambos. Segundo relatos, a Pol\u00edcia Militar foi acionada e, ao chegar ao local, a mulher estava em situa\u00e7\u00e3o grave, com cortes na cabe\u00e7a e convulsionando, no entanto, conseguira ainda informar que estava gr\u00e1vida, bem como quem a tinha agredido, afirmando que a motiva\u00e7\u00e3o seria por ci\u00fames, por estar em um bar.<\/span><\/p>\n<p><span style=\"font-family: helvetica, arial, sans-serif;\">S.MS., foi levada para a Unidade de Pronto Atendimento de Palmeira dos \u00cdndios\/AL e, em seguida, pela gravidade, transferida para atendimento no Hospital de Emerg\u00eancia de Arapiraca\/AL.<\/span><br \/>\n<span style=\"font-family: helvetica, arial, sans-serif;\">Paralelamente, policiais do 10\u00ba Batalh\u00e3o de Pol\u00edcia Militar desencadearam dilig\u00eancias at\u00e9 se depararem com o autor caminhando pela rua, aparentemente retornando para a resid\u00eancia do casal como se nada tivesse acontecido. <\/span><\/p>\n<p><span style=\"font-family: helvetica, arial, sans-serif;\">O homem foi preso, ap\u00f3s pedido do Minist\u00e9rio P\u00fablico, teve a sua pris\u00e3o em flagrante convertida em preventiva, devendo responder com base na nova Lei n. 19.994, na sua forma tentada, com pena de 20 a 40 anos, maior pena prevista no C\u00f3digo Penal.<\/span><\/p>\n<p>&nbsp;<\/p>\n<p>&nbsp;<\/p>\n<p>&nbsp;<\/p>\n<p>&nbsp;<\/p>\n","protected":false},"excerpt":{"rendered":"<p> [&hellip;]<\/p>\n","protected":false},"author":8,"featured_media":34941,"comment_status":"open","ping_status":"open","sticky":false,"template":"","format":"standard","meta":{"om_disable_all_campaigns":false,"_monsterinsights_skip_tracking":false,"_monsterinsights_sitenote_active":false,"_monsterinsights_sitenote_note":"","_monsterinsights_sitenote_category":0,"_uf_show_specific_survey":0,"_uf_disable_surveys":false,"footnotes":""},"categories":[2],"tags":[],"class_list":["post-50520","post","type-post","status-publish","format-standard","has-post-thumbnail","hentry","category-not_mpal"],"aioseo_notices":[],"_links":{"self":[{"href":"https:\/\/www.mpal.mp.br\/index.php?rest_route=\/wp\/v2\/posts\/50520","targetHints":{"allow":["GET"]}}],"collection":[{"href":"https:\/\/www.mpal.mp.br\/index.php?rest_route=\/wp\/v2\/posts"}],"about":[{"href":"https:\/\/www.mpal.mp.br\/index.php?rest_route=\/wp\/v2\/types\/post"}],"author":[{"embeddable":true,"href":"https:\/\/www.mpal.mp.br\/index.php?rest_route=\/wp\/v2\/users\/8"}],"replies":[{"embeddable":true,"href":"https:\/\/www.mpal.mp.br\/index.php?rest_route=%2Fwp%2Fv2%2Fcomments&post=50520"}],"version-history":[{"count":2,"href":"https:\/\/www.mpal.mp.br\/index.php?rest_route=\/wp\/v2\/posts\/50520\/revisions"}],"predecessor-version":[{"id":50585,"href":"https:\/\/www.mpal.mp.br\/index.php?rest_route=\/wp\/v2\/posts\/50520\/revisions\/50585"}],"wp:featuredmedia":[{"embeddable":true,"href":"https:\/\/www.mpal.mp.br\/index.php?rest_route=\/wp\/v2\/media\/34941"}],"wp:attachment":[{"href":"https:\/\/www.mpal.mp.br\/index.php?rest_route=%2Fwp%2Fv2%2Fmedia&parent=50520"}],"wp:term":[{"taxonomy":"category","embeddable":true,"href":"https:\/\/www.mpal.mp.br\/index.php?rest_route=%2Fwp%2Fv2%2Fcategories&post=50520"},{"taxonomy":"post_tag","embeddable":true,"href":"https:\/\/www.mpal.mp.br\/index.php?rest_route=%2Fwp%2Fv2%2Ftags&post=50520"}],"curies":[{"name":"wp","href":"https:\/\/api.w.org\/{rel}","templated":true}]}}