{"id":50464,"date":"2024-12-03T15:39:41","date_gmt":"2024-12-03T18:39:41","guid":{"rendered":"https:\/\/www.mpal.mp.br\/?p=50464"},"modified":"2024-12-03T15:39:41","modified_gmt":"2024-12-03T18:39:41","slug":"mpal-instaura-procedimento-para-averiguar-a-regularidade-de-episiotomia-durante-o-parto-em-hospital-do-sertao","status":"publish","type":"post","link":"https:\/\/www.mpal.mp.br\/?p=50464","title":{"rendered":"MPAL instaura procedimento para averiguar a regularidade de Episiotomia durante o parto em hospital do Sert\u00e3o"},"content":{"rendered":"<p align=\"justify\"><span style=\"font-family: helvetica, arial, sans-serif;\">Coibir a viol\u00eancia obst\u00e9trica, garantir a humaniza\u00e7\u00e3o do parto nas maternidades p\u00fablicas e privadas, al\u00e9m de proteger a sa\u00fade e a vida das parturientes culminou na instaura\u00e7\u00e3o de um Procedimento Administrativo pelo Minist\u00e9rio P\u00fablico de Alagoas (MPAL), via 2\u00aa promotoria de Justi\u00e7a de Santana do Ipanema com escopo de acompanhar e fiscalizar o Hospital Regional Dr. Clodolfo Rodrigues, no mencionado munic\u00edpio, com o intuito de averiguar se na referida unidade de sa\u00fade est\u00e1 sendo adotado o procedimento de episiotomia que \u00e9 um corte cir\u00fargico feito no per\u00edneo para alargar o canal do parto.<\/span><\/p>\n<p align=\"justify\"><span style=\"font-family: helvetica, arial, sans-serif;\">A provid\u00eancia foi adotada devido a um procedimento instaurado na 26\u00aa Promotoria de Justi\u00e7a da Capital, em consequ\u00eancia de expediente encaminhado ao N\u00facleo de Defesa da Sa\u00fade P\u00fablica (Nudesap) informando sobre iniciativas do Minist\u00e9rio P\u00fablico Federal (MPF) em rela\u00e7\u00e3o ao combate de pr\u00e1ticas irregulares nos hospitais alagoanos que t\u00eam violado os direitos de gestantes e parturientes.<\/span><\/p>\n<p align=\"justify\"><span style=\"font-family: helvetica, arial, sans-serif;\">A informa\u00e7\u00e3o \u00e9 a de que h\u00e1 um hist\u00f3rico que versa sobre um n\u00famero elevad\u00edssimo de tal pr\u00e1tica de episiotomia em maternidades p\u00fablicas de Alagoas sem a exist\u00eancia de protocolos cl\u00ednicos, ou consentimento das parturientes que, pelos riscos, devem assinar um <span style=\"color: #001d35;\"><span style=\"font-size: medium;\">termo de consentimento informado <\/span><\/span><span style=\"color: #001d35;\"><span style=\"font-size: medium;\">com a informa\u00e7\u00e3o sendo compartilhada com o acompanhante<\/span><\/span><span style=\"color: #001d35;\"><span style=\"font-size: large;\">. <\/span><\/span><span style=\"color: #001d35;\"><span style=\"font-size: medium;\">Pelos protocolos da Federa\u00e7\u00e3o Brasileira das Associa\u00e7\u00f5es de Ginecologia e Obstetr\u00edcia e a Organiza\u00e7\u00e3o Mundial da Sa\u00fade (OMS), a episiotomia d<\/span><\/span><span style=\"color: #001d35;\"><span style=\"font-size: medium;\">eve ser a \u00faltima op\u00e7\u00e3o na hora do parto.<\/span><\/span><\/span><\/p>\n<p align=\"justify\"><span style=\"font-family: helvetica, arial, sans-serif;\"><span style=\"color: #001d35;\"><span style=\"font-size: medium;\">Com o intuito de erradicar a pr\u00e1tica il\u00edcita nas unidades de sa\u00fade de Alagoas, o MPF chegou a emitir Recomenda\u00e7\u00f5es <\/span><\/span> ao Hospital Carvalho Beltr\u00e3o Servi\u00e7os de Sa\u00fade LTDA e ao Hospital Regional Dr. Clodolfo Rodrigues, para que antes do ato cir\u00fargico orientassem as gestantes sobre os perigos causados pela episiotomia e que, al\u00e9m disso, o profissional m\u00e9dico assuma por escrito, de maneira detalhada os motivos pelos quais adotou o procedimento. Para se ter no\u00e7\u00e3o do n\u00famero exato de mulheres submetidas \u00e0 episiotomia foi solicitado \u00e0 dire\u00e7\u00e3o dos dois informa\u00e7\u00f5es e dados atualizados sobre o n\u00famero de episiotomias realizadas nos hospitais nos anos de 2020 e 2021, por cada m\u00e9dico, mas nenhum teria se manifestado sobre o acatamento.<\/span><\/p>\n<p><span style=\"font-family: helvetica, arial, sans-serif;\">N\u00e3o logrando \u00eaxito no tocante \u00e0s suas Recomenda\u00e7\u00f5es, o MPF encaminhou c\u00f3pia dos autos para o MPE, pedindo que a 2\u00aa Promotoria de Justi\u00e7a de Santana do Ipanema se posicione e adote as provid\u00eancias cab\u00edveis visando eliminar poss\u00edveis irregularidades Hospital Regional Dr. Clodolfo Rodrigues.<\/span><\/p>\n<p align=\"justify\"><span style=\"font-family: helvetica, arial, sans-serif;\">Em seus Considerando, o promotor de Justi\u00e7a Alex Almeida ressaltou o projeto &#8220;Boa Hora&#8221;, do Minist\u00e9rio P\u00fablico cujo objetivo trata da preven\u00e7\u00e3o \u00e0 viol\u00eancia obst\u00e9trica.<\/span><\/p>\n<p align=\"justify\"><span style=\"font-family: helvetica, arial, sans-serif;\">\u201cEsse tipo de procedimento pode causar les\u00f5es s\u00e9rias, raz\u00e3o pela qual temos de agir para evitar abusos e maus-tratos contra a gestante na hora do parto. Se os dirigentes de uma unidade de sa\u00fade t\u00eam conhecimento da pr\u00e1tica em suas unidades, geram protocolos internos para que a episiotomia seja realizada ent\u00e3o, devem ser responsabilizados por quaisquer consequ\u00eancias que venham vitimar as parturientes\u201d, explica o promotor.<\/span><\/p>\n<p align=\"justify\"><span style=\"font-family: helvetica, arial, sans-serif;\">O corte cir\u00fargico pode causar complica\u00e7\u00f5es que v\u00e3o da dor perineal, ao aumento de riscos de infec\u00e7\u00f5es, disfun\u00e7\u00e3o do assoalho p\u00e9lvico, dispaurenia que pode gerar problemas psicol\u00f3gicos, hemorragias e f\u00edstulas retovaginal.<\/span><\/p>\n<p align=\"justify\">Foto: Internet<\/p>\n","protected":false},"excerpt":{"rendered":"<p> [&hellip;]<\/p>\n","protected":false},"author":8,"featured_media":50465,"comment_status":"open","ping_status":"open","sticky":false,"template":"","format":"standard","meta":{"om_disable_all_campaigns":false,"_monsterinsights_skip_tracking":false,"_monsterinsights_sitenote_active":false,"_monsterinsights_sitenote_note":"","_monsterinsights_sitenote_category":0,"_uf_show_specific_survey":0,"_uf_disable_surveys":false,"footnotes":""},"categories":[2],"tags":[],"class_list":["post-50464","post","type-post","status-publish","format-standard","has-post-thumbnail","hentry","category-not_mpal"],"aioseo_notices":[],"_links":{"self":[{"href":"https:\/\/www.mpal.mp.br\/index.php?rest_route=\/wp\/v2\/posts\/50464","targetHints":{"allow":["GET"]}}],"collection":[{"href":"https:\/\/www.mpal.mp.br\/index.php?rest_route=\/wp\/v2\/posts"}],"about":[{"href":"https:\/\/www.mpal.mp.br\/index.php?rest_route=\/wp\/v2\/types\/post"}],"author":[{"embeddable":true,"href":"https:\/\/www.mpal.mp.br\/index.php?rest_route=\/wp\/v2\/users\/8"}],"replies":[{"embeddable":true,"href":"https:\/\/www.mpal.mp.br\/index.php?rest_route=%2Fwp%2Fv2%2Fcomments&post=50464"}],"version-history":[{"count":1,"href":"https:\/\/www.mpal.mp.br\/index.php?rest_route=\/wp\/v2\/posts\/50464\/revisions"}],"predecessor-version":[{"id":50466,"href":"https:\/\/www.mpal.mp.br\/index.php?rest_route=\/wp\/v2\/posts\/50464\/revisions\/50466"}],"wp:featuredmedia":[{"embeddable":true,"href":"https:\/\/www.mpal.mp.br\/index.php?rest_route=\/wp\/v2\/media\/50465"}],"wp:attachment":[{"href":"https:\/\/www.mpal.mp.br\/index.php?rest_route=%2Fwp%2Fv2%2Fmedia&parent=50464"}],"wp:term":[{"taxonomy":"category","embeddable":true,"href":"https:\/\/www.mpal.mp.br\/index.php?rest_route=%2Fwp%2Fv2%2Fcategories&post=50464"},{"taxonomy":"post_tag","embeddable":true,"href":"https:\/\/www.mpal.mp.br\/index.php?rest_route=%2Fwp%2Fv2%2Ftags&post=50464"}],"curies":[{"name":"wp","href":"https:\/\/api.w.org\/{rel}","templated":true}]}}