{"id":50450,"date":"2024-12-03T14:07:29","date_gmt":"2024-12-03T17:07:29","guid":{"rendered":"https:\/\/www.mpal.mp.br\/?p=50450"},"modified":"2024-12-03T14:07:29","modified_gmt":"2024-12-03T17:07:29","slug":"ministerio-publico-ajuiza-acao-por-improbidade-administrativa-contra-delegado-de-policia","status":"publish","type":"post","link":"https:\/\/www.mpal.mp.br\/?p=50450","title":{"rendered":"Minist\u00e9rio P\u00fablico aju\u00edza a\u00e7\u00e3o por improbidade administrativa contra delegado de Pol\u00edcia"},"content":{"rendered":"<p class=\"western\" align=\"justify\"><span style=\"font-family: helvetica, arial, sans-serif; font-size: 12pt;\">O Minist\u00e9rio P\u00fablico de Alagoas (MPAL) , por meio da 2\u00aa promotoria de Justi\u00e7a de Rio Largo com apoio do N\u00facleo de Defesa do Patrim\u00f4nio (Nudepat) ajuizou a\u00e7\u00e3o civil p\u00fablica de responsabilidade por atos de improbidade administrativa em desfavor do delegado de Pol\u00edcia Civil Daniel Jos\u00e9 Galv\u00e3o Mayer, que atuou nas investiga\u00e7\u00f5es do homic\u00eddio do <span style=\"color: #000000;\"><span lang=\"pt-BR\">empres\u00e1rio<\/span><\/span> Kleber Malaquias ocorrido em julho de 2020. <\/span><\/p>\n<p class=\"western\" align=\"justify\"><span style=\"font-family: helvetica, arial, sans-serif; font-size: 12pt;\">Na a\u00e7\u00e3o, o Minist\u00e9rio P\u00fablico requer o afastamento do de<span style=\"color: #000000;\"><span lang=\"pt-BR\">legado<\/span><\/span> do cargo p\u00fablico pelo prazo de 90 dias, podendo este ser prorrogado por mais 90, em conformidade com o artigo 20, par\u00e1grafos 1\u00ba e 2\u00ba, da Lei de Improbidade Administrativa. Al\u00e9m disso <span style=\"color: #000000;\"><span lang=\"pt-BR\">pela <\/span><\/span>proibi\u00e7\u00e3o de exerc\u00edcio de qualquer fun\u00e7\u00e3o p\u00fablica durante este lapso temporal, bem como seja proibido de ingressar \/ permanecer em qualquer reparti\u00e7\u00e3o policial e manter qualquer tipo de comunica\u00e7\u00e3o (f\u00edsica ou eletr\u00f4nica) com a Pol\u00edcia Civil, como forma de dar efetividade \u00e0 medida cautelar requerida.<\/span><\/p>\n<p class=\"western\" align=\"justify\"><span style=\"font-family: helvetica, arial, sans-serif; font-size: 12pt;\">Foi requerida, tamb\u00e9m, <span style=\"color: #000000;\"><span lang=\"pt-BR\">a aplica\u00e7\u00e3o de <\/span><\/span> san\u00e7\u00f5es previstas na mencionada lei, penalizando-o com o pagamento de multa civil de at\u00e9 24 quatro vezes o valor da remunera\u00e7\u00e3o percebida pelo agente e proibi\u00e7\u00e3o de contratar com o poder p\u00fablico ou de receber benef\u00edcios ou incentivos fiscais ou credit\u00edcios, direta ou indiretamente, ainda que por interm\u00e9dio de pessoa jur\u00eddica da qual seja s\u00f3cio majorit\u00e1rio, pelo prazo n\u00e3o superior a quatro anos.<\/span><\/p>\n<p class=\"western\" align=\"justify\"><span style=\"font-family: helvetica, arial, sans-serif; font-size: 12pt;\">A a\u00e7\u00e3o \u00e9 justificada pela possibilidade de o delegado, mesmo afastado parcialmente por medida cautelar assumir algum cargo administrativo, o que contribuiria para a manuten\u00e7\u00e3o de sua influ\u00eancia sobre outros policiais civis. <\/span><\/p>\n<p class=\"western\" align=\"justify\"><span style=\"font-family: helvetica, arial, sans-serif; font-size: 12pt;\">\u00c9 ressaltado na a\u00e7\u00e3o que, pelos autos, a conduta do delegado configura ato de improbidade administrativa atentando contra os princ\u00edpios da Administra\u00e7\u00e3o P\u00fablica, especialmente a legalidade, a impessoalidade e a moralidade. <\/span><\/p>\n","protected":false},"excerpt":{"rendered":"<p> [&hellip;]<\/p>\n","protected":false},"author":8,"featured_media":21752,"comment_status":"open","ping_status":"open","sticky":false,"template":"","format":"standard","meta":{"om_disable_all_campaigns":false,"_monsterinsights_skip_tracking":false,"_monsterinsights_sitenote_active":false,"_monsterinsights_sitenote_note":"","_monsterinsights_sitenote_category":0,"_uf_show_specific_survey":0,"_uf_disable_surveys":false,"footnotes":""},"categories":[2],"tags":[],"class_list":["post-50450","post","type-post","status-publish","format-standard","has-post-thumbnail","hentry","category-not_mpal"],"aioseo_notices":[],"_links":{"self":[{"href":"https:\/\/www.mpal.mp.br\/index.php?rest_route=\/wp\/v2\/posts\/50450","targetHints":{"allow":["GET"]}}],"collection":[{"href":"https:\/\/www.mpal.mp.br\/index.php?rest_route=\/wp\/v2\/posts"}],"about":[{"href":"https:\/\/www.mpal.mp.br\/index.php?rest_route=\/wp\/v2\/types\/post"}],"author":[{"embeddable":true,"href":"https:\/\/www.mpal.mp.br\/index.php?rest_route=\/wp\/v2\/users\/8"}],"replies":[{"embeddable":true,"href":"https:\/\/www.mpal.mp.br\/index.php?rest_route=%2Fwp%2Fv2%2Fcomments&post=50450"}],"version-history":[{"count":1,"href":"https:\/\/www.mpal.mp.br\/index.php?rest_route=\/wp\/v2\/posts\/50450\/revisions"}],"predecessor-version":[{"id":50451,"href":"https:\/\/www.mpal.mp.br\/index.php?rest_route=\/wp\/v2\/posts\/50450\/revisions\/50451"}],"wp:featuredmedia":[{"embeddable":true,"href":"https:\/\/www.mpal.mp.br\/index.php?rest_route=\/wp\/v2\/media\/21752"}],"wp:attachment":[{"href":"https:\/\/www.mpal.mp.br\/index.php?rest_route=%2Fwp%2Fv2%2Fmedia&parent=50450"}],"wp:term":[{"taxonomy":"category","embeddable":true,"href":"https:\/\/www.mpal.mp.br\/index.php?rest_route=%2Fwp%2Fv2%2Fcategories&post=50450"},{"taxonomy":"post_tag","embeddable":true,"href":"https:\/\/www.mpal.mp.br\/index.php?rest_route=%2Fwp%2Fv2%2Ftags&post=50450"}],"curies":[{"name":"wp","href":"https:\/\/api.w.org\/{rel}","templated":true}]}}