{"id":50415,"date":"2024-12-03T09:22:26","date_gmt":"2024-12-03T12:22:26","guid":{"rendered":"https:\/\/www.mpal.mp.br\/?p=50415"},"modified":"2024-12-03T15:01:12","modified_gmt":"2024-12-03T18:01:12","slug":"ministerio-publico-participa-das-discussoes-do-ploa-2025-de-maceio-e-defende-recurso-para-seguranca-alimentar","status":"publish","type":"post","link":"https:\/\/www.mpal.mp.br\/?p=50415","title":{"rendered":"Minist\u00e9rio P\u00fablico participa das discuss\u00f5es do PLOA\/2025, de Macei\u00f3, e defende recurso para seguran\u00e7a alimentar"},"content":{"rendered":"<div class=\"fusion-fullwidth fullwidth-box fusion-builder-row-1 nonhundred-percent-fullwidth non-hundred-percent-height-scrolling\"  style='background-color: #ffffff;background-position: center center;background-repeat: no-repeat;padding-top:0px;padding-right:0px;padding-bottom:0px;padding-left:0px;'><div class=\"fusion-builder-row fusion-row \"><div  class=\"fusion-layout-column fusion_builder_column fusion_builder_column_1_1 fusion-builder-column-1 fusion-one-full fusion-column-first fusion-column-last 1_1\"  style='margin-top:0px;margin-bottom:0px;'>\n\t\t\t\t\t<div class=\"fusion-column-wrapper\" style=\"padding: 0px 0px 0px 0px;background-position:left top;background-repeat:no-repeat;-webkit-background-size:cover;-moz-background-size:cover;-o-background-size:cover;background-size:cover;\"   data-bg-url=\"\">\n\t\t\t\t\t\t<div class=\"fusion-text\"><p class=\"western\" align=\"justify\"><span style=\"font-family: helvetica, arial, sans-serif;\"><span style=\"color: #212529;\"><span style=\"font-size: large;\">Nesta segunda-feira (2), o Minist\u00e9rio P\u00fablico de Alagoas (MPAL) participou das discuss\u00f5es sobre os rumos e investimentos do or\u00e7amento de Macei\u00f3 para 2025, durante audi\u00eancia p\u00fablica ocorrida na C\u00e2mara Municipal de Macei\u00f3. Dentro do Projeto da Lei Or\u00e7ament\u00e1ria Anual (<\/span><\/span><span style=\"color: #212529;\"><span style=\"font-size: large;\">P<\/span><\/span><span style=\"color: #212529;\"><span style=\"font-size: large;\">LOA), a promotora de Justi\u00e7a dos Direitos Humanos, Alexandra Beurlen, defende<\/span><\/span><span style=\"color: #212529;\"><span style=\"font-size: large;\">u<\/span><\/span><span style=\"color: #212529;\"><span style=\"font-size: large;\"> recursos para os grupos vulnerabilizados, dando \u00eanfase \u00e0 seguran\u00e7a alimentar e <\/span><\/span><span style=\"color: #212529;\"><span style=\"font-size: large;\">a<\/span><\/span><span style=\"color: #212529;\"><span style=\"font-size: large;\">o direito de estar livre da fome.<\/span><\/span><\/span><\/p>\n<p class=\"western\" align=\"justify\"><span style=\"color: #212529; font-family: helvetica, arial, sans-serif;\"><span style=\"font-size: large;\">Beurlen ressaltou a responsabilidade dos vereadores no tocante \u00e0 destina\u00e7\u00e3o dos recursos a serem administrados em 2025, visto que o Poder Executivo j\u00e1 remeteu \u00e0 C\u00e2mara o Projeto de Lei.<\/span><\/span><\/p>\n<p class=\"western\" align=\"justify\"><span style=\"font-family: helvetica, arial, sans-serif;\"><span style=\"color: #212529;\">\u201c<span style=\"font-size: large;\">Para que atinjamos o m\u00ednimo de qualidade nos servi\u00e7os de assist\u00eancia social que j\u00e1 est\u00e3o em funcionamento, estamos atr\u00e1s<\/span><\/span> <span style=\"color: #212529;\"><span style=\"font-size: large;\">em dezenove milh\u00f5es, e dezenove milh\u00f5es parece muito, mas no universo de cinco bilh\u00f5es como foi apresentado aqui \u00e9 muito f\u00e1cil realocar. O que precisamos, de fato, \u00e9 das decis\u00f5es pol\u00edticas e, infelizmente, diante do Projeto de Lei apresentado, essa sobrecarga recai nos senhores vereadores, pois agora s\u00e3o voc\u00eas que devem apontar de onde saem esses recursos e n\u00e3o mais o Poder Executivo<\/span><\/span><span style=\"color: #212529;\"><span style=\"font-size: large;\">,<\/span><\/span><span style=\"color: #212529;\"><span style=\"font-size: large;\"> que j\u00e1 remeteu para esta casa sem explicar o d\u00e9ficit reconhecido em audi\u00eancia pelo pr\u00f3prio Munic\u00edpio<\/span><\/span><span style=\"color: #212529;\"><span style=\"font-size: large;\">,<\/span><\/span><span style=\"color: #212529;\"><span style=\"font-size: large;\"> por meio do or\u00e7amento apresentado ao Conselho que \u00e9 o F\u00f3rum<\/span><\/span><span style=\"color: #212529;\"><span style=\"font-size: large;\"> adequado<\/span><\/span><span style=\"color: #212529;\"><span style=\"font-size: large;\">\u201d, destac<\/span><\/span><span style=\"color: #212529;\"><span style=\"font-size: large;\">ou<\/span><\/span><span style=\"color: #212529;\"><span style=\"font-size: large;\">.<\/span><\/span><\/span><\/p>\n<p class=\"western\" align=\"justify\"><span style=\"font-family: helvetica, arial, sans-serif;\"><span style=\"color: #212529;\"><span style=\"font-size: large;\">A promotora de Justi\u00e7a enfatizou<\/span><\/span><span style=\"color: #212529;\"><span style=\"font-size: large;\">,<\/span><\/span><span style=\"color: #212529;\"><span style=\"font-size: large;\"> ainda<\/span><\/span><span style=\"color: #212529;\"><span style=\"font-size: large;\">,<\/span><\/span><span style=\"color: #212529;\"><span style=\"font-size: large;\"> que 32% das crian\u00e7as e adolescentes que residem na Orla Lagunar de Macei\u00f3 possuem \u00edndice de desnutri\u00e7\u00e3o. \u201cN\u00f3s temos a \u00c1frica em Macei\u00f3\u201d, disse Alexandra Beurlen. Al\u00e9m disso, mencionou em seu discurso que Macei\u00f3 tem o maior n\u00famero de analfabetismo entre as cidades acima de 500 mil habitantes, do Brasil.<\/span><\/span><\/span><\/p>\n<p class=\"western\" align=\"justify\"><span style=\"font-family: helvetica, arial, sans-serif;\"><span style=\"color: #212529;\"><span style=\"font-size: large;\"><br \/>\n<\/span><\/span><span style=\"font-size: large;\">\u201c<\/span><span style=\"color: #000000;\"><span style=\"font-size: large;\"><span lang=\"pt-BR\">S<\/span><\/span><\/span><span style=\"font-size: large;\">\u00e3o \u00edndices grav\u00edssimos e a decis\u00e3o de onde ser\u00e1 tirado recurso para fazer o equil\u00edbrio nas contas \u00e9 uma decis\u00e3o pol\u00edtica. Lamento que a responsabilidade venha para os ombros dos senhores, j\u00e1 que as decis\u00f5es pol\u00edticas claras, por meio do PL, como foi mostrado, priorizaram o urbano em detrimento ao humano. Enquanto existir uma crian\u00e7a com fome em Macei\u00f3, nenhuma luzinha deveria ser colocada em \u00e1rvore de natal<\/span><span style=\"font-size: large;\">. Q<\/span><span style=\"font-size: large;\">uem tem fome precisa de comida hoje e n\u00f3s temos fome em Macei\u00f3. As fomes est\u00e3o nas grotas, na orla lagunar, nas periferias<\/span><span style=\"font-size: large;\">,<\/span><span style=\"font-size: large;\"> que precisam sim de cultura, de pra\u00e7a, de educa\u00e7\u00e3o, mas que precisam de comida<\/span><span style=\"font-size: large;\">. E <\/span><span style=\"font-size: large;\">quais s\u00e3o os projetos de seguran\u00e7a alimentar? Vimos<\/span><span style=\"font-size: large;\">,<\/span><span style=\"font-size: large;\"> aqui<\/span><span style=\"font-size: large;\">,<\/span><span style=\"font-size: large;\"> que o Munic\u00edpio apontou redu\u00e7\u00e3o no or\u00e7amento da secretaria no \u00e2mbito da seguran\u00e7a alimentar e nutricional e \u00e9 imposs\u00edvel aderir a projetos de <\/span><span style=\"font-size: large;\"><i>Brasil sem Fome<\/i><\/span><span style=\"font-size: large;\"><i>,<\/i><\/span><span style=\"font-size: large;\"> quando se reduz o recurso no cuidado com a fome\u201d.\u00a0<\/span><\/span><\/p>\n<p class=\"western\" align=\"justify\"><span style=\"font-family: helvetica, arial, sans-serif;\"><span style=\"font-size: large;\">Houve por parte dos representantes do Poder Executivo apresenta\u00e7\u00e3o das etapas do processo or\u00e7ament\u00e1rio, abrindo par\u00eantese<\/span><span style=\"font-size: large;\">s<\/span><span style=\"font-size: large;\"> para um prov\u00e1vel cen\u00e1rio econ\u00f4mico em 2025, ressaltando a depend\u00eancia de recursos enviados pelo Governo Federal e afirmando que<\/span><span style=\"font-size: large;\">,<\/span><span style=\"font-size: large;\"> se forem reduzidos<\/span><span style=\"font-size: large;\">,<\/span><span style=\"font-size: large;\"> afetar\u00e1 diretamente o Munic\u00edpio. Refor\u00e7ando que o Munic\u00edpio n\u00e3o pode ter mais despesa que receita. <\/span><\/span><\/p>\n<p class=\"western\" align=\"justify\"><span style=\"font-family: helvetica, arial, sans-serif;\"><span style=\"font-size: large;\">No evento, presidido pelo vereador Jo\u00e3o Catunda, e que teve participa\u00e7\u00e3o de entidades e l\u00edderes comunit\u00e1rios, foi informado que a previs\u00e3o \u00e9 de que o Munic\u00edpio tenha R$ 5 bilh\u00f5es para investimentos, em todas as \u00e1reas, entre as obrigat\u00f3rias como a sa\u00fade e a educa\u00e7\u00e3o.<\/span><\/span><\/p>\n<h5 class=\"western\" align=\"justify\"><\/h5>\n<p>&nbsp;<\/p>\n<\/div><style type=\"text\/css\">.fusion-gallery-1 .fusion-gallery-image {border:0px solid #f6f6f6;-webkit-border-radius:5px;-moz-border-radius:5px;border-radius:5px;}<\/style><div class=\"fusion-gallery fusion-gallery-container fusion-grid-3 fusion-columns-total-0 fusion-gallery-layout-grid fusion-gallery-1\" style=\"margin:-5px;\"><div style=\"padding:5px;\" class=\"fusion-grid-column fusion-gallery-column fusion-gallery-column-3 hover-type-none\"><div class=\"fusion-gallery-image\"><a href=\"https:\/\/www.mpal.mp.br\/wp-content\/uploads\/2024\/12\/sessao-plenaria-2024-12-02-at-18.49-1.jpeg\" rel=\"noreferrer\" data-rel=\"iLightbox[gallery_image_1]\" class=\"fusion-lightbox\" target=\"_self\"><img loading=\"lazy\" decoding=\"async\" src=\"https:\/\/www.mpal.mp.br\/wp-content\/uploads\/2024\/12\/sessao-plenaria-2024-12-02-at-18.49-1.jpeg\" width=\"1600\" height=\"1066\" alt=\"\" title=\"sessao plenaria 2024-12-02 at 18.49 (1)\" aria-label=\"sessao plenaria 2024-12-02 at 18.49 (1)\" class=\"img-responsive wp-image-50414\" \/><\/a><\/div><\/div><div style=\"padding:5px;\" class=\"fusion-grid-column fusion-gallery-column fusion-gallery-column-3 hover-type-none\"><div class=\"fusion-gallery-image\"><a href=\"https:\/\/www.mpal.mp.br\/wp-content\/uploads\/2024\/12\/sessao-plenaria-2024-12-02-at-18.49-6.jpeg\" rel=\"noreferrer\" data-rel=\"iLightbox[gallery_image_1]\" class=\"fusion-lightbox\" target=\"_self\"><img loading=\"lazy\" decoding=\"async\" src=\"https:\/\/www.mpal.mp.br\/wp-content\/uploads\/2024\/12\/sessao-plenaria-2024-12-02-at-18.49-6.jpeg\" width=\"1600\" height=\"1066\" alt=\"\" title=\"sessao plenaria 2024-12-02 at 18.49 (6)\" aria-label=\"sessao plenaria 2024-12-02 at 18.49 (6)\" class=\"img-responsive wp-image-50412\" \/><\/a><\/div><\/div><div style=\"padding:5px;\" class=\"fusion-grid-column fusion-gallery-column fusion-gallery-column-3 hover-type-none\"><div class=\"fusion-gallery-image\"><a href=\"https:\/\/www.mpal.mp.br\/wp-content\/uploads\/2024\/12\/sessao-plenaria-2024-12-02-at-18.49-5.jpeg\" rel=\"noreferrer\" data-rel=\"iLightbox[gallery_image_1]\" class=\"fusion-lightbox\" target=\"_self\"><img loading=\"lazy\" decoding=\"async\" src=\"https:\/\/www.mpal.mp.br\/wp-content\/uploads\/2024\/12\/sessao-plenaria-2024-12-02-at-18.49-5.jpeg\" width=\"1600\" height=\"1066\" alt=\"\" title=\"sessao plenaria 2024-12-02 at 18.49 (5)\" aria-label=\"sessao plenaria 2024-12-02 at 18.49 (5)\" class=\"img-responsive wp-image-50411\" \/><\/a><\/div><\/div><div class=\"clearfix\"><\/div><div style=\"padding:5px;\" class=\"fusion-grid-column fusion-gallery-column fusion-gallery-column-3 hover-type-none\"><div class=\"fusion-gallery-image\"><a href=\"https:\/\/www.mpal.mp.br\/wp-content\/uploads\/2024\/12\/sessao-plenaria-2024-12-02-at-18.49-3.jpeg\" rel=\"noreferrer\" data-rel=\"iLightbox[gallery_image_1]\" class=\"fusion-lightbox\" target=\"_self\"><img loading=\"lazy\" decoding=\"async\" src=\"https:\/\/www.mpal.mp.br\/wp-content\/uploads\/2024\/12\/sessao-plenaria-2024-12-02-at-18.49-3.jpeg\" width=\"1600\" height=\"1066\" alt=\"\" title=\"sessao plenaria 2024-12-02 at 18.49 (3)\" aria-label=\"sessao plenaria 2024-12-02 at 18.49 (3)\" class=\"img-responsive wp-image-50409\" \/><\/a><\/div><\/div><div style=\"padding:5px;\" class=\"fusion-grid-column fusion-gallery-column fusion-gallery-column-3 hover-type-none\"><div class=\"fusion-gallery-image\"><a href=\"https:\/\/www.mpal.mp.br\/wp-content\/uploads\/2024\/12\/sessao-plenaria-2024-12-02-at-18.49-2.jpeg\" rel=\"noreferrer\" data-rel=\"iLightbox[gallery_image_1]\" class=\"fusion-lightbox\" target=\"_self\"><img loading=\"lazy\" decoding=\"async\" src=\"https:\/\/www.mpal.mp.br\/wp-content\/uploads\/2024\/12\/sessao-plenaria-2024-12-02-at-18.49-2.jpeg\" width=\"1600\" height=\"1066\" alt=\"\" title=\"sessao plenaria 2024-12-02 at 18.49 (2)\" aria-label=\"sessao plenaria 2024-12-02 at 18.49 (2)\" class=\"img-responsive wp-image-50408\" \/><\/a><\/div><\/div><\/div><div class=\"fusion-clearfix\"><\/div>\n\n\t\t\t\t\t<\/div>\n\t\t\t\t<\/div><\/div><\/div>\n","protected":false},"excerpt":{"rendered":"","protected":false},"author":8,"featured_media":50413,"comment_status":"open","ping_status":"open","sticky":false,"template":"","format":"standard","meta":{"om_disable_all_campaigns":false,"_monsterinsights_skip_tracking":false,"_monsterinsights_sitenote_active":false,"_monsterinsights_sitenote_note":"","_monsterinsights_sitenote_category":0,"_uf_show_specific_survey":0,"_uf_disable_surveys":false,"footnotes":""},"categories":[2],"tags":[],"class_list":["post-50415","post","type-post","status-publish","format-standard","has-post-thumbnail","hentry","category-not_mpal"],"aioseo_notices":[],"_links":{"self":[{"href":"https:\/\/www.mpal.mp.br\/index.php?rest_route=\/wp\/v2\/posts\/50415","targetHints":{"allow":["GET"]}}],"collection":[{"href":"https:\/\/www.mpal.mp.br\/index.php?rest_route=\/wp\/v2\/posts"}],"about":[{"href":"https:\/\/www.mpal.mp.br\/index.php?rest_route=\/wp\/v2\/types\/post"}],"author":[{"embeddable":true,"href":"https:\/\/www.mpal.mp.br\/index.php?rest_route=\/wp\/v2\/users\/8"}],"replies":[{"embeddable":true,"href":"https:\/\/www.mpal.mp.br\/index.php?rest_route=%2Fwp%2Fv2%2Fcomments&post=50415"}],"version-history":[{"count":2,"href":"https:\/\/www.mpal.mp.br\/index.php?rest_route=\/wp\/v2\/posts\/50415\/revisions"}],"predecessor-version":[{"id":50442,"href":"https:\/\/www.mpal.mp.br\/index.php?rest_route=\/wp\/v2\/posts\/50415\/revisions\/50442"}],"wp:featuredmedia":[{"embeddable":true,"href":"https:\/\/www.mpal.mp.br\/index.php?rest_route=\/wp\/v2\/media\/50413"}],"wp:attachment":[{"href":"https:\/\/www.mpal.mp.br\/index.php?rest_route=%2Fwp%2Fv2%2Fmedia&parent=50415"}],"wp:term":[{"taxonomy":"category","embeddable":true,"href":"https:\/\/www.mpal.mp.br\/index.php?rest_route=%2Fwp%2Fv2%2Fcategories&post=50415"},{"taxonomy":"post_tag","embeddable":true,"href":"https:\/\/www.mpal.mp.br\/index.php?rest_route=%2Fwp%2Fv2%2Ftags&post=50415"}],"curies":[{"name":"wp","href":"https:\/\/api.w.org\/{rel}","templated":true}]}}