{"id":50406,"date":"2024-12-03T11:59:34","date_gmt":"2024-12-03T14:59:34","guid":{"rendered":"https:\/\/www.mpal.mp.br\/?p=50406"},"modified":"2024-12-03T11:59:34","modified_gmt":"2024-12-03T14:59:34","slug":"ministerio-publico-promove-encontro-nacional-de-encarregados-pelo-tratamento-de-dados-pessoais","status":"publish","type":"post","link":"https:\/\/www.mpal.mp.br\/?p=50406","title":{"rendered":"Minist\u00e9rio P\u00fablico promove Encontro Nacional de Encarregados pelo Tratamento de Dados Pessoais"},"content":{"rendered":"<p align=\"justify\"><span style=\"font-family: helvetica, arial, sans-serif; font-size: 12pt; color: #333333;\">O Minist\u00e9rio P\u00fablico do Estado de Alagoas (MPAL) realizar\u00e1, na pr\u00f3xima sexta-feira (6), o 4\u00ba Encontro Nacional de Encarregados pelo Tratamento de Dados Pessoais. O evento, que vai reunir nomes brasileiros consagrados na tem\u00e1tica, a exemplo de Guilherme Martins, Daniela Cravo e Izaac Alencar, ser\u00e1 aberto ao p\u00fablico, e as inscri\u00e7\u00f5es poder\u00e3o ser feitas por meio do <a style=\"color: #333333;\" href=\"https:\/\/bit.ly\/EncontroTratamentoDados\">https:\/\/bit.ly\/EncontroTratamentoDados<\/a>. <\/span><\/p>\n<p align=\"justify\"><span style=\"font-family: helvetica, arial, sans-serif; font-size: 12pt; color: #333333;\">O Encontro tratar\u00e1 de temas relevantes sobre prote\u00e7\u00e3o de dados e a atua\u00e7\u00e3o do Minist\u00e9rio P\u00fablico. A palestra de abertura, &#8220;Discrimina\u00e7\u00e3o algor\u00edtmica, tutela coletiva e prote\u00e7\u00e3o de dados&#8221;, ser\u00e1 ministrada pelo professor Guilherme Martins, procurador de Justi\u00e7a do Minist\u00e9rio P\u00fablico do Estado do Rio de Janeiro, p\u00f3s-doutor em Direito Comercial pela USP e professor de Direito Civil da Faculdade de Direito da UFRJ. <\/span><\/p>\n<p align=\"justify\"><span style=\"color: #333333; font-family: helvetica, arial, sans-serif; font-size: 12pt;\">O evento ser\u00e1 realizado de forma presencial, no dia 6 de dezembro, a partir das 9h, no Audit\u00f3rio Procurador de Justi\u00e7a Edgar Valente de Lima Filho, no pr\u00e9dio-sede da Procuradoria-Geral de Justi\u00e7a. As inscri\u00e7\u00f5es s\u00e3o limitadas e dever\u00e3o ser garantidas pelo <a style=\"color: #333333;\" href=\"https:\/\/bit.ly\/EncontroTratamentoDados\">https:\/\/bit.ly\/EncontroTratamentoDados<\/a>. <\/span><\/p>\n<p align=\"justify\"><span style=\"font-family: helvetica, arial, sans-serif; font-size: 12pt; color: #333333;\">\u201cA Lei Geral de Prote\u00e7\u00e3o de Dados (LGPD), n\u00ba 13.709\/2018, \u00e9 um instrumento importante no tratamento de dados pessoais, que trata desde os princ\u00edpios que orientam essa prote\u00e7\u00e3o at\u00e9 a base legal que pode justificar o tratamento desses dados, al\u00e9m de falar sobre a fiscaliza\u00e7\u00e3o e responsabiliza\u00e7\u00e3o das partes envolvidas no processo. Ent\u00e3o, o que vamos fazer nesse encontro \u00e9 promover o aperfei\u00e7oamento do tema e mostrar como deve ser a atua\u00e7\u00e3o do Minist\u00e9rio P\u00fablico no tocante ao assunto\u201d, explicou o promotor de Justi\u00e7a Vicente Porci\u00fancula, presidente do Comit\u00ea Estrat\u00e9gico de Tecnologia da Informa\u00e7\u00e3o (CETI) do MPAL. <\/span><\/p>\n<p align=\"justify\"><strong><span style=\"color: #333333; font-family: helvetica, arial, sans-serif; font-size: 12pt;\">Confira a programa\u00e7\u00e3o:<\/span><\/strong><\/p>\n<p><span style=\"font-family: helvetica, arial, sans-serif; font-size: 12pt; color: #333333;\">9h \u2013 Abertura<\/span><\/p>\n<p><span style=\"font-family: helvetica, arial, sans-serif; font-size: 12pt; color: #333333;\">9h30 \u2013 Professor Guilherme Martins<\/span><br \/>\n<span style=\"font-family: helvetica, arial, sans-serif; font-size: 12pt; color: #333333;\">Tema palestra: &#8220;Discrimina\u00e7\u00e3o algor\u00edtmica, tutela coletiva e prote\u00e7\u00e3o de dados&#8221;. <\/span><br \/>\n<span style=\"font-family: helvetica, arial, sans-serif; font-size: 12pt; color: #333333;\">Mediadores: Carlos Teive Promotor de Justi\u00e7a do Estado de Santa Catarina;<\/span><br \/>\n<span style=\"font-family: helvetica, arial, sans-serif; font-size: 12pt; color: #333333;\">Vicente Porci\u00fancula, promotor de Justi\u00e7a do Estado de Alagoas<\/span><\/p>\n<p><span style=\"font-family: helvetica, arial, sans-serif; font-size: 12pt; color: #333333;\">10H45 \u2013 Professora Daniela Cravo<\/span><br \/>\n<span style=\"font-family: helvetica, arial, sans-serif; font-size: 12pt; color: #333333;\">Tema palestra: &#8220;O papel do Minist\u00e9rio P\u00fablico na adequa\u00e7\u00e3o dos Munic\u00edpios \u00e0 prote\u00e7\u00e3o de dados pessoais&#8221;. (\u00e0s 10:30hs).<\/span><br \/>\n<span style=\"font-family: helvetica, arial, sans-serif; font-size: 12pt; color: #333333;\">Mediador: Francisco de Carvalho Neto, promotor de Justi\u00e7a do Estado do Paran\u00e1 <\/span><\/p>\n<p><span style=\"font-family: helvetica, arial, sans-serif; font-size: 12pt; color: #333333;\">12h \u2013 intervalo<\/span><\/p>\n<p><span style=\"font-family: helvetica, arial, sans-serif; font-size: 12pt; color: #333333;\">14h \u2013 Professor Izaac Alencar<\/span><br \/>\n<span style=\"font-family: helvetica, arial, sans-serif; font-size: 12pt; color: #333333;\">Tema palestra: &#8220;Prote\u00e7\u00e3o de Dados Pessoais na Era da Intelig\u00eancia Artificial: Aspectos e Reflexos Interdisciplinares&#8221;. <\/span><br \/>\n<span style=\"font-family: helvetica, arial, sans-serif; font-size: 12pt; color: #333333;\">Mediador: Paulo Roberto Gon\u00e7alves Ishikawa, promotor de Justi\u00e7a do Mato Grosso do Sul<\/span><\/p>\n<p><span style=\"font-family: helvetica, arial, sans-serif; font-size: 12pt; color: #333333;\">14h45min \u2013 Professor Jos\u00e9 Faleiros J\u00fanior. (virtual) <\/span><br \/>\n<span style=\"font-family: helvetica, arial, sans-serif; font-size: 12pt; color: #333333;\">Tema palestra: &#8220;Tratamento e uso compartilhado de dados pessoais pelo Poder P\u00fablico: distin\u00e7\u00f5es e conceitos&#8221;. <\/span><br \/>\n<span style=\"font-family: helvetica, arial, sans-serif; font-size: 12pt; color: #333333;\">Mediador: Leonardo Andrade Macedo, procurador da Rep\u00fablica<\/span><\/p>\n<p><span style=\"font-family: helvetica, arial, sans-serif; font-size: 12pt; color: #333333;\">15h30 \u2013 Professor Jo\u00e3o Santa Terra<\/span><br \/>\n<span style=\"font-family: helvetica, arial, sans-serif; font-size: 12pt; color: #333333;\">Tema palestra: &#8220;Prote\u00e7\u00e3o de dados pessoais no \u00e2mbito da produ\u00e7\u00e3o de conhecimento e das atividades persecut\u00f3rias do Minist\u00e9rio P\u00fablico&#8221; <\/span><br \/>\n<span style=\"font-family: helvetica, arial, sans-serif; font-size: 12pt; color: #333333;\">Mediadora \u2013 Cl\u00e1udia Seabra, promotora de Justi\u00e7a do Estado do Piau\u00ed<\/span><\/p>\n","protected":false},"excerpt":{"rendered":"<p> [&hellip;]<\/p>\n","protected":false},"author":17,"featured_media":50417,"comment_status":"open","ping_status":"open","sticky":false,"template":"","format":"standard","meta":{"om_disable_all_campaigns":false,"_monsterinsights_skip_tracking":false,"_monsterinsights_sitenote_active":false,"_monsterinsights_sitenote_note":"","_monsterinsights_sitenote_category":0,"_uf_show_specific_survey":0,"_uf_disable_surveys":false,"footnotes":""},"categories":[2],"tags":[],"class_list":["post-50406","post","type-post","status-publish","format-standard","has-post-thumbnail","hentry","category-not_mpal"],"aioseo_notices":[],"_links":{"self":[{"href":"https:\/\/www.mpal.mp.br\/index.php?rest_route=\/wp\/v2\/posts\/50406","targetHints":{"allow":["GET"]}}],"collection":[{"href":"https:\/\/www.mpal.mp.br\/index.php?rest_route=\/wp\/v2\/posts"}],"about":[{"href":"https:\/\/www.mpal.mp.br\/index.php?rest_route=\/wp\/v2\/types\/post"}],"author":[{"embeddable":true,"href":"https:\/\/www.mpal.mp.br\/index.php?rest_route=\/wp\/v2\/users\/17"}],"replies":[{"embeddable":true,"href":"https:\/\/www.mpal.mp.br\/index.php?rest_route=%2Fwp%2Fv2%2Fcomments&post=50406"}],"version-history":[{"count":2,"href":"https:\/\/www.mpal.mp.br\/index.php?rest_route=\/wp\/v2\/posts\/50406\/revisions"}],"predecessor-version":[{"id":50418,"href":"https:\/\/www.mpal.mp.br\/index.php?rest_route=\/wp\/v2\/posts\/50406\/revisions\/50418"}],"wp:featuredmedia":[{"embeddable":true,"href":"https:\/\/www.mpal.mp.br\/index.php?rest_route=\/wp\/v2\/media\/50417"}],"wp:attachment":[{"href":"https:\/\/www.mpal.mp.br\/index.php?rest_route=%2Fwp%2Fv2%2Fmedia&parent=50406"}],"wp:term":[{"taxonomy":"category","embeddable":true,"href":"https:\/\/www.mpal.mp.br\/index.php?rest_route=%2Fwp%2Fv2%2Fcategories&post=50406"},{"taxonomy":"post_tag","embeddable":true,"href":"https:\/\/www.mpal.mp.br\/index.php?rest_route=%2Fwp%2Fv2%2Ftags&post=50406"}],"curies":[{"name":"wp","href":"https:\/\/api.w.org\/{rel}","templated":true}]}}