{"id":50385,"date":"2024-12-02T15:12:26","date_gmt":"2024-12-02T18:12:26","guid":{"rendered":"https:\/\/www.mpal.mp.br\/?p=50385"},"modified":"2024-12-02T17:43:58","modified_gmt":"2024-12-02T20:43:58","slug":"procurador-geral-de-justica-apoia-indicacao-de-marluce-caldas-ao-stj","status":"publish","type":"post","link":"https:\/\/www.mpal.mp.br\/?p=50385","title":{"rendered":"Procurador-geral de Justi\u00e7a apoia indica\u00e7\u00e3o de Marluce Caldas ao STJ"},"content":{"rendered":"<p style=\"text-align: justify;\"><span style=\"font-family: helvetica, arial, sans-serif; font-size: 12pt;\">O procurador-geral de Justi\u00e7a e presidente do Col\u00e9gio de Procuradores de Justi\u00e7a de Alagoas, Lean Ant\u00f4nio Ferreira de Ara\u00fajo, enviou ao presidente da Rep\u00fablica, Luiz In\u00e1cio Lula da Silva, um of\u00edcio destacando a candidatura da procuradora de Justi\u00e7a Maria Marluce Caldas Bezerra ao cargo de ministra do Superior Tribunal de Justi\u00e7a (STJ). A decis\u00e3o foi deliberada pelo Col\u00e9gio de Procuradores de Justi\u00e7a do MPAL.\u00a0<\/span><\/p>\n<p>&nbsp;<\/p>\n<p style=\"text-align: justify;\"><span style=\"font-family: helvetica, arial, sans-serif; font-size: 12pt;\">No documento, Lean Ara\u00fajo destacou a trajet\u00f3ria de 37 anos da procuradora de Justi\u00e7a Marluce Caldas no Minist\u00e9rio P\u00fablico, marcada pela defesa dos mais vulner\u00e1veis e pelo combate \u00e0 injusti\u00e7a social. Ele tamb\u00e9m ressaltou o pioneirismo de Marluce, que foi a primeira promotora de Justi\u00e7a a atuar no Tribunal do J\u00fari em Macei\u00f3 e a primeira mulher a coordenar o N\u00facleo de Pesquisa Jur\u00eddica do CESMAC.<\/span><\/p>\n<p style=\"text-align: justify;\"><span style=\"font-family: helvetica, arial, sans-serif; font-size: 12pt;\">A procuradora tamb\u00e9m ocupou cargos de destaque, como os de Secret\u00e1ria de Estado da Mulher, da Cidadania e dos Direitos Humanos e Secret\u00e1ria do Emprego e Renda de Alagoas, al\u00e9m de ter experi\u00eancia acad\u00eamica como professora universit\u00e1ria e forma\u00e7\u00e3o s\u00f3lida em Direito Constitucional e Processual.<\/span><\/p>\n<p style=\"text-align: justify;\"><span style=\"font-family: helvetica, arial, sans-serif; font-size: 12pt;\">\u201cA trajet\u00f3ria da procuradora de Justi\u00e7a Marluce Caldas \u00e9 um exemplo de luta pela justi\u00e7a e pelo fortalecimento dos direitos fundamentais no Brasil. Sua indica\u00e7\u00e3o seria um marco para o reconhecimento do trabalho realizado por mulheres no campo jur\u00eddico, especialmente no Nordeste\u201d, afirmou Lean Ara\u00fajo.<\/span><\/p>\n<p style=\"text-align: justify;\"><span style=\"font-family: helvetica, arial, sans-serif; font-size: 12pt;\">O nome de Marluce Caldas agora segue para aprecia\u00e7\u00e3o do presidente da Rep\u00fablica, que decidir\u00e1 quem ocupar\u00e1 a vaga do Quinto Constitucional no STJ.<\/span><\/p>\n","protected":false},"excerpt":{"rendered":"<p> [&hellip;]<\/p>\n","protected":false},"author":20,"featured_media":48632,"comment_status":"open","ping_status":"open","sticky":false,"template":"","format":"standard","meta":{"om_disable_all_campaigns":false,"_monsterinsights_skip_tracking":false,"_monsterinsights_sitenote_active":false,"_monsterinsights_sitenote_note":"","_monsterinsights_sitenote_category":0,"_uf_show_specific_survey":0,"_uf_disable_surveys":false,"footnotes":""},"categories":[2],"tags":[],"class_list":["post-50385","post","type-post","status-publish","format-standard","has-post-thumbnail","hentry","category-not_mpal"],"aioseo_notices":[],"_links":{"self":[{"href":"https:\/\/www.mpal.mp.br\/index.php?rest_route=\/wp\/v2\/posts\/50385","targetHints":{"allow":["GET"]}}],"collection":[{"href":"https:\/\/www.mpal.mp.br\/index.php?rest_route=\/wp\/v2\/posts"}],"about":[{"href":"https:\/\/www.mpal.mp.br\/index.php?rest_route=\/wp\/v2\/types\/post"}],"author":[{"embeddable":true,"href":"https:\/\/www.mpal.mp.br\/index.php?rest_route=\/wp\/v2\/users\/20"}],"replies":[{"embeddable":true,"href":"https:\/\/www.mpal.mp.br\/index.php?rest_route=%2Fwp%2Fv2%2Fcomments&post=50385"}],"version-history":[{"count":3,"href":"https:\/\/www.mpal.mp.br\/index.php?rest_route=\/wp\/v2\/posts\/50385\/revisions"}],"predecessor-version":[{"id":50388,"href":"https:\/\/www.mpal.mp.br\/index.php?rest_route=\/wp\/v2\/posts\/50385\/revisions\/50388"}],"wp:featuredmedia":[{"embeddable":true,"href":"https:\/\/www.mpal.mp.br\/index.php?rest_route=\/wp\/v2\/media\/48632"}],"wp:attachment":[{"href":"https:\/\/www.mpal.mp.br\/index.php?rest_route=%2Fwp%2Fv2%2Fmedia&parent=50385"}],"wp:term":[{"taxonomy":"category","embeddable":true,"href":"https:\/\/www.mpal.mp.br\/index.php?rest_route=%2Fwp%2Fv2%2Fcategories&post=50385"},{"taxonomy":"post_tag","embeddable":true,"href":"https:\/\/www.mpal.mp.br\/index.php?rest_route=%2Fwp%2Fv2%2Ftags&post=50385"}],"curies":[{"name":"wp","href":"https:\/\/api.w.org\/{rel}","templated":true}]}}