{"id":50383,"date":"2024-12-02T12:37:12","date_gmt":"2024-12-02T15:37:12","guid":{"rendered":"https:\/\/www.mpal.mp.br\/?p=50383"},"modified":"2024-12-03T14:05:38","modified_gmt":"2024-12-03T17:05:38","slug":"delmiro-em-audiencia-com-mpal-municipio-se-compromete-a-assistir-dignamente-alunos-com-deficiencia","status":"publish","type":"post","link":"https:\/\/www.mpal.mp.br\/?p=50383","title":{"rendered":"Delmiro: Em audi\u00eancia com MPAL, Munic\u00edpio se compromete a assistir dignamente alunos com defici\u00eancia"},"content":{"rendered":"<p class=\"western\" align=\"justify\"><span style=\"font-family: helvetica, arial, sans-serif;\">Em desdobramento das a\u00e7\u00f5es ajuizadas pelo Minist\u00e9rio P\u00fablico de Alagoas (MPAL), por meio da 1\u00aa Promotoria de Justi\u00e7a de Delmiro Gouveia, em desfavor do Munic\u00edpio, visando uma assist\u00eancia digna para crian\u00e7as e adolescentes com defici\u00eancia e matriculadas na rede p\u00fablica de ensino, as partes envolvidas chegaram a um consenso ap\u00f3s audi\u00eancia ocorrida na ter\u00e7a-feira (26). Os gestores se comprometeram a adotar provid\u00eancias mediante os requerimentos feitos pela autoridade ministerial.<\/span><\/p>\n<p class=\"western\" align=\"justify\"><span style=\"font-family: helvetica, arial, sans-serif;\">O promotor de Justi\u00e7a Denis Guimar\u00e3es, titular da 1\u00aa Promotoria de Justi\u00e7a de Delmiro Gouveia, havia, em 2023, entrado com processo judicial com tutela de urg\u00eancia para evitar preju\u00edzos no desenvolvimento de 55 crian\u00e7as.<\/span><\/p>\n<p class=\"western\" align=\"justify\"><span style=\"font-family: helvetica, arial, sans-serif;\">\u201cEra inconceb\u00edvel crian\u00e7as e adolescentes <span style=\"color: #000000;\"><span style=\"font-size: medium;\"><span lang=\"pt-BR\">com defici\u00eancias diversas<\/span><\/span><\/span>, sem profissionais especializados, habilitados para atender todas as necessidades desses meninos e meninas que t\u00eam total depend\u00eancia. Enfim, o Munic\u00edpio agora entendeu suas obriga\u00e7\u00f5es e decidiu cumprir a determina\u00e7\u00e3o judicial. Em nosso \u00faltimo pedido solicitamos, inclusive, o bloqueio de contas para garantir o custeio das mensalidades em escolas particulares, mas que, diante da nova postura adota, n\u00e3o ser\u00e1 necess\u00e1rio por ora\u201d., exp\u00f5e o promotor de Justi\u00e7a.<\/span><\/p>\n<p class=\"western\" align=\"justify\"><span style=\"font-family: helvetica, arial, sans-serif;\"><b>Acordado<\/b><\/span><\/p>\n<p class=\"western\" align=\"justify\"><span style=\"font-family: helvetica, arial, sans-serif;\">Um dos pontos bastante tocado tanto nos autos, quanto durante a reuni\u00e3o, diz respeito \u00e0 contrata\u00e7\u00e3o imediata de at\u00e9 20 profissionais de educa\u00e7\u00e3o de atendimento especializado, pois h\u00e1 casos em que, meninos e meninas <span style=\"color: #000000;\"><span style=\"font-size: medium;\"><span lang=\"pt-BR\">deficientes<\/span><\/span><\/span> n\u00e3o recebem a aten\u00e7\u00e3o adequada. Ficou decidido que tais contrata\u00e7\u00f5es ser\u00e3o feitas de forma direta pelo Munic\u00edpio e poder\u00e3o se estender at\u00e9 fevereiro de 2025. Quanto aos profissionais temporariamente contratados, vale lembrar que h\u00e1 crit\u00e9rios, um deles \u00e9 ter cursado o Ensino M\u00e9dio devendo possuir ao menos ensino m\u00e9dio completo.<\/span><\/p>\n<p class=\"western\" align=\"justify\"><span style=\"font-family: helvetica, arial, sans-serif;\">Questionado sobre salas de atendimento especializado, o Munic\u00edpio informou j\u00e1 existir Salas de Atendimento Educacional Especializado (AEE) em todos as unidades escolares. No entanto, foi pedido que seja juntado aos autos uma lista com refer\u00eancia das salas, elencando os profissionais que atuam, bem como a rela\u00e7\u00e3o de alunos beneficiados com o referido suporte. O Munic\u00edpio j\u00e1 disponibilizou tais informa\u00e7\u00f5es nessa segunda-feira, dia 02.<\/span><\/p>\n<p class=\"western\" align=\"justify\"><span style=\"font-family: helvetica, arial, sans-serif;\">Outrossim, atendendo a mais um pedido do Minist\u00e9rio P\u00fablico, o Munic\u00edpio assumiu o compromisso de ter em seu quadro de pessoal, permanentemente, o quantitativo suficiente de professores auxiliares habilitados para assist\u00eancia pedag\u00f3gica individualizada em sala de aula comum e profissionais de apoio escolar que deem suporte para alimenta\u00e7\u00e3o, higieniza\u00e7\u00e3o e locomo\u00e7\u00e3o nos estabelecimentos de ensino. Esse atendimento \u00e9 exclusivo para os alunos da rede municipal que t\u00eam depend\u00eancia mais elevada.<\/span><\/p>\n","protected":false},"excerpt":{"rendered":"<p> [&hellip;]<\/p>\n","protected":false},"author":8,"featured_media":22381,"comment_status":"open","ping_status":"open","sticky":false,"template":"","format":"standard","meta":{"om_disable_all_campaigns":false,"_monsterinsights_skip_tracking":false,"_monsterinsights_sitenote_active":false,"_monsterinsights_sitenote_note":"","_monsterinsights_sitenote_category":0,"_uf_show_specific_survey":0,"_uf_disable_surveys":false,"footnotes":""},"categories":[1],"tags":[],"class_list":["post-50383","post","type-post","status-publish","format-standard","has-post-thumbnail","hentry","category-sem-categoria"],"aioseo_notices":[],"_links":{"self":[{"href":"https:\/\/www.mpal.mp.br\/index.php?rest_route=\/wp\/v2\/posts\/50383","targetHints":{"allow":["GET"]}}],"collection":[{"href":"https:\/\/www.mpal.mp.br\/index.php?rest_route=\/wp\/v2\/posts"}],"about":[{"href":"https:\/\/www.mpal.mp.br\/index.php?rest_route=\/wp\/v2\/types\/post"}],"author":[{"embeddable":true,"href":"https:\/\/www.mpal.mp.br\/index.php?rest_route=\/wp\/v2\/users\/8"}],"replies":[{"embeddable":true,"href":"https:\/\/www.mpal.mp.br\/index.php?rest_route=%2Fwp%2Fv2%2Fcomments&post=50383"}],"version-history":[{"count":1,"href":"https:\/\/www.mpal.mp.br\/index.php?rest_route=\/wp\/v2\/posts\/50383\/revisions"}],"predecessor-version":[{"id":50384,"href":"https:\/\/www.mpal.mp.br\/index.php?rest_route=\/wp\/v2\/posts\/50383\/revisions\/50384"}],"wp:featuredmedia":[{"embeddable":true,"href":"https:\/\/www.mpal.mp.br\/index.php?rest_route=\/wp\/v2\/media\/22381"}],"wp:attachment":[{"href":"https:\/\/www.mpal.mp.br\/index.php?rest_route=%2Fwp%2Fv2%2Fmedia&parent=50383"}],"wp:term":[{"taxonomy":"category","embeddable":true,"href":"https:\/\/www.mpal.mp.br\/index.php?rest_route=%2Fwp%2Fv2%2Fcategories&post=50383"},{"taxonomy":"post_tag","embeddable":true,"href":"https:\/\/www.mpal.mp.br\/index.php?rest_route=%2Fwp%2Fv2%2Ftags&post=50383"}],"curies":[{"name":"wp","href":"https:\/\/api.w.org\/{rel}","templated":true}]}}