{"id":50333,"date":"2024-11-28T17:28:26","date_gmt":"2024-11-28T20:28:26","guid":{"rendered":"https:\/\/www.mpal.mp.br\/?p=50333"},"modified":"2024-11-28T17:28:26","modified_gmt":"2024-11-28T20:28:26","slug":"mpal-mpf-e-dpu-firmam-acordo-judicial-para-intervencao-na-gestao-do-hospital-veredas-em-alagoas","status":"publish","type":"post","link":"https:\/\/www.mpal.mp.br\/?p=50333","title":{"rendered":"MPAL, MPF e DPU firmam acordo judicial para interven\u00e7\u00e3o na gest\u00e3o do Hospital Veredas em Alagoas"},"content":{"rendered":"<p style=\"text-align: justify;\" align=\"left\"><span style=\"font-family: helvetica, arial, sans-serif;\">Um Termo de Ajustamento de Conduta (TAC) foi firmado, na tarde desta quinta-feira (28), entre o Minist\u00e9rio P\u00fablico do Estado de Alagoas (MPAL), por meio da 24\u00aa Promotoria de Funda\u00e7\u00f5es, o Minist\u00e9rio P\u00fablico Federal (MPF) e a Defensoria P\u00fablica da Uni\u00e3o (DPU) com a Funda\u00e7\u00e3o Hospital da Agroind\u00fastria do A\u00e7\u00facar e do \u00c1lcool de Alagoas (Hospital Veredas) com o objetivo de promover uma interven\u00e7\u00e3o na gest\u00e3o da institui\u00e7\u00e3o hospitalar. O acordo ocorreu no \u00e2mbito da a\u00e7\u00e3o civil p\u00fablica ajuizada pelo MPF e pela DPU e ser\u00e1 homologado pela Justi\u00e7a Federal.<\/span><\/p>\n<p style=\"text-align: justify;\" align=\"left\"><span style=\"font-family: helvetica, arial, sans-serif;\">Dentre as cl\u00e1usulas previstas no TAC, consta que a interven\u00e7\u00e3o na gest\u00e3o do Hospital Veredas ser\u00e1 realizada por uma gestora especializada contratada ap\u00f3s an\u00e1lise e concord\u00e2ncia dos MPs e da Defensoria. Ela assumir\u00e1 a administra\u00e7\u00e3o da unidade de sa\u00fade com autonomia operacional e administrativa.<\/span><\/p>\n<p style=\"text-align: justify;\" align=\"left\"><span style=\"font-family: helvetica, arial, sans-serif;\">O Munic\u00edpio de Macei\u00f3 e o Estado de Alagoas atuar\u00e3o como intervenientes anuentes no compromisso. A gest\u00e3o do hospital ser\u00e1 supervisionada por uma Comiss\u00e3o Interventora, composta por um representante do Munic\u00edpio, um do Estado e um do Hospital Veredas, garantindo que as a\u00e7\u00f5es sejam conduzidas de maneira alinhada aos interesses p\u00fablicos e aos objetivos da interven\u00e7\u00e3o.<\/span><\/p>\n<p style=\"text-align: justify;\" align=\"left\"><span style=\"font-family: helvetica, arial, sans-serif;\">Caber\u00e1 a essa gestora, por exemplo, elaborar e implementar um plano de reestrutura\u00e7\u00e3o para melhorar as opera\u00e7\u00f5es do hospital, manter uma gest\u00e3o financeira sustent\u00e1vel e realizar controle de qualidade nos servi\u00e7os prestados.<\/span><\/p>\n<p style=\"text-align: justify;\" align=\"left\"><span style=\"font-family: helvetica, arial, sans-serif;\">Tal gestora tamb\u00e9m ter\u00e1 que elaborar relat\u00f3rios peri\u00f3dicos sobre as atividades realizadas e encaminh\u00e1-los \u00e0 Comiss\u00e3o Interventora, ao MPAL, ao MPF e \u00e0 DPU, bem como aos outros \u00f3rg\u00e3os respons\u00e1veis.<\/span><\/p>\n<p style=\"text-align: justify;\" align=\"left\"><span style=\"font-family: helvetica, arial, sans-serif;\">A a\u00e7\u00e3o foi ajuizada visando melhorar a efici\u00eancia, a transpar\u00eancia e a qualidade dos servi\u00e7os de sa\u00fade prestados pela unidade hospitalar ao Sistema \u00danico de Sa\u00fade (SUS).<\/span><\/p>\n<p style=\"text-align: justify;\" align=\"left\"><span style=\"font-family: helvetica, arial, sans-serif;\"><b>Multas e Penalidades<\/b><\/span><\/p>\n<p style=\"text-align: justify;\" align=\"left\"><span style=\"font-family: helvetica, arial, sans-serif;\">Em havendo descumprimento das obriga\u00e7\u00f5es previstas no TAC, haver\u00e1 a aplica\u00e7\u00e3o de multas ao Veredas. Caso a Funda\u00e7\u00e3o n\u00e3o cumpra as obriga\u00e7\u00f5es dentro do prazo estabelecido, ela estar\u00e1 sujeita ao pagamento de multa di\u00e1ria. J\u00e1 se o descumprimento ocorrer em rela\u00e7\u00e3o \u00e0s obriga\u00e7\u00f5es centrais da interven\u00e7\u00e3o e da gest\u00e3o do hospital, o valor da multa ser\u00e1 triplicado.<\/span><\/p>\n<p style=\"text-align: justify;\" align=\"left\"><span style=\"font-family: helvetica, arial, sans-serif;\">Em caso de descumprimento das obriga\u00e7\u00f5es, o MPAL, o MPF e a DPU poder\u00e3o buscar a execu\u00e7\u00e3o judicial para garantir o cumprimento das obriga\u00e7\u00f5es e o pagamento das penalidades.<\/span><\/p>\n<p style=\"text-align: justify;\" align=\"left\"><span style=\"font-family: helvetica, arial, sans-serif;\"><b>Objetivo da Interven\u00e7\u00e3o <\/b><\/span><\/p>\n<p style=\"text-align: justify;\" align=\"left\"><span style=\"font-family: helvetica, arial, sans-serif;\">A interven\u00e7\u00e3o visa melhorar a gest\u00e3o do Hospital Veredas, assegurando que a institui\u00e7\u00e3o ofere\u00e7a um atendimento de sa\u00fade de qualidade e com transpar\u00eancia. Tamb\u00e9m busca garantir que os recursos p\u00fablicos sejam utilizados de maneira eficiente, de modo que o hospital atinja seu objetivo principal que \u00e9 o de prestar integralmente os servi\u00e7os de sa\u00fade contratualizados com Estado e Munic\u00edpio.<\/span><\/p>\n<p style=\"text-align: justify;\" align=\"left\"><span style=\"font-family: helvetica, arial, sans-serif;\">Pelo MPAL, o TAC foi assinado pelo procurador-geral de Justi\u00e7a, Lean Ara\u00fajo, pelo promotor de Justi\u00e7a de Funda\u00e7\u00f5es, Givaldo Lessa, e pelos promotores da Sa\u00fade P\u00fablica Estadual e Municipal, Micheline Ten\u00f3rio e Luciano Romero. Pelo MPF, constam as assinaturas dos procuradores da Rep\u00fablica Bruno Lamenha, J\u00falia Cadete e Roberta Bomfim, e, por fim, assinou o documento Diego Alves, defensor p\u00fablico da Uni\u00e3o.<\/span><\/p>\n<p style=\"text-align: justify;\" align=\"left\"><span style=\"font-family: helvetica, arial, sans-serif;\">A Funda\u00e7\u00e3o Hospital da Agroind\u00fastria do A\u00e7\u00facar e do \u00c1lcool de Alagoas, conhecida como Hospital Veredas, \u00e9 uma entidade de direito privado que presta servi\u00e7os hospitalares \u00e0 popula\u00e7\u00e3o, por meio de contratualiza\u00e7\u00f5es com o poder p\u00fablico, al\u00e9m dos planos de sa\u00fade complementar. A interven\u00e7\u00e3o busca aprimorar a administra\u00e7\u00e3o do hospital e melhorar os servi\u00e7os de sa\u00fade oferecidos \u00e0 comunidade de Alagoas. <\/span><\/p>\n<p style=\"text-align: justify;\" align=\"left\"><span style=\"font-family: helvetica, arial, sans-serif;\">*Com informa\u00e7\u00f5es do MPF.<\/span><\/p>\n","protected":false},"excerpt":{"rendered":"<p> [&hellip;]<\/p>\n","protected":false},"author":17,"featured_media":35569,"comment_status":"open","ping_status":"open","sticky":false,"template":"","format":"standard","meta":{"om_disable_all_campaigns":false,"_monsterinsights_skip_tracking":false,"_monsterinsights_sitenote_active":false,"_monsterinsights_sitenote_note":"","_monsterinsights_sitenote_category":0,"_uf_show_specific_survey":0,"_uf_disable_surveys":false,"footnotes":""},"categories":[2],"tags":[],"class_list":["post-50333","post","type-post","status-publish","format-standard","has-post-thumbnail","hentry","category-not_mpal"],"aioseo_notices":[],"_links":{"self":[{"href":"https:\/\/www.mpal.mp.br\/index.php?rest_route=\/wp\/v2\/posts\/50333","targetHints":{"allow":["GET"]}}],"collection":[{"href":"https:\/\/www.mpal.mp.br\/index.php?rest_route=\/wp\/v2\/posts"}],"about":[{"href":"https:\/\/www.mpal.mp.br\/index.php?rest_route=\/wp\/v2\/types\/post"}],"author":[{"embeddable":true,"href":"https:\/\/www.mpal.mp.br\/index.php?rest_route=\/wp\/v2\/users\/17"}],"replies":[{"embeddable":true,"href":"https:\/\/www.mpal.mp.br\/index.php?rest_route=%2Fwp%2Fv2%2Fcomments&post=50333"}],"version-history":[{"count":1,"href":"https:\/\/www.mpal.mp.br\/index.php?rest_route=\/wp\/v2\/posts\/50333\/revisions"}],"predecessor-version":[{"id":50334,"href":"https:\/\/www.mpal.mp.br\/index.php?rest_route=\/wp\/v2\/posts\/50333\/revisions\/50334"}],"wp:featuredmedia":[{"embeddable":true,"href":"https:\/\/www.mpal.mp.br\/index.php?rest_route=\/wp\/v2\/media\/35569"}],"wp:attachment":[{"href":"https:\/\/www.mpal.mp.br\/index.php?rest_route=%2Fwp%2Fv2%2Fmedia&parent=50333"}],"wp:term":[{"taxonomy":"category","embeddable":true,"href":"https:\/\/www.mpal.mp.br\/index.php?rest_route=%2Fwp%2Fv2%2Fcategories&post=50333"},{"taxonomy":"post_tag","embeddable":true,"href":"https:\/\/www.mpal.mp.br\/index.php?rest_route=%2Fwp%2Fv2%2Ftags&post=50333"}],"curies":[{"name":"wp","href":"https:\/\/api.w.org\/{rel}","templated":true}]}}