{"id":50328,"date":"2024-11-28T15:06:42","date_gmt":"2024-11-28T18:06:42","guid":{"rendered":"https:\/\/www.mpal.mp.br\/?p=50328"},"modified":"2024-11-28T15:07:03","modified_gmt":"2024-11-28T18:07:03","slug":"projeto-recomecar-do-mpal-e-fruto-de-convenio-entre-senac-alagoas-e-prefeitura-de-rio-largo-para-capacitacao-profissional-gratuita","status":"publish","type":"post","link":"https:\/\/www.mpal.mp.br\/?p=50328","title":{"rendered":"Projeto Recome\u00e7ar do MPAL \u00e9 fruto de conv\u00eanio entre Senac Alagoas e Prefeitura de Rio Largo para capacita\u00e7\u00e3o profissional gratuita"},"content":{"rendered":"<p style=\"text-align: justify;\"><span style=\"font-family: helvetica, arial, sans-serif; font-size: 12pt;\">O Projeto Recome\u00e7ar, do Minist\u00e9rio P\u00fablico do Estado de Alagoas (MPAL), foi fruto de um conv\u00eanio entre o Senac Alagoas e a Prefeitura de Rio Largo, com o objetivo de oferecer capacita\u00e7\u00e3o profissional gratuita a jovens em situa\u00e7\u00e3o de vulnerabilidade social, especialmente adolescentes que cumprem medidas socioeducativas. A iniciativa visa prepar\u00e1-los para o mercado de trabalho, por meio de cursos de Forma\u00e7\u00e3o Inicial e Continuada (FIC), ampliando suas oportunidades de qualifica\u00e7\u00e3o e inser\u00e7\u00e3o profissional na regi\u00e3o, atrav\u00e9s do Programa Senac de Gratuidade (PSG).<\/span><\/p>\n<p style=\"text-align: justify;\"><span style=\"font-family: helvetica, arial, sans-serif; font-size: 12pt;\">O conv\u00eanio ter\u00e1 vig\u00eancia de 12 meses, permitindo que as a\u00e7\u00f5es desenvolvidas impactem a comunidade ao longo de um ano.<\/span><\/p>\n<p style=\"text-align: justify;\"><span style=\"font-family: helvetica, arial, sans-serif; font-size: 12pt;\">O Senac Alagoas ficar\u00e1 respons\u00e1vel pela publica\u00e7\u00e3o dos editais com os cursos e vagas dispon\u00edveis, al\u00e9m de fornecer instrutores, materiais did\u00e1ticos e, se for o caso, acesso \u00e0s plataformas de ensino online.<\/span><\/p>\n<p style=\"text-align: justify;\"><span style=\"font-family: helvetica, arial, sans-serif; font-size: 12pt;\">A Prefeitura de Rio Largo ser\u00e1 respons\u00e1vel pela divulga\u00e7\u00e3o dos editais, capta\u00e7\u00e3o de candidatos e orienta\u00e7\u00e3o sobre os pr\u00e9-requisitos para matr\u00edcula. Tamb\u00e9m fornecer\u00e1 a infraestrutura necess\u00e1ria para as aulas, como energia el\u00e9trica, internet, banheiros e \u00e1gua pot\u00e1vel, al\u00e9m de zelar pela manuten\u00e7\u00e3o e seguran\u00e7a da Carreta-escola, se for utilizada.<\/span><\/p>\n<p style=\"text-align: justify;\"><span style=\"font-family: helvetica, arial, sans-serif; font-size: 12pt;\">Para o promotor de Justi\u00e7a Kleber Valadares, da 1\u00aa Promotoria de Justi\u00e7a de Rio Largo, essa \u00e9 uma oportunidade significativa para que esses jovens possam construir um futuro promissor. \u201cVejo essa iniciativa como um ponto de partida para que eles tenham a chance de ingressar no mercado de trabalho, conquistar uma vida digna e realizar seus sonhos\u201d, destacou.<\/span><\/p>\n<h4 class=\"western\" style=\"text-align: justify;\"><span style=\"font-family: helvetica, arial, sans-serif; font-size: 12pt;\">Transforma\u00e7\u00e3o social com o projeto Recome\u00e7ar<\/span><\/h4>\n<p style=\"text-align: justify;\"><span style=\"font-family: helvetica, arial, sans-serif; font-size: 12pt;\">O projeto Recome\u00e7ar, iniciativa dos promotores de Justi\u00e7a Viviane Karla e Maur\u00edcio Wanderley, tem impactado positivamente a vida de jovens em situa\u00e7\u00e3o de vulnerabilidade, oferecendo oportunidades reais de qualifica\u00e7\u00e3o profissional e reintegra\u00e7\u00e3o social. A iniciativa transforma realidades, ampliando as perspectivas de futuro e permitindo que muitos participantes conquistem coloca\u00e7\u00f5es no mercado de trabalho.<\/span><\/p>\n<p style=\"text-align: justify;\"><span style=\"font-family: helvetica, arial, sans-serif; font-size: 12pt;\">Os cursos ofertados e os crit\u00e9rios de participa\u00e7\u00e3o ser\u00e3o divulgados em breve, por meio de editais. A expectativa \u00e9 de que o conv\u00eanio beneficie centenas de pessoas, fortalecendo a cidadania e o acesso ao mercado de trabalho.<\/span><\/p>\n<p>Imagem: Freepik<\/p>\n","protected":false},"excerpt":{"rendered":"<p> [&hellip;]<\/p>\n","protected":false},"author":20,"featured_media":50329,"comment_status":"open","ping_status":"open","sticky":false,"template":"","format":"standard","meta":{"om_disable_all_campaigns":false,"_monsterinsights_skip_tracking":false,"_monsterinsights_sitenote_active":false,"_monsterinsights_sitenote_note":"","_monsterinsights_sitenote_category":0,"_uf_show_specific_survey":0,"_uf_disable_surveys":false,"footnotes":""},"categories":[2],"tags":[],"class_list":["post-50328","post","type-post","status-publish","format-standard","has-post-thumbnail","hentry","category-not_mpal"],"aioseo_notices":[],"_links":{"self":[{"href":"https:\/\/www.mpal.mp.br\/index.php?rest_route=\/wp\/v2\/posts\/50328","targetHints":{"allow":["GET"]}}],"collection":[{"href":"https:\/\/www.mpal.mp.br\/index.php?rest_route=\/wp\/v2\/posts"}],"about":[{"href":"https:\/\/www.mpal.mp.br\/index.php?rest_route=\/wp\/v2\/types\/post"}],"author":[{"embeddable":true,"href":"https:\/\/www.mpal.mp.br\/index.php?rest_route=\/wp\/v2\/users\/20"}],"replies":[{"embeddable":true,"href":"https:\/\/www.mpal.mp.br\/index.php?rest_route=%2Fwp%2Fv2%2Fcomments&post=50328"}],"version-history":[{"count":2,"href":"https:\/\/www.mpal.mp.br\/index.php?rest_route=\/wp\/v2\/posts\/50328\/revisions"}],"predecessor-version":[{"id":50331,"href":"https:\/\/www.mpal.mp.br\/index.php?rest_route=\/wp\/v2\/posts\/50328\/revisions\/50331"}],"wp:featuredmedia":[{"embeddable":true,"href":"https:\/\/www.mpal.mp.br\/index.php?rest_route=\/wp\/v2\/media\/50329"}],"wp:attachment":[{"href":"https:\/\/www.mpal.mp.br\/index.php?rest_route=%2Fwp%2Fv2%2Fmedia&parent=50328"}],"wp:term":[{"taxonomy":"category","embeddable":true,"href":"https:\/\/www.mpal.mp.br\/index.php?rest_route=%2Fwp%2Fv2%2Fcategories&post=50328"},{"taxonomy":"post_tag","embeddable":true,"href":"https:\/\/www.mpal.mp.br\/index.php?rest_route=%2Fwp%2Fv2%2Ftags&post=50328"}],"curies":[{"name":"wp","href":"https:\/\/api.w.org\/{rel}","templated":true}]}}