{"id":50296,"date":"2024-11-28T14:05:38","date_gmt":"2024-11-28T17:05:38","guid":{"rendered":"https:\/\/www.mpal.mp.br\/?p=50296"},"modified":"2024-11-28T14:05:38","modified_gmt":"2024-11-28T17:05:38","slug":"conselho-superior-e-colegio-de-procuradores-realizam-reunioes-para-tratar-de-pautas-estrategicas-no-mpal","status":"publish","type":"post","link":"https:\/\/www.mpal.mp.br\/?p=50296","title":{"rendered":"Conselho Superior e Col\u00e9gio de Procuradores realizam reuni\u00f5es para tratar de pautas estrat\u00e9gicas no MPAL"},"content":{"rendered":"<div class=\"fusion-fullwidth fullwidth-box fusion-builder-row-1 nonhundred-percent-fullwidth non-hundred-percent-height-scrolling\"  style='background-color: #ffffff;background-position: center center;background-repeat: no-repeat;padding-top:0px;padding-right:0px;padding-bottom:0px;padding-left:0px;'><div class=\"fusion-builder-row fusion-row \"><div  class=\"fusion-layout-column fusion_builder_column fusion_builder_column_1_1 fusion-builder-column-1 fusion-one-full fusion-column-first fusion-column-last 1_1\"  style='margin-top:0px;margin-bottom:0px;'>\n\t\t\t\t\t<div class=\"fusion-column-wrapper\" style=\"padding: 0px 0px 0px 0px;background-position:left top;background-repeat:no-repeat;-webkit-background-size:cover;-moz-background-size:cover;-o-background-size:cover;background-size:cover;\"   data-bg-url=\"\">\n\t\t\t\t\t\t<div class=\"fusion-text\"><p style=\"text-align: justify;\"><span style=\"font-family: helvetica, arial, sans-serif; font-size: 12pt;\">Na manh\u00e3 desta quinta-feira (28), o Conselho Superior do Minist\u00e9rio P\u00fablico (CSM) e o Col\u00e9gio de Procuradores de Justi\u00e7a (CPJ) reuniram-se na Sala Joubert C\u00e2mara Scala, localizada no pr\u00e9dio-sede do Minist\u00e9rio P\u00fablico de Alagoas (MPAL). Sob a condu\u00e7\u00e3o do procurador-geral de Justi\u00e7a, Lean Ara\u00fajo, os encontros tiveram como objetivo a delibera\u00e7\u00e3o e discuss\u00e3o de temas de grande relev\u00e2ncia institucional.<\/span><\/p>\n<p style=\"text-align: justify;\"><span style=\"font-family: helvetica, arial, sans-serif; font-size: 12pt;\">Durante a reuni\u00e3o do Conselho Superior, foram apresentados 16 procedimentos para conhecimento e 4 para delibera\u00e7\u00e3o. Entre as delibera\u00e7\u00f5es, destacaram-se a abertura de inscri\u00e7\u00f5es para remo\u00e7\u00e3o por antiguidade \u00e0 Promotoria de Justi\u00e7a de Matriz de Camaragibe, de 1\u00aa entr\u00e2ncia, e para remo\u00e7\u00e3o por merecimento \u00e0 Promotoria de Justi\u00e7a de S\u00e3o Luiz do Quitunde, de 2\u00aa entr\u00e2ncia, conforme edital publicado.<\/span><\/p>\n<p style=\"text-align: justify;\"><span style=\"font-family: helvetica, arial, sans-serif; font-size: 12pt;\">J\u00e1 na 20\u00aa Reuni\u00e3o Ordin\u00e1ria do Col\u00e9gio de Procuradores de Justi\u00e7a, foram analisadas pautas de car\u00e1ter estrat\u00e9gico para a atua\u00e7\u00e3o institucional, incluindo uma recomenda\u00e7\u00e3o voltada a orientar medidas destinadas a assegurar a regularidade da transmiss\u00e3o da Chefia do Poder Executivo Municipal aos candidatos eleitos no \u00faltimo pleito majorit\u00e1rio.<\/span><\/p>\n<p style=\"text-align: justify;\"><span style=\"font-family: helvetica, arial, sans-serif; font-size: 12pt;\">Outros temas tratados envolveram o projeto de lei ordin\u00e1ria que prev\u00ea a cria\u00e7\u00e3o e transforma\u00e7\u00e3o de cargos no quadro de servi\u00e7os auxiliares do MPAL, al\u00e9m de propostas de resolu\u00e7\u00e3o relacionadas ao Regimento Interno do Centro de Autocomposi\u00e7\u00e3o de Conflitos, \u00e0 reestrutura\u00e7\u00e3o do N\u00facleo de Gest\u00e3o da Informa\u00e7\u00e3o e Seguran\u00e7a Institucional, e \u00e0 redefini\u00e7\u00e3o das atribui\u00e7\u00f5es das 11\u00aa e 36\u00aa Promotorias de Justi\u00e7a da Capital, incluindo a cria\u00e7\u00e3o da Coordena\u00e7\u00e3o das Promotorias de Justi\u00e7a de Atos Infracionais.<\/span><\/p>\n<p style=\"text-align: justify;\"><span style=\"font-family: helvetica, arial, sans-serif; font-size: 12pt;\">Na ocasi\u00e3o, foi aprovada tamb\u00e9m a concess\u00e3o da Comenda Rodrigu\u00eas de Melo, honraria destinada a personalidades que se destacam como \u201cAmigos do Minist\u00e9rio P\u00fablico Alagoano,\u201d ao governador de Alagoas, Paulo Dantas, e ao presidente do Tribunal de Justi\u00e7a Fernando Tourinho.<\/span><\/p>\n<\/div><style type=\"text\/css\">.fusion-gallery-1 .fusion-gallery-image {border:0px solid #f6f6f6;-webkit-border-radius:5px;-moz-border-radius:5px;border-radius:5px;}<\/style><div class=\"fusion-gallery fusion-gallery-container fusion-grid-3 fusion-columns-total-0 fusion-gallery-layout-grid fusion-gallery-1\" style=\"margin:-5px;\"><div style=\"padding:5px;\" class=\"fusion-grid-column fusion-gallery-column fusion-gallery-column-3 hover-type-none\"><div class=\"fusion-gallery-image\"><a href=\"https:\/\/www.mpal.mp.br\/wp-content\/uploads\/2024\/11\/reuniai-2024-11-28-at-11.06-2.jpeg\" rel=\"noreferrer\" data-rel=\"iLightbox[gallery_image_1]\" class=\"fusion-lightbox\" target=\"_self\"><img loading=\"lazy\" decoding=\"async\" src=\"https:\/\/www.mpal.mp.br\/wp-content\/uploads\/2024\/11\/reuniai-2024-11-28-at-11.06-2.jpeg\" width=\"1200\" height=\"800\" alt=\"\" title=\"reuniai 2024-11-28 at 11.06 (2)\" aria-label=\"reuniai 2024-11-28 at 11.06 (2)\" class=\"img-responsive wp-image-50292\" \/><\/a><\/div><\/div><div style=\"padding:5px;\" class=\"fusion-grid-column fusion-gallery-column fusion-gallery-column-3 hover-type-none\"><div class=\"fusion-gallery-image\"><a href=\"https:\/\/www.mpal.mp.br\/wp-content\/uploads\/2024\/11\/plenaria-2024-11-28-at-11.54-1.jpeg\" rel=\"noreferrer\" data-rel=\"iLightbox[gallery_image_1]\" class=\"fusion-lightbox\" target=\"_self\"><img loading=\"lazy\" decoding=\"async\" src=\"https:\/\/www.mpal.mp.br\/wp-content\/uploads\/2024\/11\/plenaria-2024-11-28-at-11.54-1.jpeg\" width=\"1200\" height=\"800\" alt=\"\" title=\"plenaria 2024-11-28 at 11.54 (1)\" aria-label=\"plenaria 2024-11-28 at 11.54 (1)\" class=\"img-responsive wp-image-50291\" \/><\/a><\/div><\/div><div style=\"padding:5px;\" class=\"fusion-grid-column fusion-gallery-column fusion-gallery-column-3 hover-type-none\"><div class=\"fusion-gallery-image\"><a href=\"https:\/\/www.mpal.mp.br\/wp-content\/uploads\/2024\/11\/plenaria-2024-11-28-at-11.54-7.jpeg\" rel=\"noreferrer\" data-rel=\"iLightbox[gallery_image_1]\" class=\"fusion-lightbox\" target=\"_self\"><img loading=\"lazy\" decoding=\"async\" src=\"https:\/\/www.mpal.mp.br\/wp-content\/uploads\/2024\/11\/plenaria-2024-11-28-at-11.54-7.jpeg\" width=\"1200\" height=\"800\" alt=\"\" title=\"plenaria 2024-11-28 at 11.54 (7)\" aria-label=\"plenaria 2024-11-28 at 11.54 (7)\" class=\"img-responsive wp-image-50290\" \/><\/a><\/div><\/div><div class=\"clearfix\"><\/div><div style=\"padding:5px;\" class=\"fusion-grid-column fusion-gallery-column fusion-gallery-column-3 hover-type-none\"><div class=\"fusion-gallery-image\"><a rel=\"noreferrer\" data-rel=\"iLightbox[gallery_image_1]\" class=\"fusion-lightbox\" target=\"_self\"><img decoding=\"async\" src=\"\" width=\"\" height=\"\" alt=\"\" title=\"\" aria-label=\"\" class=\"img-responsive wp-image-50289\" \/><\/a><\/div><\/div><div style=\"padding:5px;\" class=\"fusion-grid-column fusion-gallery-column fusion-gallery-column-3 hover-type-none\"><div class=\"fusion-gallery-image\"><a href=\"https:\/\/www.mpal.mp.br\/wp-content\/uploads\/2024\/11\/plenaria-2024-11-28-at-11.54-4.jpeg\" rel=\"noreferrer\" data-rel=\"iLightbox[gallery_image_1]\" class=\"fusion-lightbox\" target=\"_self\"><img loading=\"lazy\" decoding=\"async\" src=\"https:\/\/www.mpal.mp.br\/wp-content\/uploads\/2024\/11\/plenaria-2024-11-28-at-11.54-4.jpeg\" width=\"1200\" height=\"800\" alt=\"\" title=\"plenaria 2024-11-28 at 11.54 (4)\" aria-label=\"plenaria 2024-11-28 at 11.54 (4)\" class=\"img-responsive wp-image-50287\" \/><\/a><\/div><\/div><div style=\"padding:5px;\" class=\"fusion-grid-column fusion-gallery-column fusion-gallery-column-3 hover-type-none\"><div class=\"fusion-gallery-image\"><a href=\"https:\/\/www.mpal.mp.br\/wp-content\/uploads\/2024\/11\/plenaria-2024-11-28-at-11.54-3.jpeg\" rel=\"noreferrer\" data-rel=\"iLightbox[gallery_image_1]\" class=\"fusion-lightbox\" target=\"_self\"><img loading=\"lazy\" decoding=\"async\" src=\"https:\/\/www.mpal.mp.br\/wp-content\/uploads\/2024\/11\/plenaria-2024-11-28-at-11.54-3.jpeg\" width=\"1200\" height=\"800\" alt=\"\" title=\"plenaria 2024-11-28 at 11.54 (3)\" aria-label=\"plenaria 2024-11-28 at 11.54 (3)\" class=\"img-responsive wp-image-50286\" \/><\/a><\/div><\/div><div class=\"clearfix\"><\/div><div style=\"padding:5px;\" class=\"fusion-grid-column fusion-gallery-column fusion-gallery-column-3 hover-type-none\"><div class=\"fusion-gallery-image\"><a href=\"https:\/\/www.mpal.mp.br\/wp-content\/uploads\/2024\/11\/capa.plenaria-28.jpg\" rel=\"noreferrer\" data-rel=\"iLightbox[gallery_image_1]\" class=\"fusion-lightbox\" target=\"_self\"><img loading=\"lazy\" decoding=\"async\" src=\"https:\/\/www.mpal.mp.br\/wp-content\/uploads\/2024\/11\/capa.plenaria-28.jpg\" width=\"1292\" height=\"988\" alt=\"\" title=\"capa.plenaria 28\" aria-label=\"capa.plenaria 28\" class=\"img-responsive wp-image-50298\" \/><\/a><\/div><\/div><\/div><div class=\"fusion-clearfix\"><\/div>\n\n\t\t\t\t\t<\/div>\n\t\t\t\t<\/div><\/div><\/div>\n","protected":false},"excerpt":{"rendered":"","protected":false},"author":14,"featured_media":50298,"comment_status":"open","ping_status":"open","sticky":false,"template":"","format":"standard","meta":{"om_disable_all_campaigns":false,"_monsterinsights_skip_tracking":false,"_monsterinsights_sitenote_active":false,"_monsterinsights_sitenote_note":"","_monsterinsights_sitenote_category":0,"_uf_show_specific_survey":0,"_uf_disable_surveys":false,"footnotes":""},"categories":[2],"tags":[],"class_list":["post-50296","post","type-post","status-publish","format-standard","has-post-thumbnail","hentry","category-not_mpal"],"aioseo_notices":[],"_links":{"self":[{"href":"https:\/\/www.mpal.mp.br\/index.php?rest_route=\/wp\/v2\/posts\/50296","targetHints":{"allow":["GET"]}}],"collection":[{"href":"https:\/\/www.mpal.mp.br\/index.php?rest_route=\/wp\/v2\/posts"}],"about":[{"href":"https:\/\/www.mpal.mp.br\/index.php?rest_route=\/wp\/v2\/types\/post"}],"author":[{"embeddable":true,"href":"https:\/\/www.mpal.mp.br\/index.php?rest_route=\/wp\/v2\/users\/14"}],"replies":[{"embeddable":true,"href":"https:\/\/www.mpal.mp.br\/index.php?rest_route=%2Fwp%2Fv2%2Fcomments&post=50296"}],"version-history":[{"count":3,"href":"https:\/\/www.mpal.mp.br\/index.php?rest_route=\/wp\/v2\/posts\/50296\/revisions"}],"predecessor-version":[{"id":50322,"href":"https:\/\/www.mpal.mp.br\/index.php?rest_route=\/wp\/v2\/posts\/50296\/revisions\/50322"}],"wp:featuredmedia":[{"embeddable":true,"href":"https:\/\/www.mpal.mp.br\/index.php?rest_route=\/wp\/v2\/media\/50298"}],"wp:attachment":[{"href":"https:\/\/www.mpal.mp.br\/index.php?rest_route=%2Fwp%2Fv2%2Fmedia&parent=50296"}],"wp:term":[{"taxonomy":"category","embeddable":true,"href":"https:\/\/www.mpal.mp.br\/index.php?rest_route=%2Fwp%2Fv2%2Fcategories&post=50296"},{"taxonomy":"post_tag","embeddable":true,"href":"https:\/\/www.mpal.mp.br\/index.php?rest_route=%2Fwp%2Fv2%2Ftags&post=50296"}],"curies":[{"name":"wp","href":"https:\/\/api.w.org\/{rel}","templated":true}]}}