{"id":50272,"date":"2024-11-28T07:28:31","date_gmt":"2024-11-28T10:28:31","guid":{"rendered":"https:\/\/www.mpal.mp.br\/?p=50272"},"modified":"2024-11-28T07:28:31","modified_gmt":"2024-11-28T10:28:31","slug":"apos-atuacao-do-mpal-casal-e-condenado-a-mais-de-33-anos-por-duplo-assassinato-em-coruripe","status":"publish","type":"post","link":"https:\/\/www.mpal.mp.br\/?p=50272","title":{"rendered":"Ap\u00f3s atua\u00e7\u00e3o do MPAL, casal \u00e9 condenado a mais de 33 anos por duplo assassinato em Coruripe"},"content":{"rendered":"<p style=\"text-align: justify;\">A atua\u00e7\u00e3o do Minist\u00e9rio P\u00fablico do Estado de Alagoas (MPAL), por meio da 1\u00aa Promotoria de Justi\u00e7a de Coruripe, conseguiu a condena\u00e7\u00e3o de Jos\u00e9 Marcos Douglas da Silva e Quit\u00e9ria Maria dos Santos pelo duplo homic\u00eddio qualificado contra Jenilson da Silva Oliveira e Leandra Bento da Silva, ocorrido em agosto de 2022. Os r\u00e9us foram sentenciados a mais de 30 anos de pris\u00e3o, penas consideradas exemplares pelo promotor de Justi\u00e7a Leonardo Novaes Bastos, diante da gravidade dos assassinatos.<\/p>\n<p style=\"text-align: justify;\">O Tribunal do Juri, ap\u00f3s a oitiva das testemunhas, declarantes, interrogat\u00f3rio dos r\u00e9us e debates entre o Minist\u00e9rio P\u00fablico e defesa, acolheu integralmente a tese sustentada pela promotoria de Justi\u00e7a contida na den\u00fancia, considerando, portanto, a comprova\u00e7\u00e3o da materialidade e autoria em rela\u00e7\u00e3o aos dois r\u00e9us. Cada um foi condenado por homic\u00eddio duplamente qualificado.<\/p>\n<p style=\"text-align: justify;\"><strong>Crime foi premeditado<\/strong><\/p>\n<p style=\"text-align: justify;\">Segundo o MPAL, o duplo homic\u00eddio ocorreu na madrugada de 22 de agosto de 2022, na cidade de Coruripe, local em que os r\u00e9us, que conviviam com as v\u00edtimas, planejaram e executaram o crime com \u201cextrema viol\u00eancia e premedita\u00e7\u00e3o\u201d.<\/p>\n<p style=\"text-align: justify;\">Durante sua sustenta\u00e7\u00e3o oral, Leonardo Novaes Bastos mostrou que os assassinatos foram planejados em raz\u00e3o de desaven\u00e7as pessoais entre os dois casais. \u201cO Jos\u00e9 Marcos convidou Jenilson e Leandra para um passeio, ocasi\u00e3o que, acompanhado de Quit\u00e9ria, cometeu os assassinatos. As v\u00edtimas foram golpeadas repetidamente com uma faca, e uma delas sofreu 11 les\u00f5es, o que demonstrou a brutalidade do ataque\u201d, argumentou o promotor de Justi\u00e7a.<\/p>\n<p style=\"text-align: justify;\">\u201cFoi um crime praticado com dolo, premedita\u00e7\u00e3o e crueldade, por isso incidiram as qualificadoras do motivo torpe e do meio que impossibilitou a defesa das v\u00edtimas, fatores que, somados, justificaram as penas severas impostas. O regime inicial fechado foi aplicado devido \u00e0 gravidade das a\u00e7\u00f5es e ao risco de reincid\u00eancia dos r\u00e9us\u201d, completou o promotor.<\/p>\n<p style=\"text-align: justify;\"><strong>Penas<\/strong><\/p>\n<p style=\"text-align: justify;\">A r\u00e9 Quit\u00e9ria Maria dos Santos recebeu pena de 39 anos e tr\u00eas meses de reclus\u00e3o em regime inicialmente fechado. J\u00e1 Jos\u00e9 Marcos Douglas da Silva teve condena\u00e7\u00e3o de 33 anos, tamb\u00e9m em regime inicialmente fechado.<\/p>\n<p style=\"text-align: justify;\">A aplica\u00e7\u00e3o das penas levou em conta as qualificadoras previstas no artigo 121, \u00a72\u00ba, incisos I (motivo torpe), e IV (uso de recurso que impossibilitou a defesa das v\u00edtimas), do C\u00f3digo Penal.<\/p>\n<p style=\"text-align: justify;\">\u201cProvas foram essenciais\u201d, diz MPAL<\/p>\n<p style=\"text-align: justify;\">Ainda de acordo com o representante do Minist\u00e9rio P\u00fablico, o caso foi elucidado a partir de confiss\u00f5es detalhadas de Jos\u00e9 Marcos, depoimentos de testemunhas e laudos t\u00e9cnicos. \u201c\u00c9 importante darmos destaque \u00e0s provas coletadas, que foram essenciais, e o trabalho conjunto desenvolvido pela Pol\u00edcia Civil, pelos peritos criminais e pelos m\u00e9dicos legistas. A atua\u00e7\u00e3o precisa da investiga\u00e7\u00e3o foi determinante para garantir a condena\u00e7\u00e3o justa dos respons\u00e1veis&#8221;, afirmou Leonardo Novaes Bastos.<\/p>\n<p style=\"text-align: justify;\">\u201cPara al\u00e9m disso, a decis\u00e3o demonstrou que o Sistema de Justi\u00e7a est\u00e1 alinhado na busca pela responsabiliza\u00e7\u00e3o de crimes b\u00e1rbaros como esse. Seguiremos vigilantes para garantir que a lei seja cumprida&#8221;, finalizou o promotor\u00a0de\u00a0Justi\u00e7a.<\/p>\n","protected":false},"excerpt":{"rendered":"<p> [&hellip;]<\/p>\n","protected":false},"author":7,"featured_media":50268,"comment_status":"open","ping_status":"open","sticky":false,"template":"","format":"standard","meta":{"om_disable_all_campaigns":false,"_monsterinsights_skip_tracking":false,"_monsterinsights_sitenote_active":false,"_monsterinsights_sitenote_note":"","_monsterinsights_sitenote_category":0,"_uf_show_specific_survey":0,"_uf_disable_surveys":false,"footnotes":""},"categories":[2],"tags":[],"class_list":["post-50272","post","type-post","status-publish","format-standard","has-post-thumbnail","hentry","category-not_mpal"],"aioseo_notices":[],"_links":{"self":[{"href":"https:\/\/www.mpal.mp.br\/index.php?rest_route=\/wp\/v2\/posts\/50272","targetHints":{"allow":["GET"]}}],"collection":[{"href":"https:\/\/www.mpal.mp.br\/index.php?rest_route=\/wp\/v2\/posts"}],"about":[{"href":"https:\/\/www.mpal.mp.br\/index.php?rest_route=\/wp\/v2\/types\/post"}],"author":[{"embeddable":true,"href":"https:\/\/www.mpal.mp.br\/index.php?rest_route=\/wp\/v2\/users\/7"}],"replies":[{"embeddable":true,"href":"https:\/\/www.mpal.mp.br\/index.php?rest_route=%2Fwp%2Fv2%2Fcomments&post=50272"}],"version-history":[{"count":1,"href":"https:\/\/www.mpal.mp.br\/index.php?rest_route=\/wp\/v2\/posts\/50272\/revisions"}],"predecessor-version":[{"id":50273,"href":"https:\/\/www.mpal.mp.br\/index.php?rest_route=\/wp\/v2\/posts\/50272\/revisions\/50273"}],"wp:featuredmedia":[{"embeddable":true,"href":"https:\/\/www.mpal.mp.br\/index.php?rest_route=\/wp\/v2\/media\/50268"}],"wp:attachment":[{"href":"https:\/\/www.mpal.mp.br\/index.php?rest_route=%2Fwp%2Fv2%2Fmedia&parent=50272"}],"wp:term":[{"taxonomy":"category","embeddable":true,"href":"https:\/\/www.mpal.mp.br\/index.php?rest_route=%2Fwp%2Fv2%2Fcategories&post=50272"},{"taxonomy":"post_tag","embeddable":true,"href":"https:\/\/www.mpal.mp.br\/index.php?rest_route=%2Fwp%2Fv2%2Ftags&post=50272"}],"curies":[{"name":"wp","href":"https:\/\/api.w.org\/{rel}","templated":true}]}}