{"id":50244,"date":"2024-11-27T13:45:08","date_gmt":"2024-11-27T16:45:08","guid":{"rendered":"https:\/\/www.mpal.mp.br\/?p=50244"},"modified":"2024-11-27T16:34:00","modified_gmt":"2024-11-27T19:34:00","slug":"rede-plid-do-mpal-identifica-mais-duas-vitimas-de-acidente-de-onibus-na-serra-da-barriga","status":"publish","type":"post","link":"https:\/\/www.mpal.mp.br\/?p=50244","title":{"rendered":"Rede Plid do MPAL identifica mais duas v\u00edtimas de acidente de \u00f4nibus na Serra da Barriga"},"content":{"rendered":"<p align=\"justify\"><span style=\"font-family: helvetica, arial, sans-serif;\">Solidariedade \u00e0s fam\u00edlias, respeito \u00e0 dor, compromisso com a sociedade. Diante de um quadro tr\u00e1gico, onde \u00e9 preciso profissionalismo e muita responsabilidade, o Programa de Localiza\u00e7\u00e3o e Identifica\u00e7\u00e3o de Desaparecidos (PLID\/AL) do Minist\u00e9rio P\u00fablico de Alagoas (MPAL) teve sua colabora\u00e7\u00e3o na identifica\u00e7\u00e3o de duas pessoas v\u00edtimas do tr\u00e1gico acidente ocorrido no dia 24 de novembro, na Serra da Barriga, em Uni\u00e3o dos Palmares. Trata-se de Sebasti\u00e3o Azevedo Alves, de 73 anos, e de Vandilma Floro de Gouveia Melo, de 57.<\/span><\/p>\n<p align=\"justify\"><span style=\"font-family: helvetica, arial, sans-serif;\">A coordenadora do PLID\/Al, promotora de Justi\u00e7a Marluce Falc\u00e3o reconhece a excel\u00eancia no trabalho em decorr\u00eancia da compet\u00eancia e parceria, colocando a sociedade em primeiro lugar.\u00a0<\/span><\/p>\n<p align=\"justify\"><span style=\"font-family: helvetica, arial, sans-serif;\">&#8220;Todos que integram a rede do PLID-AL, consternados com a dor das fam\u00edlias enlutadas,\u00a0 uniram-se \u00e0 Pol\u00edcia Cient\u00edfica de Alagoas, no sentido de cooperar na identifica\u00e7\u00e3o de pessoas v\u00edtimas do tr\u00e1gico acidente. O trabalho extenuante desenvolvido pelos peritos do IML\/AL e do Instituto de Identifica\u00e7\u00e3o de Alagoas foi eficiente em reconhecer v\u00edtimas e, somando ao trabalho diligente da Per\u00edcia Federal, todos integrantes do PLID-AL, foi poss\u00edvel o reconhecimento de duas v\u00edtimas, sendo um alagoano que morava em S\u00e3o Paulo e uma pernambucana, demonstrando que a sociedade alagoana tem \u00e0 disposi\u00e7\u00e3o um servi\u00e7o p\u00fablico eficiente e de excel\u00eancia.<\/span><\/p>\n<p align=\"justify\"><span style=\"font-family: helvetica, arial, sans-serif;\">Marluce Falc\u00e3o finaliza fazendo uma observa\u00e7\u00e3o: &#8220;serve o alerta da import\u00e2ncia da Carteira de Identifica\u00e7\u00e3o Nacional\u00a0 (CIN). O Minist\u00e9rio P\u00fablico de Alagoas, por meio do PLID-AL e do GAVCrime, coloca-se \u00e0 disposi\u00e7\u00e3o das v\u00edtimas e seus familiares&#8221;.<\/span><\/p>\n<p align=\"justify\"><span style=\"font-family: helvetica, arial, sans-serif;\">A papiloscopista da Pol\u00edcia Federal, Eloisa Cristina Alves, que integra a Rede Plid\/AL, explica como logrou \u00eaxito nas pesquisas e confrontos chegando a um laudo papilosc\u00f3pico preciso.<\/span><\/p>\n<p align=\"justify\"><span style=\"font-family: helvetica, arial, sans-serif;\">No dia 25 de novembro de 2024, foi solicitado, o PLID AL solicitou ao N\u00facleo de Identifica\u00e7\u00e3o da Pol\u00edcia Federal em Alagoas apoio na identifica\u00e7\u00e3o de v\u00edtimas do acidente de \u00f4nibus, ocorrido na Serra da Barriga, no \u00faltimo domingo (24). Dentre as v\u00edtimas do acidente, quatro n\u00e3o foram localizadas no banco de dados estadual e, por isso, foi necess\u00e1ria a busca em bancos nacionais de biometria pela PF. Ap\u00f3s pesquisas, foram identificadas duas das quatro v\u00edtimas solicitadas, sendo uma com documento de identifica\u00e7\u00e3o civil do estado de Pernambuco e a outra com documento do estado de S\u00e3o Paulo.<\/span><\/p>\n<p align=\"justify\"><span style=\"font-family: helvetica, arial, sans-serif;\">Ela destaca a import\u00e2ncia da uni\u00e3o de for\u00e7as, ressaltando \u201ca import\u00e2ncia do trabalho conjunto entre o Instituto de Identifica\u00e7\u00e3o e a Pol\u00edcia Federal em Alagoas, principalmente pelo aumento da base de pesquisas e pela celeridade na entrega dos resultados para os familiares nessas situa\u00e7\u00f5es de acidente\u201d..<\/span><\/p>\n<p align=\"justify\"><span style=\"font-family: helvetica, arial, sans-serif;\">Para Rosana Coutinho, que dirige a Pol\u00edcia Cient\u00edfica de Alagoas, essa jun\u00e7\u00e3o de for\u00e7as profissionais resulta em ganhos para a sociedade alagoana.<\/span><\/p>\n<p align=\"justify\"><span style=\"font-family: helvetica, arial, sans-serif;\">\u201cA parceria da Pol\u00edcia Cient\u00edfica com o Plid \u00e9 muito importante, onde existem v\u00e1rios profissionais a exemplo de papiloscopistas da Pol\u00edcia Cient\u00edfica do estado e os da Pol\u00edcia Federal, esses \u00faltimos tendo acesso aos bancos de dados nacionais e conseguindo localizar duas pessoas que n\u00e3o foi poss\u00edvel localizar nos bancos de dados estaduais. As fam\u00edlias que ainda n\u00e3o haviam aparecido, j\u00e1 estiveram no IML e receberam os corpos para sepultamento\u201d, declara a chefe da Pol\u00edcia Cient\u00edfica.<\/span><\/p>\n<p><span style=\"font-family: helvetica, arial, sans-serif;\">Conforme os dados comparados, Sebasti\u00e3o Azevedo era alagoano, mas residia em S\u00e3o Paulo. J\u00e1 Vandilma Floro era pernambucana.<\/span><\/p>\n<p><span style=\"font-family: helvetica, arial, sans-serif;\">Imagem: BR-104<\/span><\/p>\n","protected":false},"excerpt":{"rendered":"<p> [&hellip;]<\/p>\n","protected":false},"author":8,"featured_media":50247,"comment_status":"open","ping_status":"open","sticky":false,"template":"","format":"standard","meta":{"om_disable_all_campaigns":false,"_monsterinsights_skip_tracking":false,"_monsterinsights_sitenote_active":false,"_monsterinsights_sitenote_note":"","_monsterinsights_sitenote_category":0,"_uf_show_specific_survey":0,"_uf_disable_surveys":false,"footnotes":""},"categories":[2],"tags":[],"class_list":["post-50244","post","type-post","status-publish","format-standard","has-post-thumbnail","hentry","category-not_mpal"],"aioseo_notices":[],"_links":{"self":[{"href":"https:\/\/www.mpal.mp.br\/index.php?rest_route=\/wp\/v2\/posts\/50244","targetHints":{"allow":["GET"]}}],"collection":[{"href":"https:\/\/www.mpal.mp.br\/index.php?rest_route=\/wp\/v2\/posts"}],"about":[{"href":"https:\/\/www.mpal.mp.br\/index.php?rest_route=\/wp\/v2\/types\/post"}],"author":[{"embeddable":true,"href":"https:\/\/www.mpal.mp.br\/index.php?rest_route=\/wp\/v2\/users\/8"}],"replies":[{"embeddable":true,"href":"https:\/\/www.mpal.mp.br\/index.php?rest_route=%2Fwp%2Fv2%2Fcomments&post=50244"}],"version-history":[{"count":4,"href":"https:\/\/www.mpal.mp.br\/index.php?rest_route=\/wp\/v2\/posts\/50244\/revisions"}],"predecessor-version":[{"id":50252,"href":"https:\/\/www.mpal.mp.br\/index.php?rest_route=\/wp\/v2\/posts\/50244\/revisions\/50252"}],"wp:featuredmedia":[{"embeddable":true,"href":"https:\/\/www.mpal.mp.br\/index.php?rest_route=\/wp\/v2\/media\/50247"}],"wp:attachment":[{"href":"https:\/\/www.mpal.mp.br\/index.php?rest_route=%2Fwp%2Fv2%2Fmedia&parent=50244"}],"wp:term":[{"taxonomy":"category","embeddable":true,"href":"https:\/\/www.mpal.mp.br\/index.php?rest_route=%2Fwp%2Fv2%2Fcategories&post=50244"},{"taxonomy":"post_tag","embeddable":true,"href":"https:\/\/www.mpal.mp.br\/index.php?rest_route=%2Fwp%2Fv2%2Ftags&post=50244"}],"curies":[{"name":"wp","href":"https:\/\/api.w.org\/{rel}","templated":true}]}}