{"id":50241,"date":"2024-11-27T12:29:48","date_gmt":"2024-11-27T15:29:48","guid":{"rendered":"https:\/\/www.mpal.mp.br\/?p=50241"},"modified":"2024-11-27T14:17:40","modified_gmt":"2024-11-27T17:17:40","slug":"procurador-geral-de-justica-e-presidente-do-tjal-tratam-de-concessao-de-espaco-predial-para-o-mpal","status":"publish","type":"post","link":"https:\/\/www.mpal.mp.br\/?p=50241","title":{"rendered":"Procurador-geral de Justi\u00e7a e presidente do TJAL tratam de concess\u00e3o de espa\u00e7o predial para o MPAL"},"content":{"rendered":"<div class=\"fusion-fullwidth fullwidth-box fusion-builder-row-1 nonhundred-percent-fullwidth non-hundred-percent-height-scrolling\"  style='background-color: #ffffff;background-position: center center;background-repeat: no-repeat;padding-top:0px;padding-right:0px;padding-bottom:0px;padding-left:0px;'><div class=\"fusion-builder-row fusion-row \"><div  class=\"fusion-layout-column fusion_builder_column fusion_builder_column_1_1 fusion-builder-column-1 fusion-one-full fusion-column-first fusion-column-last 1_1\"  style='margin-top:0px;margin-bottom:0px;'>\n\t\t\t\t\t<div class=\"fusion-column-wrapper\" style=\"padding: 0px 0px 0px 0px;background-position:left top;background-repeat:no-repeat;-webkit-background-size:cover;-moz-background-size:cover;-o-background-size:cover;background-size:cover;\"   data-bg-url=\"\">\n\t\t\t\t\t\t<div class=\"fusion-text\"><p class=\"western\" align=\"justify\">Refor\u00e7ando a parceria entre as institui\u00e7\u00f5es, o procurador-geral de Justi\u00e7a Lean Ara\u00fajo e o presidente do Tribunal de Justi\u00e7a de Alagoas (TJAL), Fernando Tourinho, cumpriram agenda em reuni\u00e3o ocorrida no pr\u00e9dio-sede do Poder Judici\u00e1rio, em Macei\u00f3, na manh\u00e3 desta quarta-feira (27), ocasi\u00e3o em que trataram da cess\u00e3o de espa\u00e7o da antiga Turma Recursal de Uni\u00e3o dos Palmares, para o Minist\u00e9rio P\u00fablico de Alagoas. Na comitiva do chefe ministerial estiveram o ouvidor-geral Eduardo Tavares, o promotor de Justi\u00e7a Marcus Mousinho e o diretor-geral Carlos Eduardo \u00c1vila Cabral.<\/p>\n<p class=\"western\" align=\"justify\">Ao todo, conforme planta apresentada durante a reuni\u00e3o, dentro do pr\u00e9dio do Tribunal de Justi\u00e7a, o Minist\u00e9rio P\u00fablico de Alagoas ocupar\u00e1 sete salas, dentre elas um audit\u00f3rio, quatro salas que abrigar\u00e3o as Promotorias de Justi\u00e7a de Uni\u00e3o dos Palmares e uma sala para estrutura de apoio.<\/p>\n<p class=\"western\" align=\"justify\">\u201cFicamos lisonjeados com a reafirma\u00e7\u00e3o dessa parceria entre TJ e MP, pois quando a integra\u00e7\u00e3o entre \u00f3rg\u00e3os se estabelece ganham todos, inclusive a sociedade. Esse \u00e9 um momento hist\u00f3rico e torcemos que novas oportunidades similares se concretizem\u201d, ressalta Lean Ara\u00fajo.<\/p>\n<p class=\"western\" align=\"justify\">Ficou acordada a assinatura de um termo para respaldar a cess\u00e3o entre o MPAL e o TJAL, tamb\u00e9m agendada a inaugura\u00e7\u00e3o do pr\u00e9dio que levar\u00e1 o nome de Jos\u00e9 Praxedes Filho, em homenagem ao pai do desembargador Ot\u00e1vio Praxedes que s\u00e3o naturais de Uni\u00e3o dos Palmares.<\/p>\n<p class=\"western\" align=\"justify\">Numa constru\u00e7\u00e3o conjunta entre o presidente do TJAL e o chefe ministerial, ficou idealizada a elabora\u00e7\u00e3o de parceria para que nas pr\u00f3ximas constru\u00e7\u00f5es de pr\u00e9dios institucionais seja planejado para que o Judici\u00e1rio e o MP possam ocupar uma mesma \u00e1rea, o que redundaria em melhor aproveitamento dos recursos p\u00fablicos com a otimiza\u00e7\u00e3o de custos e agilidade na presta\u00e7\u00e3o de servi\u00e7os \u00e0 popula\u00e7\u00e3o alagoana.<\/p>\n<p class=\"western\" align=\"justify\">\u201cNo nosso entendimento, essa ser\u00e1 uma grande conquista, est\u00e1 na hora de pensarmos cada vez mais na popula\u00e7\u00e3o. Com essa acomoda\u00e7\u00e3o conjunta haver\u00e1 facilita\u00e7\u00e3o n\u00e3o somente para ju\u00edzes e promotores, mas para o cidad\u00e3o no tocante ao acesso e atendimento dos seus interesses\u201d, explica Fernando tourinho.<\/p>\n<p class=\"western\" align=\"justify\">Lean Ara\u00fajo reafirmou a import\u00e2ncia da unifica\u00e7\u00e3o e ressaltou as vantagens administrativas, sugerindo a assinatura de um Termo de Coopera\u00e7\u00e3o neste sentido.<\/p>\n<\/div><style type=\"text\/css\">.fusion-gallery-1 .fusion-gallery-image {border:0px solid #f6f6f6;-webkit-border-radius:5px;-moz-border-radius:5px;border-radius:5px;}<\/style><div class=\"fusion-gallery fusion-gallery-container fusion-grid-3 fusion-columns-total-0 fusion-gallery-layout-grid fusion-gallery-1\" style=\"margin:-5px;\"><div style=\"padding:5px;\" class=\"fusion-grid-column fusion-gallery-column fusion-gallery-column-3 hover-type-none\"><div class=\"fusion-gallery-image\"><a href=\"https:\/\/www.mpal.mp.br\/wp-content\/uploads\/2024\/11\/27.11.24-tj-lean-12.jpeg\" rel=\"noreferrer\" data-rel=\"iLightbox[gallery_image_1]\" class=\"fusion-lightbox\" target=\"_self\"><img loading=\"lazy\" decoding=\"async\" src=\"https:\/\/www.mpal.mp.br\/wp-content\/uploads\/2024\/11\/27.11.24-tj-lean-12.jpeg\" width=\"1600\" height=\"1066\" alt=\"\" title=\"27.11.24 tj lean (12)\" aria-label=\"27.11.24 tj lean (12)\" class=\"img-responsive wp-image-50227\" \/><\/a><\/div><\/div><div style=\"padding:5px;\" class=\"fusion-grid-column fusion-gallery-column fusion-gallery-column-3 hover-type-none\"><div class=\"fusion-gallery-image\"><a href=\"https:\/\/www.mpal.mp.br\/wp-content\/uploads\/2024\/11\/27.11.24-tj-lean-11.jpeg\" rel=\"noreferrer\" data-rel=\"iLightbox[gallery_image_1]\" class=\"fusion-lightbox\" target=\"_self\"><img loading=\"lazy\" decoding=\"async\" src=\"https:\/\/www.mpal.mp.br\/wp-content\/uploads\/2024\/11\/27.11.24-tj-lean-11.jpeg\" width=\"1600\" height=\"1066\" alt=\"\" title=\"27.11.24 tj lean (11)\" aria-label=\"27.11.24 tj lean (11)\" class=\"img-responsive wp-image-50226\" \/><\/a><\/div><\/div><div style=\"padding:5px;\" class=\"fusion-grid-column fusion-gallery-column fusion-gallery-column-3 hover-type-none\"><div class=\"fusion-gallery-image\"><a href=\"https:\/\/www.mpal.mp.br\/wp-content\/uploads\/2024\/11\/27.11.24-tj-lean-9.jpeg\" rel=\"noreferrer\" data-rel=\"iLightbox[gallery_image_1]\" class=\"fusion-lightbox\" target=\"_self\"><img loading=\"lazy\" decoding=\"async\" src=\"https:\/\/www.mpal.mp.br\/wp-content\/uploads\/2024\/11\/27.11.24-tj-lean-9.jpeg\" width=\"1600\" height=\"1066\" alt=\"\" title=\"27.11.24 tj lean (9)\" aria-label=\"27.11.24 tj lean (9)\" class=\"img-responsive wp-image-50224\" \/><\/a><\/div><\/div><div class=\"clearfix\"><\/div><div style=\"padding:5px;\" class=\"fusion-grid-column fusion-gallery-column fusion-gallery-column-3 hover-type-none\"><div class=\"fusion-gallery-image\"><a href=\"https:\/\/www.mpal.mp.br\/wp-content\/uploads\/2024\/11\/27.11.24-tj-lean-5.jpeg\" rel=\"noreferrer\" data-rel=\"iLightbox[gallery_image_1]\" class=\"fusion-lightbox\" target=\"_self\"><img loading=\"lazy\" decoding=\"async\" src=\"https:\/\/www.mpal.mp.br\/wp-content\/uploads\/2024\/11\/27.11.24-tj-lean-5.jpeg\" width=\"1600\" height=\"1066\" alt=\"\" title=\"27.11.24 tj lean (5)\" aria-label=\"27.11.24 tj lean (5)\" class=\"img-responsive wp-image-50220\" \/><\/a><\/div><\/div><div style=\"padding:5px;\" class=\"fusion-grid-column fusion-gallery-column fusion-gallery-column-3 hover-type-none\"><div class=\"fusion-gallery-image\"><a href=\"https:\/\/www.mpal.mp.br\/wp-content\/uploads\/2024\/11\/27.11.24-tj-lean-7.jpeg\" rel=\"noreferrer\" data-rel=\"iLightbox[gallery_image_1]\" class=\"fusion-lightbox\" target=\"_self\"><img loading=\"lazy\" decoding=\"async\" src=\"https:\/\/www.mpal.mp.br\/wp-content\/uploads\/2024\/11\/27.11.24-tj-lean-7.jpeg\" width=\"1600\" height=\"1066\" alt=\"\" title=\"27.11.24 tj lean (7)\" aria-label=\"27.11.24 tj lean (7)\" class=\"img-responsive wp-image-50222\" \/><\/a><\/div><\/div><div style=\"padding:5px;\" class=\"fusion-grid-column fusion-gallery-column fusion-gallery-column-3 hover-type-none\"><div class=\"fusion-gallery-image\"><a href=\"https:\/\/www.mpal.mp.br\/wp-content\/uploads\/2024\/11\/27.11.24-tj-lean-2.jpeg\" rel=\"noreferrer\" data-rel=\"iLightbox[gallery_image_1]\" class=\"fusion-lightbox\" target=\"_self\"><img loading=\"lazy\" decoding=\"async\" src=\"https:\/\/www.mpal.mp.br\/wp-content\/uploads\/2024\/11\/27.11.24-tj-lean-2.jpeg\" width=\"1600\" height=\"1066\" alt=\"\" title=\"27.11.24 tj lean (2)\" aria-label=\"27.11.24 tj lean (2)\" class=\"img-responsive wp-image-50217\" \/><\/a><\/div><\/div><div class=\"clearfix\"><\/div><\/div><style type=\"text\/css\">.fusion-gallery-2 .fusion-gallery-image {border:0px solid #f6f6f6;-webkit-border-radius:5px;-moz-border-radius:5px;border-radius:5px;}<\/style><div class=\"fusion-gallery fusion-gallery-container fusion-grid-3 fusion-columns-total-0 fusion-gallery-layout-grid fusion-gallery-2\" style=\"margin:-5px;\"><div style=\"padding:5px;\" class=\"fusion-grid-column fusion-gallery-column fusion-gallery-column-3 hover-type-none\"><div class=\"fusion-gallery-image\"><a href=\"https:\/\/www.mpal.mp.br\/wp-content\/uploads\/2024\/11\/dr-lean-tj.jpeg\" rel=\"noreferrer\" data-rel=\"iLightbox[gallery_image_2]\" class=\"fusion-lightbox\" target=\"_self\"><img loading=\"lazy\" decoding=\"async\" src=\"https:\/\/www.mpal.mp.br\/wp-content\/uploads\/2024\/11\/dr-lean-tj.jpeg\" width=\"1600\" height=\"1066\" alt=\"\" title=\"dr lean tj\" aria-label=\"dr lean tj\" class=\"img-responsive wp-image-50245\" \/><\/a><\/div><\/div><\/div><div class=\"fusion-clearfix\"><\/div>\n\n\t\t\t\t\t<\/div>\n\t\t\t\t<\/div><\/div><\/div>\n","protected":false},"excerpt":{"rendered":"","protected":false},"author":8,"featured_media":50218,"comment_status":"open","ping_status":"open","sticky":false,"template":"","format":"standard","meta":{"om_disable_all_campaigns":false,"_monsterinsights_skip_tracking":false,"_monsterinsights_sitenote_active":false,"_monsterinsights_sitenote_note":"","_monsterinsights_sitenote_category":0,"_uf_show_specific_survey":0,"_uf_disable_surveys":false,"footnotes":""},"categories":[2],"tags":[],"class_list":["post-50241","post","type-post","status-publish","format-standard","has-post-thumbnail","hentry","category-not_mpal"],"aioseo_notices":[],"_links":{"self":[{"href":"https:\/\/www.mpal.mp.br\/index.php?rest_route=\/wp\/v2\/posts\/50241","targetHints":{"allow":["GET"]}}],"collection":[{"href":"https:\/\/www.mpal.mp.br\/index.php?rest_route=\/wp\/v2\/posts"}],"about":[{"href":"https:\/\/www.mpal.mp.br\/index.php?rest_route=\/wp\/v2\/types\/post"}],"author":[{"embeddable":true,"href":"https:\/\/www.mpal.mp.br\/index.php?rest_route=\/wp\/v2\/users\/8"}],"replies":[{"embeddable":true,"href":"https:\/\/www.mpal.mp.br\/index.php?rest_route=%2Fwp%2Fv2%2Fcomments&post=50241"}],"version-history":[{"count":4,"href":"https:\/\/www.mpal.mp.br\/index.php?rest_route=\/wp\/v2\/posts\/50241\/revisions"}],"predecessor-version":[{"id":50249,"href":"https:\/\/www.mpal.mp.br\/index.php?rest_route=\/wp\/v2\/posts\/50241\/revisions\/50249"}],"wp:featuredmedia":[{"embeddable":true,"href":"https:\/\/www.mpal.mp.br\/index.php?rest_route=\/wp\/v2\/media\/50218"}],"wp:attachment":[{"href":"https:\/\/www.mpal.mp.br\/index.php?rest_route=%2Fwp%2Fv2%2Fmedia&parent=50241"}],"wp:term":[{"taxonomy":"category","embeddable":true,"href":"https:\/\/www.mpal.mp.br\/index.php?rest_route=%2Fwp%2Fv2%2Fcategories&post=50241"},{"taxonomy":"post_tag","embeddable":true,"href":"https:\/\/www.mpal.mp.br\/index.php?rest_route=%2Fwp%2Fv2%2Ftags&post=50241"}],"curies":[{"name":"wp","href":"https:\/\/api.w.org\/{rel}","templated":true}]}}