{"id":50161,"date":"2024-11-25T14:54:52","date_gmt":"2024-11-25T17:54:52","guid":{"rendered":"https:\/\/www.mpal.mp.br\/?p=50161"},"modified":"2024-11-25T14:54:52","modified_gmt":"2024-11-25T17:54:52","slug":"promotora-de-justica-compoe-mesa-de-discussoes-para-ampliacao-de-entendimento-sobre-seguranca-alimentar","status":"publish","type":"post","link":"https:\/\/www.mpal.mp.br\/?p=50161","title":{"rendered":"Promotora de Justi\u00e7a comp\u00f5e mesa de discuss\u00f5es para amplia\u00e7\u00e3o de entendimento sobre seguran\u00e7a alimentar"},"content":{"rendered":"<div class=\"fusion-fullwidth fullwidth-box fusion-builder-row-1 nonhundred-percent-fullwidth non-hundred-percent-height-scrolling\"  style='background-color: #ffffff;background-position: center center;background-repeat: no-repeat;padding-top:0px;padding-right:0px;padding-bottom:0px;padding-left:0px;'><div class=\"fusion-builder-row fusion-row \"><div  class=\"fusion-layout-column fusion_builder_column fusion_builder_column_1_1 fusion-builder-column-1 fusion-one-full fusion-column-first fusion-column-last 1_1\"  style='margin-top:0px;margin-bottom:0px;'>\n\t\t\t\t\t<div class=\"fusion-column-wrapper\" style=\"padding: 0px 0px 0px 0px;background-position:left top;background-repeat:no-repeat;-webkit-background-size:cover;-moz-background-size:cover;-o-background-size:cover;background-size:cover;\"   data-bg-url=\"\">\n\t\t\t\t\t\t<div class=\"fusion-text\"><p align=\"justify\"><span style=\"font-family: helvetica, arial, sans-serif;\"><span style=\"color: #4f4f4f;\">O Minist\u00e9rio P\u00fablico <\/span><span style=\"color: #4f4f4f;\">de Alagoas (MPAL) participou, na sexta-feira (22), <\/span><span style=\"color: #4f4f4f;\">de um evento na sede do<\/span><span style=\"color: #4f4f4f;\"> Minist\u00e9rio P\u00fabico <\/span><span style=\"color: #4f4f4f;\">Federal (MPF), <\/span><span style=\"color: #4f4f4f;\">onde servidores p\u00fablicos municipais, <\/span><span style=\"color: #4f4f4f;\">da capital e do interior, <\/span><span style=\"color: #4f4f4f;\">que atu<\/span><span style=\"color: #4f4f4f;\">a<\/span><span style=\"color: #4f4f4f;\">m nas \u00e1reas de seguran\u00e7a alimentar e nutricional tiveram a oportunidade de participar de discuss\u00f5es que culminaram em maior entendimento sobre o Sistema de Seguran\u00e7a Alimentar e Nutricional (Sisan). A promotora de Justi\u00e7a Alexandra Beurlen foi palestrante e convidou o p\u00fablico participante a reflex\u00f5es.<\/span><\/span><\/p>\n<p align=\"justify\"><span style=\"font-family: helvetica, arial, sans-serif;\"><span style=\"color: #4f4f4f;\">Alexandra Beurlen en<\/span><span style=\"color: #4f4f4f;\">xerga com positividade as discuss\u00f5es afirmando que servem para garantir pol\u00edticas p\u00fablicas e direitos.<\/span><\/span><\/p>\n<p align=\"justify\"><span style=\"font-family: helvetica, arial, sans-serif;\"><span style=\"color: #4f4f4f;\">\u201cO <\/span><span style=\"color: #4f4f4f;\">encontro promovido pelo MPE, pelo MPF e Consea Alagoas foi riqu\u00edssimo, vieram representantes de v\u00e1rios munic\u00edpios, sendo poss\u00edvel uniformizar um pouco a compreens\u00e3o te\u00f3rica sobre a seguran\u00e7a alimentar, sua abrang\u00eancia, os impactos nas politicas p\u00fablicas, a import\u00e2ncia da discuss\u00e3o dos or\u00e7amentos dos munic\u00edpios no que pertine as pol\u00edticas voltadas \u00e0 seguran\u00e7a alimentar, bem como os passos necess\u00e1rios para a ades\u00e3o e perman\u00eancia dos munic\u00edpios no sistema nacional de seguran\u00e7a alimentar e nutricional. Isso ajuda a garantir o direito humano a alimenta\u00e7\u00e3o adequada <\/span><span style=\"color: #4f4f4f;\">e o direito humano a estar livre da fome\u201d, <\/span><\/span><\/p>\n<p align=\"justify\"><span style=\"font-family: helvetica, arial, sans-serif;\"><span style=\"color: #4f4f4f;\">Em sua apresenta\u00e7\u00e3o, a promotora tamb\u00e9m <\/span><span style=\"color: #4f4f4f;\">destacou\u00a0 o Artigo 3\u00ba da Lei 11.346\/06 que afirma ser a\u00a0 seguran\u00e7a alimentar e nutricional a realiza\u00e7\u00e3o do direito de todos ao acesso regular e permanente a alimento de qualidade, em quantidade suficiente, desde que\u00a0 \u00a0n\u00e3o comprometa o acesso a outras necessidades essenciais.\u00a0 \u00a0<\/span><\/span><\/p>\n<p align=\"justify\"><span style=\"font-family: helvetica, arial, sans-serif;\"><span style=\"color: #4f4f4f;\">Tamb\u00e9m d<\/span><span style=\"color: #4f4f4f;\">urante o evento, <\/span><span style=\"color: #4f4f4f;\">o procurador regional dos Direitos do Cidad\u00e3o, Bruno Lamenha, <\/span><span style=\"color: #4f4f4f;\">explanou sobre <\/span><span style=\"color: #4f4f4f;\">\u201cO papel do Minist\u00e9rio P\u00fablico nas pol\u00edticas de seguran\u00e7a alimentar\u201d, <\/span><span style=\"color: #4f4f4f;\">enfatizando <\/span><span style=\"color: #4f4f4f;\"> a atua\u00e7\u00e3o do MPF no Consea. <\/span><\/span><\/p>\n<p align=\"justify\"><span style=\"font-family: helvetica, arial, sans-serif;\"><span style=\"color: #4f4f4f;\">Ele afirmou que pr<\/span><span style=\"color: #4f4f4f;\">ogramas como o Nacional de Alimenta\u00e7\u00e3o Escolar (PNAE) e o de Aquisi\u00e7\u00e3o de Alimentos (PAA) <\/span><span style=\"color: #4f4f4f;\">s\u00e3o valiosos diante da <\/span><span style=\"color: #4f4f4f;\">capacidade de promover educa\u00e7\u00e3o alimentar, sustentabilidade e valoriza\u00e7\u00e3o da agricultura familiar, especialmente em contextos desafiadores como o semi\u00e1rido. Ele ressaltou a import\u00e2ncia dos conselhos, como o Consea e o Conselho Municipal de Desenvolvimento Rural Sustent\u00e1vel (CMDRS), e da plataforma Catrapovos, que facilitam o di\u00e1logo e a implementa\u00e7\u00e3o de pol\u00edticas.<\/span><\/span><\/p>\n<p align=\"justify\"><span style=\"font-family: helvetica, arial, sans-serif;\"><span style=\"color: #4f4f4f;\">A presidenta do Consea, professora Tatiana F\u00e1varo \u2013 da Universidade Federal de Alagoas (UFAL)\u2013 destacou que a seguran\u00e7a alimentar \u00e9 um direito constitucional da popula\u00e7\u00e3o. J\u00e1 a representante do Consea, <\/span><span style=\"color: #4f4f4f;\">Ana Karla Luna, refor\u00e7a <\/span><span style=\"color: #4f4f4f;\">que \u00e9 importante que se conhe\u00e7a<\/span><span style=\"color: #4f4f4f;\"> profundamente a legisla\u00e7\u00e3o e as normativas relacionadas \u00e0 seguran\u00e7a alimentar, como a Losan, al\u00e9m de estudar documentos t\u00e9cnicos e o funcionamento do Sistema Nacional de Seguran\u00e7a Alimentar e Nutricional (Sisan). <\/span><\/span><\/p>\n<p align=\"justify\"><span style=\"font-family: helvetica, arial, sans-serif;\"><span style=\"color: #4f4f4f;\">Para a nutricionista do N\u00facleo de Alimenta\u00e7\u00e3o Escolar do munic\u00edpio de Arapiraca, <\/span><span style=\"color: #4f4f4f;\">Eul\u00e1lia Tertuliano, <\/span><span style=\"color: #4f4f4f;\">o<\/span><span style=\"color: #4f4f4f;\"> encontro <\/span><span style=\"color: #4f4f4f;\">serviu <\/span><span style=\"color: #4f4f4f;\">para a troca de ideias e reafirma\u00e7\u00e3o da seguran\u00e7a alimentar nos munic\u00edpios. <\/span><\/span><\/p>\n<p align=\"justify\"><span style=\"color: #4f4f4f; font-family: helvetica, arial, sans-serif;\">Presidindo a mesa de abertura, o procurador regional dos Direitos do Cidad\u00e3o, Bruno Lamenha, junto com a promotora de Justi\u00e7a Alexandra Beurlen e a representante da Consea em Alagoas, Ana Karla Luna, destacou a relev\u00e2ncia do evento para a promo\u00e7\u00e3o da seguran\u00e7a alimentar. A abertura contou com a exibi\u00e7\u00e3o do document\u00e1rio &#8220;Ilha das Flores&#8221; (1989), de Jorge Furtado, que aborda a tem\u00e1tica do encontro.<\/span><\/p>\n<p align=\"justify\">Com informa\u00e7\u00f5es do MPF\/AL<br \/>\nFotos : Wladimir Lima Assessoria MPF\/AL<\/p>\n<\/div><style type=\"text\/css\">.fusion-gallery-1 .fusion-gallery-image {border:0px solid #f6f6f6;-webkit-border-radius:5px;-moz-border-radius:5px;border-radius:5px;}<\/style><div class=\"fusion-gallery fusion-gallery-container fusion-grid-3 fusion-columns-total-0 fusion-gallery-layout-grid fusion-gallery-1\" style=\"margin:-5px;\"><div style=\"padding:5px;\" class=\"fusion-grid-column fusion-gallery-column fusion-gallery-column-3 hover-type-none\"><div class=\"fusion-gallery-image\"><a href=\"https:\/\/www.mpal.mp.br\/wp-content\/uploads\/2024\/11\/alexandra2.jpeg\" rel=\"noreferrer\" data-rel=\"iLightbox[gallery_image_1]\" class=\"fusion-lightbox\" target=\"_self\"><img loading=\"lazy\" decoding=\"async\" src=\"https:\/\/www.mpal.mp.br\/wp-content\/uploads\/2024\/11\/alexandra2.jpeg\" width=\"5200\" height=\"2925\" alt=\"\" title=\"alexandra2\" aria-label=\"alexandra2\" class=\"img-responsive wp-image-50163\" \/><\/a><\/div><\/div><div style=\"padding:5px;\" class=\"fusion-grid-column fusion-gallery-column fusion-gallery-column-3 hover-type-none\"><div class=\"fusion-gallery-image\"><a href=\"https:\/\/www.mpal.mp.br\/wp-content\/uploads\/2024\/11\/Alexandra3.jpeg\" rel=\"noreferrer\" data-rel=\"iLightbox[gallery_image_1]\" class=\"fusion-lightbox\" target=\"_self\"><img loading=\"lazy\" decoding=\"async\" src=\"https:\/\/www.mpal.mp.br\/wp-content\/uploads\/2024\/11\/Alexandra3.jpeg\" width=\"6000\" height=\"3375\" alt=\"\" title=\"Alexandra3\" aria-label=\"Alexandra3\" class=\"img-responsive wp-image-50164\" \/><\/a><\/div><\/div><div style=\"padding:5px;\" class=\"fusion-grid-column fusion-gallery-column fusion-gallery-column-3 hover-type-none\"><div class=\"fusion-gallery-image\"><a href=\"https:\/\/www.mpal.mp.br\/wp-content\/uploads\/2024\/11\/alexandra5.jpeg\" rel=\"noreferrer\" data-rel=\"iLightbox[gallery_image_1]\" class=\"fusion-lightbox\" target=\"_self\"><img loading=\"lazy\" decoding=\"async\" src=\"https:\/\/www.mpal.mp.br\/wp-content\/uploads\/2024\/11\/alexandra5.jpeg\" width=\"5217\" height=\"2935\" alt=\"\" title=\"alexandra5\" aria-label=\"alexandra5\" class=\"img-responsive wp-image-50166\" \/><\/a><\/div><\/div><div class=\"clearfix\"><\/div><div style=\"padding:5px;\" class=\"fusion-grid-column fusion-gallery-column fusion-gallery-column-3 hover-type-none\"><div class=\"fusion-gallery-image\"><a href=\"https:\/\/www.mpal.mp.br\/wp-content\/uploads\/2024\/11\/Alexandra4.jpeg\" rel=\"noreferrer\" data-rel=\"iLightbox[gallery_image_1]\" class=\"fusion-lightbox\" target=\"_self\"><img loading=\"lazy\" decoding=\"async\" src=\"https:\/\/www.mpal.mp.br\/wp-content\/uploads\/2024\/11\/Alexandra4.jpeg\" width=\"5790\" height=\"3257\" alt=\"\" title=\"Alexandra4\" aria-label=\"Alexandra4\" class=\"img-responsive wp-image-50165\" \/><\/a><\/div><\/div><div style=\"padding:5px;\" class=\"fusion-grid-column fusion-gallery-column fusion-gallery-column-3 hover-type-none\"><div class=\"fusion-gallery-image\"><a href=\"https:\/\/www.mpal.mp.br\/wp-content\/uploads\/2024\/11\/alexandra.jpeg\" rel=\"noreferrer\" data-rel=\"iLightbox[gallery_image_1]\" class=\"fusion-lightbox\" target=\"_self\"><img loading=\"lazy\" decoding=\"async\" src=\"https:\/\/www.mpal.mp.br\/wp-content\/uploads\/2024\/11\/alexandra.jpeg\" width=\"5854\" height=\"3293\" alt=\"\" title=\"alexandra\" aria-label=\"alexandra\" class=\"img-responsive wp-image-50162\" \/><\/a><\/div><\/div><div style=\"padding:5px;\" class=\"fusion-grid-column fusion-gallery-column fusion-gallery-column-3 hover-type-none\"><div class=\"fusion-gallery-image\"><a href=\"https:\/\/www.mpal.mp.br\/wp-content\/uploads\/2024\/11\/Alexandra6.jpeg\" rel=\"noreferrer\" data-rel=\"iLightbox[gallery_image_1]\" class=\"fusion-lightbox\" target=\"_self\"><img loading=\"lazy\" decoding=\"async\" src=\"https:\/\/www.mpal.mp.br\/wp-content\/uploads\/2024\/11\/Alexandra6.jpeg\" width=\"6000\" height=\"3375\" alt=\"\" title=\"Alexandra6\" aria-label=\"Alexandra6\" class=\"img-responsive wp-image-50167\" \/><\/a><\/div><\/div><div class=\"clearfix\"><\/div><div style=\"padding:5px;\" class=\"fusion-grid-column fusion-gallery-column fusion-gallery-column-3 hover-type-none\"><div class=\"fusion-gallery-image\"><a href=\"https:\/\/www.mpal.mp.br\/wp-content\/uploads\/2024\/11\/alexandra7.jpeg\" rel=\"noreferrer\" data-rel=\"iLightbox[gallery_image_1]\" class=\"fusion-lightbox\" target=\"_self\"><img loading=\"lazy\" decoding=\"async\" src=\"https:\/\/www.mpal.mp.br\/wp-content\/uploads\/2024\/11\/alexandra7.jpeg\" width=\"5155\" height=\"2900\" alt=\"\" title=\"alexandra7\" aria-label=\"alexandra7\" class=\"img-responsive wp-image-50168\" \/><\/a><\/div><\/div><\/div><div class=\"fusion-clearfix\"><\/div>\n\n\t\t\t\t\t<\/div>\n\t\t\t\t<\/div><\/div><\/div>\n","protected":false},"excerpt":{"rendered":"","protected":false},"author":8,"featured_media":50165,"comment_status":"open","ping_status":"open","sticky":false,"template":"","format":"standard","meta":{"om_disable_all_campaigns":false,"_monsterinsights_skip_tracking":false,"_monsterinsights_sitenote_active":false,"_monsterinsights_sitenote_note":"","_monsterinsights_sitenote_category":0,"_uf_show_specific_survey":0,"_uf_disable_surveys":false,"footnotes":""},"categories":[2],"tags":[],"class_list":["post-50161","post","type-post","status-publish","format-standard","has-post-thumbnail","hentry","category-not_mpal"],"aioseo_notices":[],"_links":{"self":[{"href":"https:\/\/www.mpal.mp.br\/index.php?rest_route=\/wp\/v2\/posts\/50161","targetHints":{"allow":["GET"]}}],"collection":[{"href":"https:\/\/www.mpal.mp.br\/index.php?rest_route=\/wp\/v2\/posts"}],"about":[{"href":"https:\/\/www.mpal.mp.br\/index.php?rest_route=\/wp\/v2\/types\/post"}],"author":[{"embeddable":true,"href":"https:\/\/www.mpal.mp.br\/index.php?rest_route=\/wp\/v2\/users\/8"}],"replies":[{"embeddable":true,"href":"https:\/\/www.mpal.mp.br\/index.php?rest_route=%2Fwp%2Fv2%2Fcomments&post=50161"}],"version-history":[{"count":1,"href":"https:\/\/www.mpal.mp.br\/index.php?rest_route=\/wp\/v2\/posts\/50161\/revisions"}],"predecessor-version":[{"id":50169,"href":"https:\/\/www.mpal.mp.br\/index.php?rest_route=\/wp\/v2\/posts\/50161\/revisions\/50169"}],"wp:featuredmedia":[{"embeddable":true,"href":"https:\/\/www.mpal.mp.br\/index.php?rest_route=\/wp\/v2\/media\/50165"}],"wp:attachment":[{"href":"https:\/\/www.mpal.mp.br\/index.php?rest_route=%2Fwp%2Fv2%2Fmedia&parent=50161"}],"wp:term":[{"taxonomy":"category","embeddable":true,"href":"https:\/\/www.mpal.mp.br\/index.php?rest_route=%2Fwp%2Fv2%2Fcategories&post=50161"},{"taxonomy":"post_tag","embeddable":true,"href":"https:\/\/www.mpal.mp.br\/index.php?rest_route=%2Fwp%2Fv2%2Ftags&post=50161"}],"curies":[{"name":"wp","href":"https:\/\/api.w.org\/{rel}","templated":true}]}}