{"id":50006,"date":"2024-11-19T13:54:07","date_gmt":"2024-11-19T16:54:07","guid":{"rendered":"https:\/\/www.mpal.mp.br\/?p=50006"},"modified":"2024-11-19T13:54:40","modified_gmt":"2024-11-19T16:54:40","slug":"mpal-mpf-e-consea-promovem-encontro-para-discutir-seguranca-alimentar-e-nutricional-nos-municipios-alagoanos","status":"publish","type":"post","link":"https:\/\/www.mpal.mp.br\/?p=50006","title":{"rendered":"MPAL, MPF e Consea promovem encontro para discutir seguran\u00e7a alimentar e nutricional nos munic\u00edpios alagoanos"},"content":{"rendered":"<p class=\"western\" align=\"justify\"><span style=\"font-family: helvetica, arial, sans-serif;\">Na pr\u00f3xima sexta-feira (22), o Minist\u00e9rio P\u00fablico de Alagoas (MPAL), o Minist\u00e9rio P\u00fablico Federal (MPF) e o Conselho Estadual de Seguran\u00e7a Alimentar e Nutricional (Consea) reunem servidores de todos os munic\u00edpios alagoanos para discutir a import\u00e2ncia de uma alimenta\u00e7\u00e3o adequada como garantia de um dos direitos humanos. O evento ocorrer\u00e1 no audit\u00f3rio do pr\u00e9dio-sede do MPF, na Avenida Juca Sampaio, no Barro Duro, em Macei\u00f3, das 9h \u00e0s 13h.<\/span><\/p>\n<p class=\"western\" align=\"justify\"><span style=\"font-family: helvetica, arial, sans-serif;\">A promotora de Justi\u00e7a Alexandra Beurlen (dos Direitos Humanos) detalha a finalidade de os \u00f3rg\u00e3os promoverem esse encontro.<\/span><\/p>\n<p class=\"western\" align=\"justify\"><span style=\"font-family: helvetica, arial, sans-serif;\">\u201cEsse evento tem como inten\u00e7\u00e3o permitir a servidores que tenham atua\u00e7\u00e3o ligada \u00e0 seguran\u00e7a alimentar nos munic\u00edpios de Alagoas, uma percep\u00e7\u00e3o de seguran\u00e7a alimentar e nutricional. Uma compreens\u00e3o geral, conceitual, te\u00f3rica, b\u00e1sica, al\u00e9m de uma no\u00e7\u00e3o operacional pr\u00e1tica de como come\u00e7ar a colocar esse sistema para funcionar, com Consea, Caisan, Sisan, e suas interlocu\u00e7\u00f5es. Tamb\u00e9m vamos mostrar um pouco do que \u00e9 o papel do Minist\u00e9rio P\u00fablico dentro da garantia do direito humano a alimenta\u00e7\u00e3o adequada\u201d, esclarece a promotora de Justi\u00e7a Alexandra Beurlen.<\/span><\/p>\n<p class=\"western\" align=\"justify\"><span style=\"font-family: helvetica, arial, sans-serif;\">A proposta das discuss\u00f5es previstas no referido encontro \u00e9, na verdade, garantir a compreens\u00e3o do Sistema Nacional de Seguran\u00e7a Alimentar e como implement\u00e1-lo em cada munic\u00edpio, de forma adequada e de maneira a garantir, pelo menos o direito humano a estar livre da fome, dentro da perspectiva <span style=\"color: #000000;\"><span style=\"font-size: medium;\"><span lang=\"pt-BR\">do direito \u00e0<\/span><\/span><\/span> alimenta\u00e7\u00e3o e nutri\u00e7\u00e3o adequados.<\/span><\/p>\n<p class=\"western\" align=\"justify\"><span style=\"font-family: helvetica, arial, sans-serif;\">\u201cA nossa luta \u00e9 para que todas as pessoas, sem distin\u00e7\u00e3o, tenham garantido seu direito de acesso permanente e regular \u00e0 comida, e \u00e0 comida com qualidade. Para tal \u00e9 preciso al\u00e9m de conscientiza\u00e7\u00e3o, compreens\u00e3o legal do sistema e dos direitos nele envolvidos<span style=\"color: #000000;\"><span style=\"font-size: medium;\"><span lang=\"pt-BR\">&#8220;<\/span><\/span><\/span>, conclui a promotora Alexandra Beurlen.<\/span><\/p>\n<p class=\"western\" align=\"justify\"><span style=\"font-family: helvetica, arial, sans-serif;\">As inscri\u00e7\u00f5es para participar do evento s\u00e3o gratuitas, por\u00e9m limitadas e pode ser feitas pelo endere\u00e7o eletr\u00f4nico: pj.61capital@mpal.mp.br<\/span><\/p>\n","protected":false},"excerpt":{"rendered":"<p> [&hellip;]<\/p>\n","protected":false},"author":8,"featured_media":50007,"comment_status":"open","ping_status":"open","sticky":false,"template":"","format":"standard","meta":{"om_disable_all_campaigns":false,"_monsterinsights_skip_tracking":false,"_monsterinsights_sitenote_active":false,"_monsterinsights_sitenote_note":"","_monsterinsights_sitenote_category":0,"_uf_show_specific_survey":0,"_uf_disable_surveys":false,"footnotes":""},"categories":[1],"tags":[],"class_list":["post-50006","post","type-post","status-publish","format-standard","has-post-thumbnail","hentry","category-sem-categoria"],"aioseo_notices":[],"_links":{"self":[{"href":"https:\/\/www.mpal.mp.br\/index.php?rest_route=\/wp\/v2\/posts\/50006","targetHints":{"allow":["GET"]}}],"collection":[{"href":"https:\/\/www.mpal.mp.br\/index.php?rest_route=\/wp\/v2\/posts"}],"about":[{"href":"https:\/\/www.mpal.mp.br\/index.php?rest_route=\/wp\/v2\/types\/post"}],"author":[{"embeddable":true,"href":"https:\/\/www.mpal.mp.br\/index.php?rest_route=\/wp\/v2\/users\/8"}],"replies":[{"embeddable":true,"href":"https:\/\/www.mpal.mp.br\/index.php?rest_route=%2Fwp%2Fv2%2Fcomments&post=50006"}],"version-history":[{"count":1,"href":"https:\/\/www.mpal.mp.br\/index.php?rest_route=\/wp\/v2\/posts\/50006\/revisions"}],"predecessor-version":[{"id":50008,"href":"https:\/\/www.mpal.mp.br\/index.php?rest_route=\/wp\/v2\/posts\/50006\/revisions\/50008"}],"wp:featuredmedia":[{"embeddable":true,"href":"https:\/\/www.mpal.mp.br\/index.php?rest_route=\/wp\/v2\/media\/50007"}],"wp:attachment":[{"href":"https:\/\/www.mpal.mp.br\/index.php?rest_route=%2Fwp%2Fv2%2Fmedia&parent=50006"}],"wp:term":[{"taxonomy":"category","embeddable":true,"href":"https:\/\/www.mpal.mp.br\/index.php?rest_route=%2Fwp%2Fv2%2Fcategories&post=50006"},{"taxonomy":"post_tag","embeddable":true,"href":"https:\/\/www.mpal.mp.br\/index.php?rest_route=%2Fwp%2Fv2%2Ftags&post=50006"}],"curies":[{"name":"wp","href":"https:\/\/api.w.org\/{rel}","templated":true}]}}