{"id":49994,"date":"2024-11-18T14:13:03","date_gmt":"2024-11-18T17:13:03","guid":{"rendered":"https:\/\/www.mpal.mp.br\/?p=49994"},"modified":"2024-11-18T14:14:07","modified_gmt":"2024-11-18T17:14:07","slug":"promotora-lidia-malta-palestra-sobre-atuacao-da-mulher-no-juri-no-vii-encontro-nacional-do-ministerio-publico-em-brasilia","status":"publish","type":"post","link":"https:\/\/www.mpal.mp.br\/?p=49994","title":{"rendered":"Promotora Lidia Malta palestra sobre atua\u00e7\u00e3o da mulher no j\u00fari no VII Encontro Nacional do Minist\u00e9rio P\u00fablico em Bras\u00edlia"},"content":{"rendered":"<div class=\"fusion-fullwidth fullwidth-box fusion-builder-row-1 nonhundred-percent-fullwidth non-hundred-percent-height-scrolling\"  style='background-color: #ffffff;background-position: center center;background-repeat: no-repeat;padding-top:0px;padding-right:0px;padding-bottom:0px;padding-left:0px;'><div class=\"fusion-builder-row fusion-row \"><div  class=\"fusion-layout-column fusion_builder_column fusion_builder_column_1_1 fusion-builder-column-1 fusion-one-full fusion-column-first fusion-column-last 1_1\"  style='margin-top:0px;margin-bottom:0px;'>\n\t\t\t\t\t<div class=\"fusion-column-wrapper\" style=\"padding: 0px 0px 0px 0px;background-position:left top;background-repeat:no-repeat;-webkit-background-size:cover;-moz-background-size:cover;-o-background-size:cover;background-size:cover;\"   data-bg-url=\"\">\n\t\t\t\t\t\t<div class=\"fusion-text\"><p style=\"text-align: justify;\"><span style=\"font-family: helvetica, arial, sans-serif; font-size: 12pt;\">No dia 13 de novembro, a promotora de Justi\u00e7a Lidia Malta, esteve em Bras\u00edlia-DF para participar do VII Encontro Nacional do Minist\u00e9rio P\u00fablico do Tribunal do J\u00fari, promovido pelo Conselho Nacional do Minist\u00e9rio P\u00fablico (CNMP). Lidia Malta esteve no evento representando o Minist\u00e9rio P\u00fablico de Alagoas (MPAL), e contribuiu ativamente para o debate sobre a atua\u00e7\u00e3o das promotoras de justi\u00e7a no Tribunal do J\u00fari.<\/span><\/p>\n<p style=\"text-align: justify;\"><span style=\"font-family: helvetica, arial, sans-serif; font-size: 12pt;\">Durante o evento, Lidia Malta participou do painel \u201cA Atua\u00e7\u00e3o da Promotora de Justi\u00e7a no J\u00fari\u201d, mediado por Anne Karine Lousich Hugueney Wiegert, do Minist\u00e9rio P\u00fablico de Mato Grosso (MPMT). O painel contou tamb\u00e9m com as expositoras Carol Vieira da Ros (MPSP) e L\u00edvia Carla Guadanhim Bariani (MPMS) e teve como objetivo discutir as conquistas alcan\u00e7adas e a import\u00e2ncia da representatividade feminina em um campo historicamente dominado por homens.<\/span><\/p>\n<p style=\"text-align: justify;\"><span style=\"font-family: helvetica, arial, sans-serif; font-size: 12pt;\">Em sua fala, a promotora de Justi\u00e7a Lidia Malta destacou a relev\u00e2ncia da presen\u00e7a feminina no Tribunal do J\u00fari, compartilhando suas experi\u00eancias pr\u00e1ticas ao longo de sua carreira. Ela ressaltou a import\u00e2ncia da atua\u00e7\u00e3o \u00e9tica e a constante busca pela justi\u00e7a.<\/span><\/p>\n<p style=\"text-align: justify;\"><span style=\"font-family: helvetica, arial, sans-serif; font-size: 12pt;\">Lidia Malta tamb\u00e9m falou sobre sua abordagem no tribunal. \u201cAo subir \u00e0 tribuna, vestimos a toga e assumimos uma grande responsabilidade, deixando de lado nossas individualidades para nos tornarmos curadoras da vida. Hoje, vejo que o maior desafio \u00e9 conferir \u00e0 vida o valor que ela realmente tem. Se n\u00e3o h\u00e1 respeito pela vida, pouco mais pode ser constru\u00eddo em uma sociedade. Humanizar a sociedade \u00e9 nossa miss\u00e3o e, como mulheres, carregamos uma sensibilidade \u00fanica, essencial para o despertar social\u201d.<\/span><\/p>\n<p style=\"text-align: justify;\"><span style=\"font-family: helvetica, arial, sans-serif; font-size: 12pt;\">O evento foi uma oportunidade \u00fanica para promover o interc\u00e2mbio de experi\u00eancias e fortalecer a atua\u00e7\u00e3o do Minist\u00e9rio P\u00fablico no Tribunal do J\u00fari, com um olhar atento \u00e0 igualdade de g\u00eanero e ao papel das mulheres na transforma\u00e7\u00e3o do sistema de justi\u00e7a.<\/span><\/p>\n<\/div><style type=\"text\/css\">.fusion-gallery-1 .fusion-gallery-image {border:0px solid #f6f6f6;-webkit-border-radius:5px;-moz-border-radius:5px;border-radius:5px;}<\/style><div class=\"fusion-gallery fusion-gallery-container fusion-grid-3 fusion-columns-total-0 fusion-gallery-layout-grid fusion-gallery-1\" style=\"margin:-5px;\"><div style=\"padding:5px;\" class=\"fusion-grid-column fusion-gallery-column fusion-gallery-column-3 hover-type-none\"><div class=\"fusion-gallery-image\"><a href=\"https:\/\/www.mpal.mp.br\/wp-content\/uploads\/2024\/11\/WhatsApp-Image-2024-11-18-at-12.59.15.jpeg\" rel=\"noreferrer\" data-rel=\"iLightbox[gallery_image_1]\" class=\"fusion-lightbox\" target=\"_self\"><img loading=\"lazy\" decoding=\"async\" src=\"https:\/\/www.mpal.mp.br\/wp-content\/uploads\/2024\/11\/WhatsApp-Image-2024-11-18-at-12.59.15.jpeg\" width=\"1600\" height=\"1068\" alt=\"\" title=\"WhatsApp Image 2024-11-18 at 12.59.15\" aria-label=\"WhatsApp Image 2024-11-18 at 12.59.15\" class=\"img-responsive wp-image-49996\" \/><\/a><\/div><\/div><\/div><div class=\"fusion-clearfix\"><\/div>\n\n\t\t\t\t\t<\/div>\n\t\t\t\t<\/div><\/div><\/div>\n","protected":false},"excerpt":{"rendered":"","protected":false},"author":20,"featured_media":49995,"comment_status":"open","ping_status":"open","sticky":false,"template":"","format":"standard","meta":{"om_disable_all_campaigns":false,"_monsterinsights_skip_tracking":false,"_monsterinsights_sitenote_active":false,"_monsterinsights_sitenote_note":"","_monsterinsights_sitenote_category":0,"_uf_show_specific_survey":0,"_uf_disable_surveys":false,"footnotes":""},"categories":[2],"tags":[],"class_list":["post-49994","post","type-post","status-publish","format-standard","has-post-thumbnail","hentry","category-not_mpal"],"aioseo_notices":[],"_links":{"self":[{"href":"https:\/\/www.mpal.mp.br\/index.php?rest_route=\/wp\/v2\/posts\/49994","targetHints":{"allow":["GET"]}}],"collection":[{"href":"https:\/\/www.mpal.mp.br\/index.php?rest_route=\/wp\/v2\/posts"}],"about":[{"href":"https:\/\/www.mpal.mp.br\/index.php?rest_route=\/wp\/v2\/types\/post"}],"author":[{"embeddable":true,"href":"https:\/\/www.mpal.mp.br\/index.php?rest_route=\/wp\/v2\/users\/20"}],"replies":[{"embeddable":true,"href":"https:\/\/www.mpal.mp.br\/index.php?rest_route=%2Fwp%2Fv2%2Fcomments&post=49994"}],"version-history":[{"count":1,"href":"https:\/\/www.mpal.mp.br\/index.php?rest_route=\/wp\/v2\/posts\/49994\/revisions"}],"predecessor-version":[{"id":49997,"href":"https:\/\/www.mpal.mp.br\/index.php?rest_route=\/wp\/v2\/posts\/49994\/revisions\/49997"}],"wp:featuredmedia":[{"embeddable":true,"href":"https:\/\/www.mpal.mp.br\/index.php?rest_route=\/wp\/v2\/media\/49995"}],"wp:attachment":[{"href":"https:\/\/www.mpal.mp.br\/index.php?rest_route=%2Fwp%2Fv2%2Fmedia&parent=49994"}],"wp:term":[{"taxonomy":"category","embeddable":true,"href":"https:\/\/www.mpal.mp.br\/index.php?rest_route=%2Fwp%2Fv2%2Fcategories&post=49994"},{"taxonomy":"post_tag","embeddable":true,"href":"https:\/\/www.mpal.mp.br\/index.php?rest_route=%2Fwp%2Fv2%2Ftags&post=49994"}],"curies":[{"name":"wp","href":"https:\/\/api.w.org\/{rel}","templated":true}]}}