{"id":49911,"date":"2024-11-14T14:08:29","date_gmt":"2024-11-14T17:08:29","guid":{"rendered":"https:\/\/www.mpal.mp.br\/?p=49911"},"modified":"2024-11-14T14:08:29","modified_gmt":"2024-11-14T17:08:29","slug":"porto-calvo-acao-do-ministerio-publico-leva-a-cassacao-de-conselheira-tutelar","status":"publish","type":"post","link":"https:\/\/www.mpal.mp.br\/?p=49911","title":{"rendered":"Porto Calvo: A\u00e7\u00e3o do Minist\u00e9rio P\u00fablico leva \u00e0 cassa\u00e7\u00e3o de conselheira tutelar"},"content":{"rendered":"<p style=\"text-align: justify;\"><span style=\"font-family: helvetica, arial, sans-serif;\">A utiliza\u00e7\u00e3o de influ\u00eancia pol\u00edtica de terceiros para autopromo\u00e7\u00e3o, a atua\u00e7\u00e3o aberta de um parlamentar como cabo eleitoral e a viola\u00e7\u00e3o das normas que regem os candidatos \u00e0 fun\u00e7\u00e3o de conselheiro tutelar, envolvendo poss\u00edveis interesses pessoais futuros, foram alguns dos problemas identificados no caso. As den\u00fancias chegaram \u00e0 1\u00aa Promotoria de Justi\u00e7a de Porto Calvo, foram confirmadas, e o Minist\u00e9rio P\u00fablico de Alagoas (MPAL) prop\u00f4s uma a\u00e7\u00e3o civil p\u00fablica com pedido de liminar para a cassa\u00e7\u00e3o do mandato de conselheira tutelar de Jeane Maria da Silva, eleita com 573 votos no pleito de 1\u00ba de outubro de 2023. O pedido foi deferido pela ju\u00edza L\u00edvia Mattos, que determinou a nomea\u00e7\u00e3o provis\u00f3ria do primeiro suplente, sob pena de multa di\u00e1ria de R$ 10 mil, limitada a R$ 100 mil em caso de descumprimento.<\/span><\/p>\n<p style=\"text-align: justify;\"><span style=\"font-family: helvetica, arial, sans-serif;\">De acordo com a a\u00e7\u00e3o, &#8220;Jeane da Gal&#8221;, como \u00e9 popularmente conhecida na cidade, teria recebido apoio expl\u00edcito nas redes sociais do vereador &#8220;Didi P\u00f3&#8221;, que usou seu perfil no Instagram para pedir votos e, ap\u00f3s o pleito, expressou agradecimentos pela vota\u00e7\u00e3o bem-sucedida.<\/span><\/p>\n<p style=\"text-align: justify;\"><span style=\"font-family: helvetica, arial, sans-serif;\">\u201c\u00c9 totalmente proibida essa conduta, pois os candidatos ao cargo de conselheiro tutelar n\u00e3o podem ter vincula\u00e7\u00e3o pol\u00edtica, nem ser indicados como garantia de apoio futuro a pol\u00edticos. Recebemos v\u00e1rias den\u00fancias, analisamos o perfil do vereador, onde encontramos pedidos expl\u00edcitos de apoio, configurando uma campanha direcionada \u00e0 popula\u00e7\u00e3o para que escolhesse a candidata. O v\u00ednculo entre ambos ficou evidente nas respostas da pr\u00f3pria candidata \u00e0s postagens desse vereador. Consideramos essa a\u00e7\u00e3o uma afronta \u00e0 democracia, e acreditamos que crian\u00e7as e adolescentes devem ser representados por pessoas que comprovem idoneidade moral. Se essa idoneidade n\u00e3o se demonstra no processo eleitoral, preocupa-nos seu exerc\u00edcio durante a fun\u00e7\u00e3o\u201d, afirmou o promotor de Justi\u00e7a e autor da a\u00e7\u00e3o, Paulo Barbosa.<\/span><\/p>\n<p style=\"text-align: justify;\"><span style=\"font-family: helvetica, arial, sans-serif;\">O promotor baseia seu argumento no artigo 133, inciso I, da Lei 8.069\/90, do Estatuto da Crian\u00e7a e do Adolescente (ECA), que exige, entre outros requisitos, idoneidade moral para a candidatura a conselheiro tutelar. Neste caso, ficou comprovada a influ\u00eancia do vereador no resultado das elei\u00e7\u00f5es, o que respaldou o Minist\u00e9rio P\u00fablico no pedido de inidoneidade e cassa\u00e7\u00e3o do mandato de &#8220;Jeane da Gal&#8221;.<\/span><\/p>\n<p style=\"text-align: justify;\"><span style=\"font-family: helvetica, arial, sans-serif;\">Em uma das postagens no Instagram, o vereador exibiu uma &#8220;santinho&#8221; de campanha da candidata com a seguinte mensagem:<\/span><\/p>\n<p style=\"text-align: justify;\"><span style=\"font-family: helvetica, arial, sans-serif;\">\u201cPessoal, domingo agora temos elei\u00e7\u00e3o para conselheiro tutelar, em Porto Calvo tem a conselheira competente, dedicada e guerreira que \u00e9 nossa amiga Jeane do Gal @29jeanesilva com o n\u00famero 06. Nossas crian\u00e7as e juventude bem representada [sic], Vamos votar juntos com essa boa escolha\u201d.<\/span><\/p>\n<p style=\"text-align: justify;\"><span style=\"font-family: helvetica, arial, sans-serif;\">Essas postag<\/span>ens sugerem que o vereador influenciou seus eleitores a apoiarem a conselheira tutelar, contribuindo para a expressiva vota\u00e7\u00e3o que ela obteve.<\/p>\n","protected":false},"excerpt":{"rendered":"<p> [&hellip;]<\/p>\n","protected":false},"author":8,"featured_media":49912,"comment_status":"open","ping_status":"open","sticky":false,"template":"","format":"standard","meta":{"om_disable_all_campaigns":false,"_monsterinsights_skip_tracking":false,"_monsterinsights_sitenote_active":false,"_monsterinsights_sitenote_note":"","_monsterinsights_sitenote_category":0,"_uf_show_specific_survey":0,"_uf_disable_surveys":false,"footnotes":""},"categories":[1],"tags":[],"class_list":["post-49911","post","type-post","status-publish","format-standard","has-post-thumbnail","hentry","category-sem-categoria"],"aioseo_notices":[],"_links":{"self":[{"href":"https:\/\/www.mpal.mp.br\/index.php?rest_route=\/wp\/v2\/posts\/49911","targetHints":{"allow":["GET"]}}],"collection":[{"href":"https:\/\/www.mpal.mp.br\/index.php?rest_route=\/wp\/v2\/posts"}],"about":[{"href":"https:\/\/www.mpal.mp.br\/index.php?rest_route=\/wp\/v2\/types\/post"}],"author":[{"embeddable":true,"href":"https:\/\/www.mpal.mp.br\/index.php?rest_route=\/wp\/v2\/users\/8"}],"replies":[{"embeddable":true,"href":"https:\/\/www.mpal.mp.br\/index.php?rest_route=%2Fwp%2Fv2%2Fcomments&post=49911"}],"version-history":[{"count":1,"href":"https:\/\/www.mpal.mp.br\/index.php?rest_route=\/wp\/v2\/posts\/49911\/revisions"}],"predecessor-version":[{"id":49913,"href":"https:\/\/www.mpal.mp.br\/index.php?rest_route=\/wp\/v2\/posts\/49911\/revisions\/49913"}],"wp:featuredmedia":[{"embeddable":true,"href":"https:\/\/www.mpal.mp.br\/index.php?rest_route=\/wp\/v2\/media\/49912"}],"wp:attachment":[{"href":"https:\/\/www.mpal.mp.br\/index.php?rest_route=%2Fwp%2Fv2%2Fmedia&parent=49911"}],"wp:term":[{"taxonomy":"category","embeddable":true,"href":"https:\/\/www.mpal.mp.br\/index.php?rest_route=%2Fwp%2Fv2%2Fcategories&post=49911"},{"taxonomy":"post_tag","embeddable":true,"href":"https:\/\/www.mpal.mp.br\/index.php?rest_route=%2Fwp%2Fv2%2Ftags&post=49911"}],"curies":[{"name":"wp","href":"https:\/\/api.w.org\/{rel}","templated":true}]}}