{"id":49901,"date":"2024-11-13T17:17:34","date_gmt":"2024-11-13T20:17:34","guid":{"rendered":"https:\/\/www.mpal.mp.br\/?p=49901"},"modified":"2024-11-13T17:18:18","modified_gmt":"2024-11-13T20:18:18","slug":"ministerios-publicos-e-dpe-recomenda-que-prefeitura-de-maceio-faca-adesao-ao-programa-brasil-alfabetizado","status":"publish","type":"post","link":"https:\/\/www.mpal.mp.br\/?p=49901","title":{"rendered":"Minist\u00e9rios P\u00fablicos e DPE recomendam que Prefeitura de Macei\u00f3 fa\u00e7a ades\u00e3o ao Programa Brasil Alfabetizado"},"content":{"rendered":"<p class=\"p1\" style=\"text-align: justify;\"><span class=\"s1\">O Minist\u00e9rio P\u00fablico do Estado de Alagoas (MPAL), a Defensoria P\u00fablica do Estado de Alagoas (DPE) e o Minist\u00e9rio P\u00fablico Federal em Alagoas (MPF) expediram recomenda\u00e7\u00e3o, nesta quarta-feira (13), \u00e0 Prefeitura de Macei\u00f3 para ela atenda ao prazo do Minist\u00e9rio da Educa\u00e7\u00e3o para ades\u00e3o do munic\u00edpio ao Programa Brasil Alfabetizado (PBA) para o ano de 2025.<\/span><\/p>\n<p class=\"p1\" style=\"text-align: justify;\"><span class=\"s1\">O documento, assinado pelos promotores de Justi\u00e7a Alexandra Beurlen e Lucas Sachsida, pelo defensor p\u00fablico Isaac Souto e pelo procurador da Repu\u0301blica em Alagoas Bruno Lamenha Lins, explica que a orienta\u00e7\u00e3o est\u00e1 sendo dada \u00e0 prefeitura em raz\u00e3o das miss\u00f5es constitucionais dos \u00f3rg\u00e3os na defesa dos direitos humanos, notadamente do direito \u00e0 educa\u00e7\u00e3o.<\/span><\/p>\n<p class=\"p1\" style=\"text-align: justify;\"><span class=\"s1\">A recomenda\u00e7\u00e3o foi direcionada ao secret\u00e1rio municipal de Educa\u00e7\u00e3o de Macei\u00f3 no sentindo de que ele atenda, como gestor p\u00fablico, aquele prazo estabelecido pelo Governo Federal, por interm\u00e9dio do Minist\u00e9rio da Educa\u00e7\u00e3o, para ades\u00e3o ao Programa Brasil Alfabetizado <\/span>para o pr\u00f3ximo ano.<\/p>\n<p class=\"p1\" style=\"text-align: justify;\"><span class=\"s1\">Dentre outras coisas, a ades\u00e3o vai chancelar o compromisso do poder p\u00fablico com a universaliza\u00e7\u00e3o da alfabetiza\u00e7\u00e3o de jovens, adultos e idosos, fortalecer as pol\u00edticas p\u00fablicas locais de educa\u00e7\u00e3o de jovens e adultos, apoiar a<\/span><\/p>\n<p class=\"p1\" style=\"text-align: justify;\"><span class=\"s1\">continuidade dos estudos pelos egressos do programa, e fortalecer a <\/span>intersetorialidade e a atua\u00e7\u00e3o em rede das pol\u00edticas p\u00fablicas voltadas para a garantia do direito \u00e0 educa\u00e7\u00e3o.<\/p>\n<p class=\"p1\" style=\"text-align: justify;\"><span class=\"s1\">Participar do programa tamb\u00e9m vai significar o enfrentamento ao analfabetismo, o comprometimento com a forma\u00e7\u00e3o continuada dos <\/span>alfabetizadores, a aquisi\u00e7\u00e3o de material did\u00e1tico espec\u00edfico, e o apoio \u00e0 alimenta\u00e7\u00e3o escolar e ao transporte dos alfabetizandos.<\/p>\n<p class=\"p1\"><strong><span class=\"s1\">Responsabiliza\u00e7\u00e3o <\/span><\/strong><\/p>\n<p class=\"p1\" style=\"text-align: justify;\"><span class=\"s1\">Por fim, a recomenda\u00e7\u00e3o conjunta alerta que a n\u00e3o ades\u00e3o ao PBA, quando o munic\u00edpio se<\/span><\/p>\n<p class=\"p1\" style=\"text-align: justify;\"><span class=\"s1\">enquadra nos crit\u00e9rios priorit\u00e1rios e apresenta grave quadro de analfabetismo, pode caracterizar omiss\u00e3o administrativa pass\u00edvel de responsabiliza\u00e7\u00e3o por <\/span>improbidade administrativa, conforme prev\u00ea o art. 11 da Lei n\u00ba 8.429\/92.<\/p>\n","protected":false},"excerpt":{"rendered":"<p> [&hellip;]<\/p>\n","protected":false},"author":17,"featured_media":44378,"comment_status":"open","ping_status":"open","sticky":false,"template":"","format":"standard","meta":{"om_disable_all_campaigns":false,"_monsterinsights_skip_tracking":false,"_monsterinsights_sitenote_active":false,"_monsterinsights_sitenote_note":"","_monsterinsights_sitenote_category":0,"_uf_show_specific_survey":0,"_uf_disable_surveys":false,"footnotes":""},"categories":[2],"tags":[],"class_list":["post-49901","post","type-post","status-publish","format-standard","has-post-thumbnail","hentry","category-not_mpal"],"aioseo_notices":[],"_links":{"self":[{"href":"https:\/\/www.mpal.mp.br\/index.php?rest_route=\/wp\/v2\/posts\/49901","targetHints":{"allow":["GET"]}}],"collection":[{"href":"https:\/\/www.mpal.mp.br\/index.php?rest_route=\/wp\/v2\/posts"}],"about":[{"href":"https:\/\/www.mpal.mp.br\/index.php?rest_route=\/wp\/v2\/types\/post"}],"author":[{"embeddable":true,"href":"https:\/\/www.mpal.mp.br\/index.php?rest_route=\/wp\/v2\/users\/17"}],"replies":[{"embeddable":true,"href":"https:\/\/www.mpal.mp.br\/index.php?rest_route=%2Fwp%2Fv2%2Fcomments&post=49901"}],"version-history":[{"count":2,"href":"https:\/\/www.mpal.mp.br\/index.php?rest_route=\/wp\/v2\/posts\/49901\/revisions"}],"predecessor-version":[{"id":49903,"href":"https:\/\/www.mpal.mp.br\/index.php?rest_route=\/wp\/v2\/posts\/49901\/revisions\/49903"}],"wp:featuredmedia":[{"embeddable":true,"href":"https:\/\/www.mpal.mp.br\/index.php?rest_route=\/wp\/v2\/media\/44378"}],"wp:attachment":[{"href":"https:\/\/www.mpal.mp.br\/index.php?rest_route=%2Fwp%2Fv2%2Fmedia&parent=49901"}],"wp:term":[{"taxonomy":"category","embeddable":true,"href":"https:\/\/www.mpal.mp.br\/index.php?rest_route=%2Fwp%2Fv2%2Fcategories&post=49901"},{"taxonomy":"post_tag","embeddable":true,"href":"https:\/\/www.mpal.mp.br\/index.php?rest_route=%2Fwp%2Fv2%2Ftags&post=49901"}],"curies":[{"name":"wp","href":"https:\/\/api.w.org\/{rel}","templated":true}]}}