{"id":49824,"date":"2024-11-13T10:57:25","date_gmt":"2024-11-13T13:57:25","guid":{"rendered":"https:\/\/www.mpal.mp.br\/?p=49824"},"modified":"2024-11-13T11:05:41","modified_gmt":"2024-11-13T14:05:41","slug":"ministerio-publico-de-alagoas-adere-a-campanha-de-protecao-a-infancia-primeiros-passos","status":"publish","type":"post","link":"https:\/\/www.mpal.mp.br\/?p=49824","title":{"rendered":"Minist\u00e9rio P\u00fablico de Alagoas adere \u00e0 campanha de prote\u00e7\u00e3o \u00e0 inf\u00e2ncia Primeiros Passos"},"content":{"rendered":"<div class=\"fusion-fullwidth fullwidth-box fusion-builder-row-1 nonhundred-percent-fullwidth non-hundred-percent-height-scrolling\"  style='background-color: #ffffff;background-position: center center;background-repeat: no-repeat;padding-top:0px;padding-right:0px;padding-bottom:0px;padding-left:0px;'><div class=\"fusion-builder-row fusion-row \"><div  class=\"fusion-layout-column fusion_builder_column fusion_builder_column_1_1 fusion-builder-column-1 fusion-one-full fusion-column-first fusion-column-last 1_1\"  style='margin-top:0px;margin-bottom:0px;'>\n\t\t\t\t\t<div class=\"fusion-column-wrapper\" style=\"padding: 0px 0px 0px 0px;background-position:left top;background-repeat:no-repeat;-webkit-background-size:cover;-moz-background-size:cover;-o-background-size:cover;background-size:cover;\"   data-bg-url=\"\">\n\t\t\t\t\t\t<div class=\"fusion-text\"><p align=\"justify\"><span style=\"color: #000000; font-family: helvetica, arial, sans-serif; font-size: 12pt;\">O Minist\u00e9rio P\u00fablico do Estado de Alagoas (MPAL) assinou, nessa ter\u00e7a-feira (12), em Bras\u00edlia, o termo de ades\u00e3o ao projeto Primeiros Passos, uma iniciativa do Conselho Nacional do Minist\u00e9rio P\u00fablico (CNMP) que coloca o tema da primeira inf\u00e2ncia como prioridade absoluta no Minist\u00e9rio P\u00fablico brasileiro. A iniciativa prioriza tr\u00eas eixos de atua\u00e7\u00e3o: a expans\u00e3o das vagas em creches, a implementa\u00e7\u00e3o de servi\u00e7os de fam\u00edlia acolhedora e o enfrentamento da viol\u00eancia infantil.<\/span><\/p>\n<p align=\"justify\"><span style=\"color: #000000; font-family: helvetica, arial, sans-serif; font-size: 12pt;\">As assinaturas ocorreram no bojo do semin\u00e1rio Primeiros Passos, realizado na sede do CNMP, nesses dias 11 e 12 de novembro. O evento trouxe palestras com especialistas na tem\u00e1tica, al\u00e9m de oficinas sobre os tr\u00eas eixos priorit\u00e1rios do projeto, que foi lan\u00e7ado em abril deste ano pelo presidente do Conselho, Paulo Gonet.<\/span><\/p>\n<p align=\"justify\"><span style=\"color: #000000; font-family: helvetica, arial, sans-serif; font-size: 12pt;\">Representando o MP alagoano, o promotor de Justi\u00e7a Lucas Sachsida, coordenador do N\u00facleo da Educa\u00e7\u00e3o do MPAL, esteve presente ao evento, assumindo o compromisso da institui\u00e7\u00e3o na defesa das causas que envolvem o projeto. Al\u00e9m dele, membros de outras 20 unidades ministeriais tamb\u00e9m fizeram a referida ades\u00e3o. <\/span><\/p>\n<p align=\"justify\"><span style=\"color: #000000; font-family: helvetica, arial, sans-serif; font-size: 12pt;\">Ao falar sobre o projeto, o presidente do Conselho, Paulo Gonet, explicou que o seu objetivo maior \u00e9 fomentar o comprometimento das unidades ministeriais como a atua\u00e7\u00e3o institucional resolutiva para implementa\u00e7\u00e3o de pol\u00edticas p\u00fablicas voltadas ao desenvolvimento integral das crian\u00e7as na primeira inf\u00e2ncia: \u201cSomente por uma atua\u00e7\u00e3o conjunta de todo o Minist\u00e9rio P\u00fablico, numa soma de esfor\u00e7os, \u00e9 que ser\u00e1 poss\u00edvel atingir os objetivos tra\u00e7ados na campanha Primeiros Passos, revertendo efetivamente em benef\u00edcio da sociedade todo esse nosso empenho\u201d, enfatizou.<\/span><\/p>\n<p align=\"justify\"><span style=\"font-family: helvetica, arial, sans-serif; font-size: 12pt;\"><span style=\"color: #000000;\">Ao firmar<\/span><span style=\"color: #000000;\">em<\/span><span style=\"color: #000000;\"> o termo de ades\u00e3o, os procuradores-gerais de Justi\u00e7a <\/span><span style=\"color: #000000;\">se <\/span><span style=\"color: #000000;\">comprometeram a acompanhar e fiscalizar a execu\u00e7\u00e3o das atividades objeto da campanha, de forma a garantir a regularidade dos atos praticados e a plena execu\u00e7\u00e3o dos tr\u00eas eixos priorit\u00e1rios. <\/span><span style=\"color: #000000;\">Eles tamb\u00e9m assumiram o compromisso de <\/span><span style=\"color: #000000;\">divulgar materiais da campanha no \u00e2mbito das respectivas unidades; incentivar membros e servidores a participar<\/span><span style=\"color: #000000;\">em<\/span><span style=\"color: #000000;\"> das capacita\u00e7\u00f5es, semin\u00e1rios e oficinas ofertadas pelo CNMP nos temas relativos \u00e0 prote\u00e7\u00e3o da inf\u00e2ncia e a subsidiar a dissemina\u00e7\u00e3o de boas pr\u00e1ticas.<\/span><\/span><\/p>\n<p align=\"justify\"><span style=\"font-family: helvetica, arial, sans-serif; font-size: 12pt;\"><span style=\"color: #000000;\">Fizeram ades\u00e3o ao projeto, <\/span><span style=\"color: #000000;\">o <\/span><span style=\"color: #000000;\">MPAL, <\/span><span style=\"color: #000000;\">MPRO, MPMA, MPMG, MPSE, <\/span><span style=\"color: #000000;\">MPDFT, MPMS, MPAM, MPM, MPES, MPBA, MPGO, MPPE, MPRN, MPPR, MPTO, MPRO, MPCE, MPMT, MPAC e MPT. <\/span><\/span><\/p>\n<p align=\"justify\"><span style=\"color: #000000; font-family: helvetica, arial, sans-serif; font-size: 12pt;\"><b><strong>Dados preocupantes<\/strong><\/b><\/span><\/p>\n<p align=\"justify\"><span style=\"color: #000000; font-family: helvetica, arial, sans-serif; font-size: 12pt;\">De acordo com o levantamento nacional &#8220;Retrato da Educa\u00e7\u00e3o Infantil no Brasil: Acesso e Disponibilidade de Vagas&#8221;, publicado em agosto de 2024, 44% dos munic\u00edpios enfrentam filas por vagas em creches, com 632.763 crian\u00e7as aguardando matr\u00edcula, e 8% das cidades t\u00eam crian\u00e7as fora da pr\u00e9-escola, um dado alarmante em um pa\u00eds onde a educa\u00e7\u00e3o infantil \u00e9 um direito assegurado. Al\u00e9m disso, a exclus\u00e3o \u00e9 ainda mais grave entre crian\u00e7as em situa\u00e7\u00e3o de vulnerabilidade socioecon\u00f4mica, das quais 60% nunca frequentaram creche ou pr\u00e9-escola.<\/span><\/p>\n<p align=\"justify\"><span style=\"color: #000000; font-family: helvetica, arial, sans-serif; font-size: 12pt;\">A pesquisa foi feita pelo Gabinete de Articula\u00e7\u00e3o para a Efetividade da Pol\u00edtica da Educa\u00e7\u00e3o no Brasil (Gaepe-Brasil), o Minist\u00e9rio da Educa\u00e7\u00e3o e outras dez institui\u00e7\u00f5es, entre elas a Associa\u00e7\u00e3o dos Membros dos Tribunais de Contas da Uni\u00e3o (Atricon). Tanto o Gaepe-Brasil quanto a Atricon s\u00e3o parceiros do CNMP por meio de termos de coopera\u00e7\u00e3o t\u00e9cnica para implementa\u00e7\u00e3o de iniciativas com foco na educa\u00e7\u00e3o e na primeira inf\u00e2ncia.<\/span><b><\/b><\/p>\n<p align=\"justify\"><span style=\"color: #000000; font-family: helvetica, arial, sans-serif; font-size: 12pt;\"><b><strong>Diagn\u00f3stico das A\u00e7\u00f5es de Primeira Inf\u00e2ncia<\/strong><\/b><\/span><\/p>\n<p align=\"justify\"><span style=\"color: #000000; font-family: helvetica, arial, sans-serif; font-size: 12pt;\">O Minist\u00e9rio P\u00fablico tem refor\u00e7ado sua atua\u00e7\u00e3o na primeira inf\u00e2ncia por meio do &#8220;Diagn\u00f3stico Primeiros Passos&#8221;, um painel de business intelligence (BI) criado em agosto deste ano. Desenvolvido para monitorar a aplica\u00e7\u00e3o do Marco Legal da Primeira Inf\u00e2ncia (Lei 13.257\/2016), o painel coleta dados sobre a implementa\u00e7\u00e3o de pol\u00edticas e programas voltados \u00e0 educa\u00e7\u00e3o infantil. As informa\u00e7\u00f5es s\u00e3o obtidas por meio de question\u00e1rios respondidos por Procuradorias-Gerais de Justi\u00e7a e membros do MP.<\/span><\/p>\n<p align=\"justify\"><span style=\"color: #000000; font-family: helvetica, arial, sans-serif; font-size: 12pt;\">O diagn\u00f3stico revelou que, nos \u00faltimos tr\u00eas anos, 88% das unidades do Minist\u00e9rio P\u00fablico implementaram programas para melhorar os servi\u00e7os de acolhimento familiar, conforme as Recomenda\u00e7\u00f5es CNMP 82\/21 e Conjunta 02\/24. Al\u00e9m disso, 65% dos MPs desenvolveram a\u00e7\u00f5es para ampliar vagas em creches e garantir o acesso \u00e0 pr\u00e9-escola, sendo que o mesmo percentual disp\u00f5e de equipes multidisciplinares para oferecer suporte t\u00e9cnico nas a\u00e7\u00f5es relacionadas \u00e0 educa\u00e7\u00e3o infantil. <\/span><\/p>\n<p align=\"justify\"><strong><span style=\"color: #000000; font-family: helvetica, arial, sans-serif; font-size: 12pt;\">Sede de Aprender<\/span><\/strong><\/p>\n<p align=\"justify\"><span style=\"color: #000000; font-family: helvetica, arial, sans-serif; font-size: 12pt;\">Ainda durante o evento, o MPAL de Alagoas recebeu o reconhecimento do CNMP em raz\u00e3o da cria\u00e7\u00e3o e execu\u00e7\u00e3o do projeto Sede de Aprender Brasil &#8211; \u00c1gua pot\u00e1vel nas escolas, iniciativa que se tornou um GT do Conselho Nacional para se buscar o fornecimento de \u00e1gua de qualidade em escolas de todo o Brasil. A homenagem foi feita ao promotor Lucas Sachsida, idealizador do projeto.\u00a0<\/span><\/p>\n<\/div><style type=\"text\/css\">.fusion-gallery-1 .fusion-gallery-image {border:0px solid #f6f6f6;-webkit-border-radius:5px;-moz-border-radius:5px;border-radius:5px;}<\/style><div class=\"fusion-gallery fusion-gallery-container fusion-grid-3 fusion-columns-total-0 fusion-gallery-layout-grid fusion-gallery-1\" style=\"margin:-5px;\"><div style=\"padding:5px;\" class=\"fusion-grid-column fusion-gallery-column fusion-gallery-column-3 hover-type-none\"><div class=\"fusion-gallery-image\"><a href=\"https:\/\/www.mpal.mp.br\/wp-content\/uploads\/2024\/11\/WhatsApp-Image-2024-11-12-at-14.39.29.jpeg\" rel=\"noreferrer\" data-rel=\"iLightbox[gallery_image_1]\" class=\"fusion-lightbox\" target=\"_self\"><img loading=\"lazy\" decoding=\"async\" src=\"https:\/\/www.mpal.mp.br\/wp-content\/uploads\/2024\/11\/WhatsApp-Image-2024-11-12-at-14.39.29.jpeg\" width=\"1200\" height=\"1600\" alt=\"\" title=\"WhatsApp Image 2024-11-12 at 14.39.29\" aria-label=\"WhatsApp Image 2024-11-12 at 14.39.29\" class=\"img-responsive wp-image-49818\" \/><\/a><\/div><\/div><div style=\"padding:5px;\" class=\"fusion-grid-column fusion-gallery-column fusion-gallery-column-3 hover-type-none\"><div class=\"fusion-gallery-image\"><a href=\"https:\/\/www.mpal.mp.br\/wp-content\/uploads\/2024\/11\/WhatsApp-Image-2024-11-12-at-14.39.40.jpeg\" rel=\"noreferrer\" data-rel=\"iLightbox[gallery_image_1]\" class=\"fusion-lightbox\" target=\"_self\"><img loading=\"lazy\" decoding=\"async\" src=\"https:\/\/www.mpal.mp.br\/wp-content\/uploads\/2024\/11\/WhatsApp-Image-2024-11-12-at-14.39.40.jpeg\" width=\"1200\" height=\"1600\" alt=\"\" title=\"WhatsApp Image 2024-11-12 at 14.39.40\" aria-label=\"WhatsApp Image 2024-11-12 at 14.39.40\" class=\"img-responsive wp-image-49817\" \/><\/a><\/div><\/div><\/div><div class=\"fusion-clearfix\"><\/div>\n\n\t\t\t\t\t<\/div>\n\t\t\t\t<\/div><\/div><\/div>\n","protected":false},"excerpt":{"rendered":"","protected":false},"author":17,"featured_media":49819,"comment_status":"open","ping_status":"open","sticky":false,"template":"","format":"standard","meta":{"om_disable_all_campaigns":false,"_monsterinsights_skip_tracking":false,"_monsterinsights_sitenote_active":false,"_monsterinsights_sitenote_note":"","_monsterinsights_sitenote_category":0,"_uf_show_specific_survey":0,"_uf_disable_surveys":false,"footnotes":""},"categories":[2],"tags":[],"class_list":["post-49824","post","type-post","status-publish","format-standard","has-post-thumbnail","hentry","category-not_mpal"],"aioseo_notices":[],"_links":{"self":[{"href":"https:\/\/www.mpal.mp.br\/index.php?rest_route=\/wp\/v2\/posts\/49824","targetHints":{"allow":["GET"]}}],"collection":[{"href":"https:\/\/www.mpal.mp.br\/index.php?rest_route=\/wp\/v2\/posts"}],"about":[{"href":"https:\/\/www.mpal.mp.br\/index.php?rest_route=\/wp\/v2\/types\/post"}],"author":[{"embeddable":true,"href":"https:\/\/www.mpal.mp.br\/index.php?rest_route=\/wp\/v2\/users\/17"}],"replies":[{"embeddable":true,"href":"https:\/\/www.mpal.mp.br\/index.php?rest_route=%2Fwp%2Fv2%2Fcomments&post=49824"}],"version-history":[{"count":3,"href":"https:\/\/www.mpal.mp.br\/index.php?rest_route=\/wp\/v2\/posts\/49824\/revisions"}],"predecessor-version":[{"id":49827,"href":"https:\/\/www.mpal.mp.br\/index.php?rest_route=\/wp\/v2\/posts\/49824\/revisions\/49827"}],"wp:featuredmedia":[{"embeddable":true,"href":"https:\/\/www.mpal.mp.br\/index.php?rest_route=\/wp\/v2\/media\/49819"}],"wp:attachment":[{"href":"https:\/\/www.mpal.mp.br\/index.php?rest_route=%2Fwp%2Fv2%2Fmedia&parent=49824"}],"wp:term":[{"taxonomy":"category","embeddable":true,"href":"https:\/\/www.mpal.mp.br\/index.php?rest_route=%2Fwp%2Fv2%2Fcategories&post=49824"},{"taxonomy":"post_tag","embeddable":true,"href":"https:\/\/www.mpal.mp.br\/index.php?rest_route=%2Fwp%2Fv2%2Ftags&post=49824"}],"curies":[{"name":"wp","href":"https:\/\/api.w.org\/{rel}","templated":true}]}}